{"id":7922,"date":"2024-09-28T10:05:07","date_gmt":"2024-09-28T13:05:07","guid":{"rendered":"https:\/\/www.ambito.com\/c6064784"},"modified":"2024-09-28T10:05:07","modified_gmt":"2024-09-28T13:05:07","slug":"boca-diego-martinez-desafecto-a-juan-ramirez-y-no-jugara-contra-belgrano","status":"publish","type":"post","link":"https:\/\/infolanus.com\/index.php\/2024\/09\/28\/boca-diego-martinez-desafecto-a-juan-ramirez-y-no-jugara-contra-belgrano\/","title":{"rendered":"Boca: Diego Mart\u00ednez desafect\u00f3 a Juan Ramirez y no jugar\u00e1 contra Belgrano"},"content":{"rendered":"<div><img data-recalc-dims=\"1\" decoding=\"async\" src=\"https:\/\/i0.wp.com\/media.ambito.com\/p\/1a4d8f464e18060b86c262e9862f810b\/adjuntos\/239\/imagenes\/041\/846\/0041846288\/juan-ramirez-bocajpg.jpg?w=640&#038;ssl=1\" class=\"ff-og-image-inserted\"><\/div>\n<div id>\n<p><strong>El entrenador de Boca, Diego Mart\u00ednez<\/strong>, tom\u00f3 la decisi\u00f3n de apartar a <strong>Juan Ramirez <\/strong>del plantel profesional. No fue convocado y no viaj\u00f3 a <strong>C\u00f3rdoba<\/strong> para jugar el <a href=\"https:\/\/www.ambito.com\/deportes\/que-partidos-se-juegan-este-sabado-la-liga-profesional-n6064783\" target=\"_blank\" rel=\"follow noopener\"><strong>pr\u00f3ximo partido de la Liga Profesional<\/strong><\/a> ante <strong>Belgrano<\/strong>, y todo indica que <strong>no volver\u00e1 a vestir la camiseta azul y amarilla<\/strong>.<\/p>\n<\/div>\n<div id>\n<p>Ramirez <strong>en un principio figuraba en la convocatoria<\/strong>, dentro de una extensa delegaci\u00f3n que present\u00f3 Boca para el viaje, pero poco antes de partir, el DT opt\u00f3 por su ausencia e incluy\u00f3 en su lugar al juvenil <strong>Joaqu\u00edn Ruiz<\/strong>.<\/p>\n<\/div>\n<div id>\n<p>Una lesi\u00f3n muscular ser\u00eda la principal causa de la desafecci\u00f3n del jugador llegado al club en 2021. Sin embargo, versiones oficiales afirman que, tras una charla con Mart\u00ednez, se le inform\u00f3 que <strong>no volver\u00e1 a ser tenido en cuenta por el cuerpo t\u00e9cnico<\/strong>.<\/p>\n<\/div>\n<div id>\n<div contenteditable=\"false\" class=\"embed_cont type_freetext\" rel=\"freetext\" id=\"embed6939_wrap\" data-provider=\"Twitter\" readability=\"24.560655737705\">\n<p>Embed &#8211; https:\/\/publish.twitter.com\/oembed?url=https:\/\/x.com\/BocaJrsOficial\/status\/1839429731449790669&amp;partner=&amp;hide_thread=false<span onclick=\"parent.parent.TinyMCETdcuerpo.preview_embed('embed6939')\" class=\"embed_colapse less\" id=\"embed6939_colapse\"><\/span><span onclick=\"parent.parent.TinyMCETdcuerpo.delete_embed('embed6939')\" class=\"embed_delete less\" id=\"embed6939_delete\"><\/span><\/p>\n<\/p><\/div>\n<p>El club ya hab\u00eda intentado desprenderse de Ramirez en el \u00faltimo mercado de pases, y hab\u00eda empezado a negociar con <strong>Estudiantes de La Plata <\/strong>como principal interesado, pero finalmente la negociaci\u00f3n no lleg\u00f3 a buenos t\u00e9rminos.<\/p>\n<\/div>\n<div id>\n<p>Hubo otros interesados, como <strong>Rosario Central, Talleres de C\u00f3rdoba y Newell\u00b4s Old Boys<\/strong>, pero ninguno fue m\u00e1s all\u00e1 de consultas formales. No obstante, la intenci\u00f3n del club platense fue la m\u00e1s concreta de todas, pero jam\u00e1s hubo una oferta sensata.<\/p>\n<p>El volante de 31 a\u00f1os<strong> tiene contrato con Boca hasta diciembre del 2026<\/strong>, por lo que continuar\u00e1 en el club al menos hasta el mismo mes de este a\u00f1o, sin disputar encuentros oficiales. El pr\u00f3ximo mercado de pases dir\u00e1 si se concreta su salida.<\/p>\n<p>El jugador nunca fue prioridad para Mart\u00ednez. Desde el arribo del entrenador en este 2024, Ramirez solo permaneci\u00f3 en cancha 151 minutos, es decir, jug\u00f3 menos de cuatro partidos. Su paso por Boca no fue de los mejores, y si bien hab\u00eda tenido un buen comienzo, las lesiones y el bajo rendimiento lo dejan fuera de la consideraci\u00f3n.<\/p>\n<\/p><\/div>\n","protected":false},"excerpt":{"rendered":"<p>El entrenador de Boca, Diego Mart\u00ednez, tom\u00f3 la decisi\u00f3n de apartar a Juan Ramirez del plantel profesional. No fue convocado y no viaj\u00f3 a C\u00f3rdoba para jugar el pr\u00f3ximo partido de la Liga Profesional ante Belgrano, y todo indica que no volver\u00e1 a vestir la camiseta azul y amarilla. Ramirez en un principio figuraba en [&hellip;]<\/p>\n","protected":false},"author":2,"featured_media":7923,"comment_status":"closed","ping_status":"closed","sticky":false,"template":"","format":"standard","meta":{"jetpack_post_was_ever_published":false,"_jetpack_newsletter_access":"","_jetpack_dont_email_post_to_subs":false,"_jetpack_newsletter_tier_id":0,"_jetpack_memberships_contains_paywalled_content":false,"_jetpack_memberships_contains_paid_content":false,"footnotes":"","jetpack_publicize_message":"","jetpack_publicize_feature_enabled":true,"jetpack_social_post_already_shared":true,"jetpack_social_options":{"image_generator_settings":{"template":"highway","enabled":false},"version":2}},"categories":[20],"tags":[],"class_list":["post-7922","post","type-post","status-publish","format-standard","has-post-thumbnail","hentry","category-mundo"],"jetpack_publicize_connections":[],"jetpack_featured_media_url":"https:\/\/i0.wp.com\/infolanus.com\/wp-content\/uploads\/2024\/09\/boca-diego-martinez-desafecto-a-juan-ramirez-y-no-jugara-contra-belgrano.jpg?fit=1200%2C675&ssl=1","jetpack_sharing_enabled":true,"jetpack_shortlink":"https:\/\/wp.me\/p9QtMr-23M","_links":{"self":[{"href":"https:\/\/infolanus.com\/index.php\/wp-json\/wp\/v2\/posts\/7922","targetHints":{"allow":["GET"]}}],"collection":[{"href":"https:\/\/infolanus.com\/index.php\/wp-json\/wp\/v2\/posts"}],"about":[{"href":"https:\/\/infolanus.com\/index.php\/wp-json\/wp\/v2\/types\/post"}],"author":[{"embeddable":true,"href":"https:\/\/infolanus.com\/index.php\/wp-json\/wp\/v2\/users\/2"}],"replies":[{"embeddable":true,"href":"https:\/\/infolanus.com\/index.php\/wp-json\/wp\/v2\/comments?post=7922"}],"version-history":[{"count":0,"href":"https:\/\/infolanus.com\/index.php\/wp-json\/wp\/v2\/posts\/7922\/revisions"}],"wp:featuredmedia":[{"embeddable":true,"href":"https:\/\/infolanus.com\/index.php\/wp-json\/wp\/v2\/media\/7923"}],"wp:attachment":[{"href":"https:\/\/infolanus.com\/index.php\/wp-json\/wp\/v2\/media?parent=7922"}],"wp:term":[{"taxonomy":"category","embeddable":true,"href":"https:\/\/infolanus.com\/index.php\/wp-json\/wp\/v2\/categories?post=7922"},{"taxonomy":"post_tag","embeddable":true,"href":"https:\/\/infolanus.com\/index.php\/wp-json\/wp\/v2\/tags?post=7922"}],"curies":[{"name":"wp","href":"https:\/\/api.w.org\/{rel}","templated":true}]}}