{"id":7973,"date":"2024-10-08T14:10:06","date_gmt":"2024-10-08T17:10:06","guid":{"rendered":"https:\/\/infolanus.com\/index.php\/2024\/10\/08\/el-emotivo-mensaje-de-rosario-central-por-la-muerte-del-negro-palma-referente-historico\/"},"modified":"2024-10-08T14:10:06","modified_gmt":"2024-10-08T17:10:06","slug":"el-emotivo-mensaje-de-rosario-central-por-la-muerte-del-negro-palma-referente-historico","status":"publish","type":"post","link":"https:\/\/infolanus.com\/index.php\/2024\/10\/08\/el-emotivo-mensaje-de-rosario-central-por-la-muerte-del-negro-palma-referente-historico\/","title":{"rendered":"El emotivo mensaje de Rosario Central por la muerte del Negro Palma: &#8220;Referente hist\u00f3rico&#8221;"},"content":{"rendered":"<div class=\"media_block\"><\/div>\n<p>El fallecimiento de<strong> <a target=\"_blank\" href=\"https:\/\/442.perfil.com\/noticias\/futbol\/murio-el-negro-palma-a-los-66-anos-idolo-y-emblema-de-rosario-central.phtml\" rel=\"noopener\">Omar Palma<\/a><\/strong> enlut\u00f3 los corazones de toda la hinchada de <strong><a target=\"_blank\" href=\"http:\/\/https:\/\/442.perfil.com\/noticias\/futbol\/central-y-newells-se-sacaran-chispas-en-un-nuevo-clasico-rosarino-horario-tv-y-formaciones.phtml\" rel=\"noopener\">Rosario Central<\/a> <\/strong>y los fan\u00e1ticos&nbsp;del f\u00fatbol. <strong>El club le dijo adi\u00f3s al Negro&nbsp;este martes y el primer mensaje oficial ratific\u00f3 su estatus de \u00eddolo canalla <\/strong>frente al dolor por la p\u00e9rdida de una leyenda auriazul.<\/p>\n<p><strong>El exjugador de 66 a\u00f1os estaba internado en estado cr\u00edtico desde el 30 de septiembre.<\/strong> Voceros de la instituci\u00f3n se encargaron de replicar los partes m\u00e9dicos diarios desde entonces e incluso se llev\u00f3 a cabo un peque\u00f1o homenaje durante el partido de V\u00e9lez, disputado al d\u00eda siguiente de la hospitalizaci\u00f3n.<\/p>\n<p>Justamente, <strong>la \u00faltima aparici\u00f3n p\u00fablica de Palma hab\u00eda sido el s\u00e1bado 28 de septiembre, cuando observ\u00f3 el cl\u00e1sico de la Reserva entre Rosario Central y Newell\u2019s<\/strong> junto a otras glorias del club como Miguel \u00c1ngel Russo y Jos\u00e9 Luis \u201cPuma\u201d Rodr\u00edguez, entre otros.<\/p>\n<h2><strong>El mensaje de despedida de Rosario Central para el&nbsp;Negro Palma<\/strong><\/h2>\n<p>Rosario Central lament\u00f3 \u201cprofundamente\u201d el fallecimiento de Omar Palma y record\u00f3 que era un<strong> \u201ccolaborador de la gesti\u00f3n actual\u201d<\/strong>.<\/p>\n<p>\u201cEl Club Atl\u00e9tico Rosario Central lamenta profundamente el fallecimiento de Omar Palma,<strong> \u00eddolo de nuestra instituci\u00f3n<\/strong>, quien se desempe\u00f1aba como colaborador de la actual gesti\u00f3n\u201d, comenz\u00f3 el mensaje que publicoron en sus redes sociales.<\/p>\n<p>Y cerr\u00f3: \u201cAcompa\u00f1amos en este duro momento a la familia del Negro y a <strong>todo el pueblo canalla que despide a uno de nuestros m\u00e1ximos referentes hist\u00f3ricos<\/strong>\u201d.<\/p>\n<p><img data-recalc-dims=\"1\" decoding=\"async\" alt=\"Posteo Rosario Central \" src=\"https:\/\/i0.wp.com\/fotos.perfil.com\/\/2024\/10\/08\/900\/0\/posteo-rosario-central-1887859.jpg?w=640&#038;ssl=1\" loading=\"lazy\"><\/p>\n<h2><strong>Qui\u00e9n fue&nbsp;Omar &#8220;El Negro&#8221; Palma<\/strong><\/h2>\n<p><strong>Omar Palma es uno de los m\u00e1ximos \u00eddolos de Rosario Central y gan\u00f3 tres t\u00edtulos.<\/strong>&nbsp;Debut\u00f3 en el a\u00f1o 1979 y se consagr\u00f3 campe\u00f3n del Nacional 1980, Campeonato 1986\/1987 y Copa Conmebol 1995.&nbsp; Adem\u00e1s, disput\u00f3 algunos partidos con la camiseta de&nbsp;<strong>Col\u00f3n&nbsp;<\/strong>&nbsp;en 1986, tambi\u00e9n jug\u00f3 en<strong>&nbsp;River&nbsp;<\/strong>entre 1987 y 1989. En el&nbsp;<em>Millonario<\/em><strong>&nbsp;<\/strong>obtuvo la Copa Interamericana de 1987.&nbsp;<\/p>\n<p>Adem\u00e1s con en River dej\u00f3 un gran recuerdo: fue en la fecha 15 del Torneo de Primera Divisi\u00f3n de 1987\/1988, en un supercl\u00e1sico ante Boca en el Monumental. A los tres minutos, Palma fall\u00f3 un penal a favor del Millonario y el Xeneize se puso 2 a 0. Sin embargo, River se recuper\u00f3 y con los goles de Jorge Da Silva, Antonio Alzamendi y<strong>&nbsp;Palma, que se tom\u00f3 revancha, puso el 3 a 2 final, en un partido muy recordado.<\/strong><\/p>\n<p><img data-recalc-dims=\"1\" decoding=\"async\" alt=\"Palma Maradona y Kempes\" src=\"https:\/\/i0.wp.com\/fotos.perfil.com\/\/2024\/10\/08\/900\/0\/palma-maradona-y-kempes-1887653.jpg?w=640&#038;ssl=1\" loading=\"lazy\"><\/p>\n<p>En el extranjero estuvo en&nbsp;<strong>Veracruz de M\u00e9xico<\/strong>, entre 1989 y 1992, y&nbsp;<strong>se retir\u00f3 en 1998 en Rosario Central, club del que es hincha y referente.<\/strong><\/p>\n<p>Luego,&nbsp;<strong>tuvo una etapa como entrenador, tambi\u00e9n en Central<\/strong>. Fue en 2011, cuando el equipo disputaba la B Nacional. All\u00ed dirigi\u00f3 11 partidos con 4 triunfos, 2 empates y 5 derrotas. Adem\u00e1s, se desempe\u00f1\u00f3 como presidente comunal de Ybarlucea entre 2005 y 2009 por el Partido Justicialista.<\/p>\n<p>BP<\/p>\n","protected":false},"excerpt":{"rendered":"<p>El fallecimiento de Omar Palma enlut\u00f3 los corazones de toda la hinchada de Rosario Central y los fan\u00e1ticos&nbsp;del f\u00fatbol. El club le dijo adi\u00f3s al Negro&nbsp;este martes y el primer mensaje oficial ratific\u00f3 su estatus de \u00eddolo canalla frente al dolor por la p\u00e9rdida de una leyenda auriazul. El exjugador de 66 a\u00f1os estaba internado [&hellip;]<\/p>\n","protected":false},"author":2,"featured_media":7974,"comment_status":"closed","ping_status":"closed","sticky":false,"template":"","format":"standard","meta":{"jetpack_post_was_ever_published":false,"_jetpack_newsletter_access":"","_jetpack_dont_email_post_to_subs":false,"_jetpack_newsletter_tier_id":0,"_jetpack_memberships_contains_paywalled_content":false,"_jetpack_memberships_contains_paid_content":false,"footnotes":"","jetpack_publicize_message":"","jetpack_publicize_feature_enabled":true,"jetpack_social_post_already_shared":true,"jetpack_social_options":{"image_generator_settings":{"template":"highway","enabled":false},"version":2}},"categories":[17],"tags":[],"class_list":["post-7973","post","type-post","status-publish","format-standard","has-post-thumbnail","hentry","category-deportes"],"jetpack_publicize_connections":[],"jetpack_featured_media_url":"https:\/\/i0.wp.com\/infolanus.com\/wp-content\/uploads\/2024\/10\/el-emotivo-mensaje-de-rosario-central-por-la-muerte-del-negro-palma-referente-historico.jpg?fit=462%2C548&ssl=1","jetpack_sharing_enabled":true,"jetpack_shortlink":"https:\/\/wp.me\/p9QtMr-24B","_links":{"self":[{"href":"https:\/\/infolanus.com\/index.php\/wp-json\/wp\/v2\/posts\/7973","targetHints":{"allow":["GET"]}}],"collection":[{"href":"https:\/\/infolanus.com\/index.php\/wp-json\/wp\/v2\/posts"}],"about":[{"href":"https:\/\/infolanus.com\/index.php\/wp-json\/wp\/v2\/types\/post"}],"author":[{"embeddable":true,"href":"https:\/\/infolanus.com\/index.php\/wp-json\/wp\/v2\/users\/2"}],"replies":[{"embeddable":true,"href":"https:\/\/infolanus.com\/index.php\/wp-json\/wp\/v2\/comments?post=7973"}],"version-history":[{"count":0,"href":"https:\/\/infolanus.com\/index.php\/wp-json\/wp\/v2\/posts\/7973\/revisions"}],"wp:featuredmedia":[{"embeddable":true,"href":"https:\/\/infolanus.com\/index.php\/wp-json\/wp\/v2\/media\/7974"}],"wp:attachment":[{"href":"https:\/\/infolanus.com\/index.php\/wp-json\/wp\/v2\/media?parent=7973"}],"wp:term":[{"taxonomy":"category","embeddable":true,"href":"https:\/\/infolanus.com\/index.php\/wp-json\/wp\/v2\/categories?post=7973"},{"taxonomy":"post_tag","embeddable":true,"href":"https:\/\/infolanus.com\/index.php\/wp-json\/wp\/v2\/tags?post=7973"}],"curies":[{"name":"wp","href":"https:\/\/api.w.org\/{rel}","templated":true}]}}