{"id":7994,"date":"2024-10-11T14:44:00","date_gmt":"2024-10-11T17:44:00","guid":{"rendered":"https:\/\/www.ambito.com\/c6069608"},"modified":"2024-10-11T14:44:00","modified_gmt":"2024-10-11T17:44:00","slug":"gabriel-rubinstein-acuso-a-javier-milei-de-ser-deshonesto-con-la-inflacion-pero-le-hizo-un-guino-al-gobierno","status":"publish","type":"post","link":"https:\/\/infolanus.com\/index.php\/2024\/10\/11\/gabriel-rubinstein-acuso-a-javier-milei-de-ser-deshonesto-con-la-inflacion-pero-le-hizo-un-guino-al-gobierno\/","title":{"rendered":"Gabriel Rubinstein acus\u00f3 a Javier Milei de ser &#8220;deshonesto&#8221; con la inflaci\u00f3n, pero le hizo un gui\u00f1o al Gobierno"},"content":{"rendered":"<p><!-- { REGION4 --> <\/p>\n<header class=\"news-headline\" readability=\"3.2533875338753\">\n<div class=\"news-headline__topics-and-date-wrapper\"> <span class=\"news-headline__publication-date\"> 11 de octubre 2024 &#8211; 14:44 <\/span><\/div>\n<h2 class=\"news-headline__article-summary\" readability=\"27\">\n<p class=\"ignore-parser\">Para el ex n\u00famero dos de Sergio Massa, es &#8220;pura deshonestidad intelectual&#8221; atribuir a Sergio Massa la inflaci\u00f3n de diciembre de 2023, de 25,5%, cuando fue Javier Milei quien devalu\u00f3 140% el peso.<\/p>\n<\/h2>\n<\/header>\n<div class=\"detail-highlighted-multimedia content-protected-false\">\n<figure class=\"detail-highlighted-multimedia__figure\"> <img data-recalc-dims=\"1\" loading=\"lazy\" decoding=\"async\" src=\"https:\/\/i0.wp.com\/media.ambito.com\/p\/264ca920a77c7c74b4fee1c6607e8722\/adjuntos\/239\/imagenes\/041\/850\/0041850241\/655x368\/smart\/gabriel-rubinsteinjpg.jpg?resize=640%2C360&#038;ssl=1\" class=\"detail-highlighted-multimedia__figure-img img-fluid\" alt=\"Gabriel Rubinstein.\" width=\"640\" height=\"360\"><figcaption class=\"detail-highlighted-multimedia__figcaption\"> <\/figcaption><\/figure>\n<\/p><\/div>\n<article class=\"article-body article-body--first-paragraph content-protected-false\" data-td-script-src=\"https:\/\/www.ambito.com\/td\/modulos\/encuestas\/js\/function-embeds-min-version-1728619608.js\" readability=\"29.071428571429\">\n<p>El ex n\u00famero dos del Ministerio de Econom\u00eda,<strong> Gabriel Rubinstein<\/strong>, se quej\u00f3 de que <strong>la administraci\u00f3n actual le atribuye a su gesti\u00f3n la disparada del 25,5% que marc\u00f3 la inflaci\u00f3n en diciembre <\/strong>pero le gir\u00f3 un elogio a la gesti\u00f3n de Javier Milei por el ajuste fiscal que logr\u00f3 consolidar y <strong><a href=\"https:\/\/www.ambito.com\/economia\/inflacion-octubre-cual-es-la-proyeccion-los-especialistas-el-dato-septiembre-n6069552\" target=\"_blank\" rel=\"follow noopener\">as\u00ed avanzar en una baja de los precios.<\/a><\/strong><\/p>\n<\/article>\n<article class=\"article-body article-body--second-paragraph content-protected-false\" readability=\"36\">\n<p>&#8220;Para m\u00ed es pura deshonestidad intelectual atribuir a Sergio Massa la inflaci\u00f3n de diciembre de 2023, de 25,5%, cuando fue <strong>Javier Milei quien devalu\u00f3 140% (devaluaci\u00f3n + suba del Impuesto PAIS), y quien ven\u00eda diciendo que el peso era excremento y que se iba a dolarizar sin d\u00f3lare<\/strong>s, lo que indujo a muchos a pensar que el d\u00f3lar pod\u00eda irse a $2000 o $3000 (remarcando precios muy exageradamente)&#8221;, coment\u00f3 Rubinstein.<\/p>\n<\/article>\n<section class=\"related-news\"> <span class=\"related-news__title\">Informate m\u00e1s<\/span> <\/p>\n<div class=\"row row--eq-height\">\n<div class=\"col-12 col-md-6\">\n<article class=\"news-article news-article--landscape-news news-article--landscape-news\">\n<figure class=\"news-article__figure figure\"> <a href=\"https:\/\/www.ambito.com\/economia\/inflacion-brecha-cambiaria-y-riesgo-pais-los-datos-que-mejoro-el-gobierno-esta-semana-n6069568\" target title=\"\u00e1mbito.com | Inflaci\u00f3n, brecha cambiaria, y riesgo pa\u00eds: los datos que mejor\u00f3 el Gobierno esta semana\" alt=\"\u00e1mbito.com | Inflaci\u00f3n, brecha cambiaria, y riesgo pa\u00eds: los datos que mejor\u00f3 el Gobierno esta semana\" rel=\"noindex nofollow noreferrer\"> <img loading=\"lazy\" decoding=\"async\" src=\"https:\/\/www.ambito.com\/css-custom\/239\/lazy.svg\" data-td-src-property=\"https:\/\/media.ambito.com\/p\/c5d3d12c93c5bc00b24f67f974fedaf7\/adjuntos\/239\/imagenes\/041\/668\/0041668276\/dolar-reservas-y-riesgo-pais.png\" alt=\"Fue una buena semana para el Gobierno en \u00edndicadores financieros.\" title=\"Fue una buena semana para el Gobierno en \u00edndicadores financieros.\" width=\"93\" height=\"52\" class=\"news-article__figure-img figure-img img-fluid\"> <\/a><\/figure>\n<\/article><\/div>\n<div class=\"col-12 col-md-6\">\n<article class=\"news-article news-article--landscape-news news-article--landscape-news\">\n<figure class=\"news-article__figure figure\"> <a href=\"https:\/\/www.ambito.com\/politica\/esquivamos-misiles-el-gobierno-javier-milei-celebro-la-inflacion-control-otro-veto-y-el-equilibrio-fiscal-n6069512\" target title=\"\u00e1mbito.com | Esquivamos misiles: el Gobierno celebr\u00f3 la inflaci\u00f3n bajo control, otro veto y el equilibrio fiscal&nbsp;\" alt=\"\u00e1mbito.com | Esquivamos misiles: el Gobierno celebr\u00f3 la inflaci\u00f3n bajo control, otro veto y el equilibrio fiscal&nbsp;\" rel=\"noindex nofollow noreferrer\"> <img loading=\"lazy\" decoding=\"async\" src=\"https:\/\/www.ambito.com\/css-custom\/239\/lazy.svg\" data-td-src-property=\"https:\/\/media.ambito.com\/p\/4fc8376f64659f912a25b81cb9a9f7dd\/adjuntos\/239\/imagenes\/041\/869\/0041869889\/milei-caputo-economiajpg.jpg\" alt=\"Satisfecho con la marcha de la econom\u00eda, Milei visit\u00f3 de sorpresa el Palacio de Hacienda.\" title=\"Satisfecho con la marcha de la econom\u00eda, Milei visit\u00f3 de sorpresa el Palacio de Hacienda.\" width=\"93\" height=\"52\" class=\"news-article__figure-img figure-img img-fluid\"> <\/a><\/figure>\n<\/article><\/div>\n<\/div>\n<\/section>\n<article class=\"article-body article-body--third-paragraph content-protected-false\" readability=\"34\">\n<p>Esta descripci\u00f3n fue en respuesta a <strong>una publicaci\u00f3n que comparti\u00f3 el presidente de la C\u00e1mara de Diputados, Mart\u00edn Menem<\/strong>, quien poste\u00f3 un gr\u00e1fico que dec\u00eda \u201cMassa vs. Milei\u201d. &#8220;Eso no le resta a Milei<strong> el enorme m\u00e9rito de haber hecho el gran ajuste fiscal de cinco puntos del PBI desde enero 2024<\/strong>, creando las bases para que la inflaci\u00f3n en alg\u00fan momento pueda ser menor al 10% anual&#8221;, remarc\u00f3 el economista.<\/p>\n<\/article>\n<article class=\"article-body article-body--fourth-paragraph content-protected-false\" readability=\"35\">\n<p>Cabe resaltar que <strong>la inflaci\u00f3n de septiembre fue del 3,5%, su menor nivel desde noviembre de 2021<\/strong>, seg\u00fan inform\u00f3 el Instituto Nacional de Estad\u00edsticas y Censos (INDEC). De esta forma, el \u00cdndice de Precios al Consumidor (IPC) acumul\u00f3 101,6% en lo que va del a\u00f1o y se redujo con fuerza al 209% interanual<strong>.<\/strong><\/p>\n<\/article>\n<article class=\"article-body article-body--remaining-paragraph content-protected-false\"><\/article>\n<p> <!-- REGION4 } --> <\/p>\n","protected":false},"excerpt":{"rendered":"<p>11 de octubre 2024 &#8211; 14:44 Para el ex n\u00famero dos de Sergio Massa, es &#8220;pura deshonestidad intelectual&#8221; atribuir a Sergio Massa la inflaci\u00f3n de diciembre de 2023, de 25,5%, cuando fue Javier Milei quien devalu\u00f3 140% el peso. El ex n\u00famero dos del Ministerio de Econom\u00eda, Gabriel Rubinstein, se quej\u00f3 de que la administraci\u00f3n [&hellip;]<\/p>\n","protected":false},"author":2,"featured_media":7995,"comment_status":"closed","ping_status":"closed","sticky":false,"template":"","format":"standard","meta":{"jetpack_post_was_ever_published":false,"_jetpack_newsletter_access":"","_jetpack_dont_email_post_to_subs":false,"_jetpack_newsletter_tier_id":0,"_jetpack_memberships_contains_paywalled_content":false,"_jetpack_memberships_contains_paid_content":false,"footnotes":"","jetpack_publicize_message":"","jetpack_publicize_feature_enabled":true,"jetpack_social_post_already_shared":true,"jetpack_social_options":{"image_generator_settings":{"template":"highway","enabled":false},"version":2}},"categories":[20],"tags":[],"class_list":["post-7994","post","type-post","status-publish","format-standard","has-post-thumbnail","hentry","category-mundo"],"jetpack_publicize_connections":[],"jetpack_featured_media_url":"https:\/\/i0.wp.com\/infolanus.com\/wp-content\/uploads\/2024\/10\/gabriel-rubinstein-acuso-a-javier-milei-de-ser-deshonesto-con-la-inflacion-pero-le-hizo-un-guino-al-gobierno.jpg?fit=655%2C368&ssl=1","jetpack_sharing_enabled":true,"jetpack_shortlink":"https:\/\/wp.me\/p9QtMr-24W","_links":{"self":[{"href":"https:\/\/infolanus.com\/index.php\/wp-json\/wp\/v2\/posts\/7994","targetHints":{"allow":["GET"]}}],"collection":[{"href":"https:\/\/infolanus.com\/index.php\/wp-json\/wp\/v2\/posts"}],"about":[{"href":"https:\/\/infolanus.com\/index.php\/wp-json\/wp\/v2\/types\/post"}],"author":[{"embeddable":true,"href":"https:\/\/infolanus.com\/index.php\/wp-json\/wp\/v2\/users\/2"}],"replies":[{"embeddable":true,"href":"https:\/\/infolanus.com\/index.php\/wp-json\/wp\/v2\/comments?post=7994"}],"version-history":[{"count":0,"href":"https:\/\/infolanus.com\/index.php\/wp-json\/wp\/v2\/posts\/7994\/revisions"}],"wp:featuredmedia":[{"embeddable":true,"href":"https:\/\/infolanus.com\/index.php\/wp-json\/wp\/v2\/media\/7995"}],"wp:attachment":[{"href":"https:\/\/infolanus.com\/index.php\/wp-json\/wp\/v2\/media?parent=7994"}],"wp:term":[{"taxonomy":"category","embeddable":true,"href":"https:\/\/infolanus.com\/index.php\/wp-json\/wp\/v2\/categories?post=7994"},{"taxonomy":"post_tag","embeddable":true,"href":"https:\/\/infolanus.com\/index.php\/wp-json\/wp\/v2\/tags?post=7994"}],"curies":[{"name":"wp","href":"https:\/\/api.w.org\/{rel}","templated":true}]}}