{"id":8004,"date":"2024-10-13T12:39:00","date_gmt":"2024-10-13T15:39:00","guid":{"rendered":"https:\/\/www.ambito.com\/c6069961"},"modified":"2024-10-13T12:39:00","modified_gmt":"2024-10-13T15:39:00","slug":"jubilaciones-anses-el-gobierno-de-javier-milei-confirmo-un-aumento-para-noviembre-como-queda-la-minima","status":"publish","type":"post","link":"https:\/\/infolanus.com\/index.php\/2024\/10\/13\/jubilaciones-anses-el-gobierno-de-javier-milei-confirmo-un-aumento-para-noviembre-como-queda-la-minima\/","title":{"rendered":"Jubilaciones ANSES: el gobierno de Javier Milei confirm\u00f3 un aumento para noviembre \u00bfc\u00f3mo queda la m\u00ednima?"},"content":{"rendered":"<p><!-- { REGION4 --> <\/p>\n<header class=\"news-headline\" readability=\"2.32421875\">\n<div class=\"news-headline__topics-and-date-wrapper\"> <span class=\"news-headline__publication-date\"> 13 de octubre 2024 &#8211; 12:39 <\/span><\/div>\n<h2 class=\"news-headline__article-summary\" readability=\"25\">\n<p class=\"ignore-parser\">El pr\u00f3ximo mes, el organismo previsional implementar\u00e1 un nuevo cronograma de pagos que incluye un incremento en los haberes de jubilados y pensionados. Adem\u00e1s hay subas para los beneficiarios de otras prestaciones.<\/p>\n<\/h2>\n<\/header>\n<div class=\"detail-highlighted-multimedia content-protected-false\">\n<figure class=\"detail-highlighted-multimedia__figure\" readability=\"-22.5\"> <img data-recalc-dims=\"1\" loading=\"lazy\" decoding=\"async\" src=\"https:\/\/i0.wp.com\/media.ambito.com\/p\/71935f7c9607b7d608b38a05477eade2\/adjuntos\/239\/imagenes\/041\/837\/0041837025\/655x368\/smart\/jubilados-y-pensionados-ips.png?resize=640%2C360&#038;ssl=1\" class=\"detail-highlighted-multimedia__figure-img img-fluid\" alt=\"El aumento del 3,5% se basa en el \u00cdndice de Precios al Consumidor (IPC) del Instituto Nacional de Estad\u00edsticas y Censos (Indec), aplicado para mantener el poder adquisitivo de los beneficiarios.\" width=\"640\" height=\"360\"><figcaption class=\"detail-highlighted-multimedia__figcaption\" readability=\"-20\">\n<p> El aumento del 3,5% se basa en el \u00cdndice de Precios al Consumidor (IPC) del Instituto Nacional de Estad\u00edsticas y Censos (Indec), aplicado para mantener el poder adquisitivo de los beneficiarios.<\/p>\n<\/figcaption><\/figure>\n<\/div>\n<article class=\"article-body article-body--first-paragraph content-protected-false\" data-td-script-src=\"https:\/\/www.ambito.com\/td\/modulos\/encuestas\/js\/function-embeds-min-version-1728792435.js\" readability=\"26.624078624079\">\n<p>La<strong> <a href=\"https:\/\/www.ambito.com\/informacion-general\/alerta-anses-el-gobierno-javier-milei-decidio-que-esto-pasara-tu-prestacion-si-estas-mas-90-dias-afuera-del-pais-n6068754\" target=\"_blank\" rel=\"follow noopener\">Administraci\u00f3n Nacional de la Seguridad Social (ANSES)<\/a><\/strong> tiene previsto aumentar las <strong>jubilaciones, pensiones<\/strong> y <strong>asignaciones<\/strong> durante <strong>noviembre de 2024.<\/strong> Los beneficiarios recibir\u00e1n un incremento del <strong>3,5%<\/strong> en sus haberes, en l\u00ednea con el <a href=\"https:\/\/www.ambito.com\/indec-inflacion-septiembre\" target=\"_blank\" rel=\"follow noopener\">\u00edndice de <strong>inflaci\u00f3n<\/strong><\/a> registrado en septiembre. Mientras tanto, el organismo seguir\u00e1 abonando la <a href=\"https:\/\/www.ambito.com\/informacion-general\/jubilaciones-anses-asi-queda-el-monto-minimo-y-maximo-octubre-2024-n6068740\" target=\"_blank\" rel=\"follow noopener\">m\u00ednima con valores de octubre<\/a>: $244.320,56, m\u00e1s los $70.000 del bono.<\/p>\n<\/article>\n<article class=\"article-body article-body--second-paragraph content-protected-false\" readability=\"33\">\n<p>Con este incremento, se actualizar\u00e1n los montos <strong>m\u00ednimos<\/strong> y <strong>m\u00e1ximos<\/strong> de las <strong>jubilaciones<\/strong> y <strong>pensiones,<\/strong> lo que tiene un impacto significativo en el poder adquisitivo de los beneficiarios. Este ajuste es fundamental para asegurar que los ingresos de los <strong>jubilados<\/strong> se mantengan en relaci\u00f3n con el <strong>costo de vida,<\/strong> brindando un soporte esencial a quienes dependen de estos ingresos.<\/p>\n<\/article>\n<section class=\"related-news\"> <span class=\"related-news__title\">Informate m\u00e1s<\/span> <\/p>\n<div class=\"row row--eq-height\">\n<div class=\"col-12 col-md-6\">\n<article class=\"news-article news-article--landscape-news news-article--landscape-news\">\n<figure class=\"news-article__figure figure\"> <a href=\"https:\/\/www.ambito.com\/informacion-general\/atencion-jubilados-quienes-cobran-un-extra-anses-octubre-2024-n6069171\" target title=\"\u00e1mbito.com | \u00a1Atenci\u00f3n jubilados! Qui\u00e9nes cobran un extra de ANSES en octubre 2024\" alt=\"\u00e1mbito.com | \u00a1Atenci\u00f3n jubilados! Qui\u00e9nes cobran un extra de ANSES en octubre 2024\" rel=\"noindex nofollow noreferrer\"> <img loading=\"lazy\" decoding=\"async\" src=\"https:\/\/www.ambito.com\/css-custom\/239\/lazy.svg\" data-td-src-property=\"https:\/\/media.ambito.com\/p\/e543f421710b5f2da01ae2b46c726045\/adjuntos\/239\/imagenes\/041\/862\/0041862316\/93x52\/smart\/jubilados-y-pensionados.avif\" alt=\"Los jubilados recibir\u00e1n un extra en sus haberes en el m es de octubre.\" title=\"Los jubilados recibir\u00e1n un extra en sus haberes en el m es de octubre.\" width=\"93\" height=\"52\" class=\"news-article__figure-img figure-img img-fluid\"> <\/a><\/figure>\n<\/article><\/div>\n<div class=\"col-12 col-md-6\">\n<article class=\"news-article news-article--landscape-news news-article--landscape-news\">\n<figure class=\"news-article__figure figure\"> <a href=\"https:\/\/www.ambito.com\/informacion-general\/el-ips-difundio-el-calendario-pagos-octubre-jubilados-y-pensionados-la-provincia-buenos-aires-n6069210\" target title=\"\u00e1mbito.com | El IPS difundi\u00f3 el calendario de pagos de octubre para jubilados y pensionados de la Provincia de Buenos Aires\" alt=\"\u00e1mbito.com | El IPS difundi\u00f3 el calendario de pagos de octubre para jubilados y pensionados de la Provincia de Buenos Aires\" rel=\"noindex nofollow noreferrer\"> <img loading=\"lazy\" decoding=\"async\" src=\"https:\/\/www.ambito.com\/css-custom\/239\/lazy.svg\" data-td-src-property=\"https:\/\/media.ambito.com\/p\/0ac8e517949957cfb9bbea305ca7ec13\/adjuntos\/239\/imagenes\/041\/876\/0041876766\/93x52\/smart\/ips.jpg\" alt=\"Instituto de Previsi\u00f3n Social de la Provincia de Buenos Aires.\" title=\"Instituto de Previsi\u00f3n Social de la Provincia de Buenos Aires.\" width=\"93\" height=\"52\" class=\"news-article__figure-img figure-img img-fluid\"> <\/a><\/figure>\n<\/article><\/div>\n<\/div>\n<\/section>\n<article class=\"article-body article-body--third-paragraph content-protected-false\" readability=\"30\">\n<h2>ANSES: de cu\u00e1nto es el aumento en las jubilaciones para noviembre 2024<\/h2>\n<p>Con el aumento del <strong>3,5%<\/strong> establecido para <strong>noviembre<\/strong> de <strong>2024,<\/strong> las prestaciones de jubilados y pensionados se han ajustado de la siguiente manera:<\/p>\n<\/article>\n<article class=\"article-body article-body--fourth-paragraph content-protected-false\" readability=\"32\">\n<ul>\n<li><strong>Jubilaci\u00f3n m\u00ednima<\/strong>: asciende a <strong>$252.871,77<\/strong>, con un bono extraordinario de <strong>$70.000<\/strong>, totalizando <strong>$322.871,77<\/strong>.<\/li>\n<li><strong>Jubilaci\u00f3n m\u00e1xima<\/strong>: se eleva a <strong>$1.701.587,68<\/strong>.<\/li>\n<li><strong>Pensi\u00f3n Universal para el Adulto Mayor (PUAM)<\/strong>: equivale al 80% de la jubilaci\u00f3n m\u00ednima, situ\u00e1ndose en <strong>$202.297,41<\/strong>, m\u00e1s el bono de <strong>$70.000<\/strong>, alcanzando <strong>$272.297,41<\/strong>.<\/li>\n<li><strong>Pensiones No Contributivas (PNC)<\/strong> por Invalidez y Vejez: se ubican en <strong>$177.010,24<\/strong>, con la misma bonificaci\u00f3n, totalizando <strong>$247.010,24<\/strong>.<\/li>\n<\/ul>\n<p>Este bono de <strong>$70.000<\/strong> continuar\u00e1 entreg\u00e1ndose en octubre para quienes perciban una prestaci\u00f3n igual o menor al haber m\u00ednimo. Adem\u00e1s, los jubilados y pensionados que cobren un monto superior a la m\u00ednima recibir\u00e1n un bono proporcional, hasta alcanzar un tope de <strong>$322.871,77<\/strong>.<\/p>\n<\/article>\n<article class=\"article-body article-body--remaining-paragraph content-protected-false\" readability=\"36\">\n<div contenteditable=\"false\" class=\"embed_cont type_imagen\" id=\"7897574-Libre-362216477_wrap\" readability=\"7\">\n<p>jubilados-anses-pensionados-jubilaciones.jpg <span onclick=\"parent.parent.TinyMCETdcuerpo.preview_embed('7897574-Libre-362216477')\" class=\"embed_colapse less\" id=\"7897574-Libre-362216477_colapse\"><\/span> <span onclick=\"parent.parent.TinyMCETdcuerpo.delete_embed('7897574-Libre-362216477')\" class=\"embed_delete less\" id=\"7897574-Libre-362216477_delete\"><\/span><\/p>\n<div id=\"7897574-Libre-362216477_content\" class=\"embed_content\"><img loading=\"lazy\" decoding=\"async\" src=\"https:\/\/www.ambito.com\/css-custom\/239\/lazy.svg\" data-td-src-property=\"https:\/\/media.ambito.com\/p\/a267798e5573d85b8999c1d2a540a4cc\/adjuntos\/239\/imagenes\/041\/296\/0041296098\/jubilados-anses-pensionados-jubilacionesjpg.jpg\" alt title width=\"690\" height=\"460\" id=\"7897574-Libre-362216477_embed\"><\/div>\n<p>Depositphotos<\/p>\n<\/div>\n<h2>Calendario de pagos de ANSES: cu\u00e1ndo cobro la jubilaci\u00f3n en octubre 2024<\/h2>\n<p>Mientras tanto, ANSES contin\u00faa con el cronograma de pagos para jubilados y pensionados en octubre, el cual se organiza seg\u00fan la terminaci\u00f3n del DNI y el monto de la prestaci\u00f3n. Las fechas para este mes son las siguientes:<\/p>\n<p><strong>Jubilaciones y pensiones que no superan un haber m\u00ednimo<\/strong>:<\/p>\n<ul>\n<li>DNI terminados en 0: 8 de octubre<\/li>\n<li>DNI terminados en 1: 9 de octubre<\/li>\n<li>DNI terminados en 2: 10 de octubre<\/li>\n<li>DNI terminados en 3: 14 de octubre<\/li>\n<li>DNI terminados en 4: 15 de octubre<\/li>\n<li>DNI terminados en 5: 16 de octubre<\/li>\n<li>DNI terminados en 6: 17 de octubre<\/li>\n<li>DNI terminados en 7: 18 de octubre<\/li>\n<li>DNI terminados en 8: 21 de octubre<\/li>\n<li>DNI terminados en 9: 22 de octubre<\/li>\n<\/ul>\n<p><strong> Jubilaciones y pensiones que superan un haber m\u00ednimo<\/strong>:<\/p>\n<ul>\n<li>DNI terminados en 0 y 1: 23 de octubre<\/li>\n<li>DNI terminados en 2 y 3: 24 de octubre<\/li>\n<li>DNI terminados en 4 y 5: 25 de octubre<\/li>\n<li>DNI terminados en 6 y 7: 28 de octubre<\/li>\n<li>DNI terminados en 8 y 9: 29 de octubre<\/li>\n<\/ul>\n<\/article>\n<p> <!-- REGION4 } --> <\/p>\n","protected":false},"excerpt":{"rendered":"<p>13 de octubre 2024 &#8211; 12:39 El pr\u00f3ximo mes, el organismo previsional implementar\u00e1 un nuevo cronograma de pagos que incluye un incremento en los haberes de jubilados y pensionados. Adem\u00e1s hay subas para los beneficiarios de otras prestaciones. El aumento del 3,5% se basa en el \u00cdndice de Precios al Consumidor (IPC) del Instituto Nacional [&hellip;]<\/p>\n","protected":false},"author":2,"featured_media":8005,"comment_status":"closed","ping_status":"closed","sticky":false,"template":"","format":"standard","meta":{"jetpack_post_was_ever_published":false,"_jetpack_newsletter_access":"","_jetpack_dont_email_post_to_subs":false,"_jetpack_newsletter_tier_id":0,"_jetpack_memberships_contains_paywalled_content":false,"_jetpack_memberships_contains_paid_content":false,"footnotes":"","jetpack_publicize_message":"","jetpack_publicize_feature_enabled":true,"jetpack_social_post_already_shared":true,"jetpack_social_options":{"image_generator_settings":{"template":"highway","enabled":false},"version":2}},"categories":[20],"tags":[],"class_list":["post-8004","post","type-post","status-publish","format-standard","has-post-thumbnail","hentry","category-mundo"],"jetpack_publicize_connections":[],"jetpack_featured_media_url":"https:\/\/i0.wp.com\/infolanus.com\/wp-content\/uploads\/2024\/10\/jubilaciones-anses-el-gobierno-de-javier-milei-confirmo-un-aumento-para-noviembre-como-queda-la-minima.png?fit=655%2C368&ssl=1","jetpack_sharing_enabled":true,"jetpack_shortlink":"https:\/\/wp.me\/p9QtMr-256","_links":{"self":[{"href":"https:\/\/infolanus.com\/index.php\/wp-json\/wp\/v2\/posts\/8004","targetHints":{"allow":["GET"]}}],"collection":[{"href":"https:\/\/infolanus.com\/index.php\/wp-json\/wp\/v2\/posts"}],"about":[{"href":"https:\/\/infolanus.com\/index.php\/wp-json\/wp\/v2\/types\/post"}],"author":[{"embeddable":true,"href":"https:\/\/infolanus.com\/index.php\/wp-json\/wp\/v2\/users\/2"}],"replies":[{"embeddable":true,"href":"https:\/\/infolanus.com\/index.php\/wp-json\/wp\/v2\/comments?post=8004"}],"version-history":[{"count":0,"href":"https:\/\/infolanus.com\/index.php\/wp-json\/wp\/v2\/posts\/8004\/revisions"}],"wp:featuredmedia":[{"embeddable":true,"href":"https:\/\/infolanus.com\/index.php\/wp-json\/wp\/v2\/media\/8005"}],"wp:attachment":[{"href":"https:\/\/infolanus.com\/index.php\/wp-json\/wp\/v2\/media?parent=8004"}],"wp:term":[{"taxonomy":"category","embeddable":true,"href":"https:\/\/infolanus.com\/index.php\/wp-json\/wp\/v2\/categories?post=8004"},{"taxonomy":"post_tag","embeddable":true,"href":"https:\/\/infolanus.com\/index.php\/wp-json\/wp\/v2\/tags?post=8004"}],"curies":[{"name":"wp","href":"https:\/\/api.w.org\/{rel}","templated":true}]}}