{"id":8078,"date":"2024-10-27T15:20:14","date_gmt":"2024-10-27T18:20:14","guid":{"rendered":"https:\/\/infolanus.com\/index.php\/2024\/10\/27\/la-barra-de-palmeiras-incendio-un-micro-de-hinchas-del-cruzeiro-en-la-ruta-hay-un-muerto\/"},"modified":"2024-10-27T15:20:14","modified_gmt":"2024-10-27T18:20:14","slug":"la-barra-de-palmeiras-incendio-un-micro-de-hinchas-del-cruzeiro-en-la-ruta-hay-un-muerto","status":"publish","type":"post","link":"https:\/\/infolanus.com\/index.php\/2024\/10\/27\/la-barra-de-palmeiras-incendio-un-micro-de-hinchas-del-cruzeiro-en-la-ruta-hay-un-muerto\/","title":{"rendered":"La barra de Palmeiras incendi\u00f3 un micro de hinchas del Cruzeiro en la ruta: hay un muerto"},"content":{"rendered":"<div class=\"media_block\"><\/div>\n<div><img data-recalc-dims=\"1\" decoding=\"async\" src=\"https:\/\/i0.wp.com\/fotos.perfil.com\/2024\/10\/27\/trim\/1140\/641\/incendiaron-un-micro-de-hinchas-de-cruzeiro-1899366.jpg?w=640&#038;ssl=1\" class=\"ff-og-image-inserted\"><\/div>\n<p>Luego de sus respectivos partidos por la fecha 31 del <strong>Brasileirao<\/strong>, se regristraron graves incidentes entre los barras del <a target=\"_blank\" href=\"https:\/\/442.perfil.com\/noticias\/futbol\/el-repudiable-gesto-racista-de-un-hincha-de-san-lorenzo-durante-el-partido-ante-palmeiras.phtml\" rel=\"noopener\"><strong>Palmeiras<\/strong><\/a> y el<strong> <a target=\"_blank\" href=\"http:\/\/https:\/\/442.perfil.com\/noticias\/futbol\/lanus-se-juega-todo-en-el-proximo-partido-cuando-se-disputara-la-vuelta-de-las-semifinales-la-copa-sudamericana.phtml\" rel=\"noopener\">Cruzeiro<\/a>.<\/strong><\/p>\n<p>Durante la madrugada del domingo, integrantes de<strong> \u201cMancha Alviverde\u201d <\/strong>barra principal del <em>Verdao<\/em>&nbsp;<strong>emboscaron a un \u00f3mnibus en el que se encontraban miembros de \u201cM\u00e1fia Azul\u201d<\/strong>, quienes retornaban de ver al Cruzeiro ante Athletico Parananese en Curitiba.<\/p>\n<p>En la ciudad paulista de Maripor\u00e1, el m\u00f3vil fue interceptado e incendiado y<strong> los hinchas azules fueron golpeados con barras de hierro y armas de fuego<\/strong>, con nueve simpatizantes quedando gravemente heridos y otro<strong> <\/strong>falleciendo en el incendio.<\/p>\n<p>Seg\u00fan inform\u00f3&nbsp;el medio local <em>Itaiaia<\/em>, el fan\u00e1tico de Cruzeiro identificado como <strong>Jos\u00e9 Victor dos Santos Miranda<\/strong>, de 30 a\u00f1os, e integrante de \u201cM\u00e1fia Azul de Sete Lagoas\u201d,<strong> falleci\u00f3 carbonizado en el ataque<\/strong>.<\/p>\n<p>A su vez, <strong>siete aficionados fueron hospitalizados con traumatismo craneoencef\u00e1lico y otros dos recibieron disparos.<\/strong><\/p>\n<h2><strong>Cruzeiro y Palmeiras repudiaron los hechos de violencia<\/strong><\/h2>\n<p>El elenco de Belo Horizonte expres\u00f3: \u201cCruzeiro lamenta profundamente otro episodio de violencia entre aficionados, esta vez durante la madrugada, en la carretera Fern\u00e3o Dias, que culmin\u00f3 con la muerte de un aficionado del Cruzeiro y varios heridos. <strong>Ya no hay lugar para la violencia en el f\u00fatbol, \u200b\u200bun deporte que une pasiones y multitudes. Necesitamos poner fin a estos actos criminales<\/strong>\u201d.<\/p>\n<p>En el mismo tono, el conjunto de Sao Paulo apunt\u00f3: \u201cLa Sociedad Deportiva Palmeiras repudia las escenas de violencia ocurridas en Rodovia Fern\u00e3o Dias, este domingo por la ma\u00f1ana. <strong>El f\u00fatbol no puede servir de escenario para peleas y muertes. <\/strong>Que los hechos sean debidamente investigados por las autoridades competentes y los delincuentes castigados rigurosamente&#8221;.<\/p>\n<p>BP<\/p>\n<p> <!-- tags --> <\/p>\n","protected":false},"excerpt":{"rendered":"<p>Luego de sus respectivos partidos por la fecha 31 del Brasileirao, se regristraron graves incidentes entre los barras del Palmeiras y el Cruzeiro. Durante la madrugada del domingo, integrantes de \u201cMancha Alviverde\u201d barra principal del Verdao&nbsp;emboscaron a un \u00f3mnibus en el que se encontraban miembros de \u201cM\u00e1fia Azul\u201d, quienes retornaban de ver al Cruzeiro ante [&hellip;]<\/p>\n","protected":false},"author":2,"featured_media":8079,"comment_status":"closed","ping_status":"closed","sticky":false,"template":"","format":"standard","meta":{"jetpack_post_was_ever_published":false,"_jetpack_newsletter_access":"","_jetpack_dont_email_post_to_subs":false,"_jetpack_newsletter_tier_id":0,"_jetpack_memberships_contains_paywalled_content":false,"_jetpack_memberships_contains_paid_content":false,"footnotes":"","jetpack_publicize_message":"","jetpack_publicize_feature_enabled":true,"jetpack_social_post_already_shared":true,"jetpack_social_options":{"image_generator_settings":{"template":"highway","enabled":false},"version":2}},"categories":[17],"tags":[],"class_list":["post-8078","post","type-post","status-publish","format-standard","has-post-thumbnail","hentry","category-deportes"],"jetpack_publicize_connections":[],"jetpack_featured_media_url":"https:\/\/i0.wp.com\/infolanus.com\/wp-content\/uploads\/2024\/10\/la-barra-de-palmeiras-incendio-un-micro-de-hinchas-del-cruzeiro-en-la-ruta-hay-un-muerto.jpg?fit=1140%2C641&ssl=1","jetpack_sharing_enabled":true,"jetpack_shortlink":"https:\/\/wp.me\/p9QtMr-26i","_links":{"self":[{"href":"https:\/\/infolanus.com\/index.php\/wp-json\/wp\/v2\/posts\/8078","targetHints":{"allow":["GET"]}}],"collection":[{"href":"https:\/\/infolanus.com\/index.php\/wp-json\/wp\/v2\/posts"}],"about":[{"href":"https:\/\/infolanus.com\/index.php\/wp-json\/wp\/v2\/types\/post"}],"author":[{"embeddable":true,"href":"https:\/\/infolanus.com\/index.php\/wp-json\/wp\/v2\/users\/2"}],"replies":[{"embeddable":true,"href":"https:\/\/infolanus.com\/index.php\/wp-json\/wp\/v2\/comments?post=8078"}],"version-history":[{"count":0,"href":"https:\/\/infolanus.com\/index.php\/wp-json\/wp\/v2\/posts\/8078\/revisions"}],"wp:featuredmedia":[{"embeddable":true,"href":"https:\/\/infolanus.com\/index.php\/wp-json\/wp\/v2\/media\/8079"}],"wp:attachment":[{"href":"https:\/\/infolanus.com\/index.php\/wp-json\/wp\/v2\/media?parent=8078"}],"wp:term":[{"taxonomy":"category","embeddable":true,"href":"https:\/\/infolanus.com\/index.php\/wp-json\/wp\/v2\/categories?post=8078"},{"taxonomy":"post_tag","embeddable":true,"href":"https:\/\/infolanus.com\/index.php\/wp-json\/wp\/v2\/tags?post=8078"}],"curies":[{"name":"wp","href":"https:\/\/api.w.org\/{rel}","templated":true}]}}