{"id":809,"date":"2018-09-21T10:33:13","date_gmt":"2018-09-21T13:33:13","guid":{"rendered":"http:\/\/infolanus.com\/?p=809"},"modified":"2018-09-21T10:33:30","modified_gmt":"2018-09-21T13:33:30","slug":"quien-es-la-nueva-joya-de-lanus","status":"publish","type":"post","link":"https:\/\/infolanus.com\/index.php\/2018\/09\/21\/quien-es-la-nueva-joya-de-lanus\/","title":{"rendered":"\u00bfQui\u00e9n es la nueva joya de Lan\u00fas?"},"content":{"rendered":"<p>Pedro De la Vega vivi\u00f3 este domingo un d\u00eda que jam\u00e1s olvidar\u00e1: a sus 17 a\u00f1os y nueve meses, el mediapunta debut\u00f3 con la camiseta de Lan\u00fas. Fue todo r\u00e1pido para \u00e9l: hace unas semanas estaba tirando paredes con sus compa\u00f1eros de Sexta, donde se destac\u00f3 a tal punto de llamar la atenci\u00f3n de Zubeld\u00eda, quien en su regreso a la instituci\u00f3n del Sur del Gran Buenos Aires no titube\u00f3 en ponerlo entre el XI titular.<\/p>\n<p>En su primer pu\u00f1ado de minutos en la Superliga mostr\u00f3 personalidad. Pero no para pegar una patada o pechear a un rival, sino que para pedir la pelota y mirar al arco rival sin temores. <strong>&#8220;Me voy feliz por el debut. Pas\u00f3 todo r\u00e1pido y no me imaginaba todo esto que me est\u00e1 pasando, pero tambi\u00e9n tengo algo de tristeza por el resultado&#8221;<\/strong>, resumi\u00f3 la \u00faltima perla de la cantera del Granate, que todav\u00eda duerme en la pensi\u00f3n de Lan\u00fas, bajo una de las tribunas del N\u00e9stor D\u00edaz P\u00e9rez.<\/p>\n<p>El juvenil naci\u00f3 en Olavarr\u00eda en diciembre del 2000. Atrevido con la pelota, tuvo una chance clara con un dribling de izquierda al centro que termin\u00f3 con un derechazo al segundo palo: atajad\u00f3n de Arias. <strong>&#8220;Fue linda jugada pero podr\u00eda haber entrado&#8221;<\/strong>, brome\u00f3 De la Vega, que se destac\u00f3 durante todas las inferiores del Granate. De hecho, el a\u00f1o pasado recibi\u00f3 una distinci\u00f3n especial por parte de la AFA por ser uno de los jugadores m\u00e1s destacados de las Juveniles.<\/p>\n<p>Su primera incursi\u00f3n en el f\u00fatbol de elite argentino termin\u00f3 con un sabor agridulce. Justo en la previa al gol de Racing -de aqu\u00ed yace el pol\u00e9mica de no haber tirado la pelota afuera- se esguinz\u00f3 el tobillo derecho, por lo que tendr\u00e1 algunas semanas para recuperarse. \u00bfC\u00f3mo lleg\u00f3 a Lan\u00fas? Procedente de Ferro, club de su ciudad. Durante su per\u00edodo de Infantiles jug\u00f3 para River: por alguna u otra raz\u00f3n, no pudo fichar por lo que comenz\u00f3 a sumar minutos en la divisi\u00f3n Metro, una especial de liga paralela a la de AFA.<\/p>\n<p>Los hinchas del Grana ya lo apadrinaron y le regalaron sus primeros aplausos en Arias y Guidi. R\u00e1pidamente, sus fotos con la camiseta de Lan\u00fas comenzaron a circular en las redes sociales: festejando un t\u00edtulo con Lautaro Acosta, gritando los goles del Granate ante San Lorenzo en el Monumental \u00a1y hasta siendo parte del festejo de un gol hist\u00f3rico contra Banfield! \u00bfC\u00f3mo? S\u00ed, tal como lees: en aquel enorme tanto de Miguel Almir\u00f3n contra el Taladro -la pic\u00f3 para el 2 a 0-, el alcanzapelotas que se abraza con el paraguayo es De la Vega. Y un detalle m\u00e1s: si bien ya firm\u00f3 contrato con Lan\u00fas, a\u00fan no tiene representante&#8230;<\/p>\n","protected":false},"excerpt":{"rendered":"<p>Pedro De la Vega vivi\u00f3 este domingo un d\u00eda que jam\u00e1s olvidar\u00e1: a sus 17 a\u00f1os y nueve meses, el mediapunta debut\u00f3 con la camiseta de Lan\u00fas. Fue todo r\u00e1pido para \u00e9l: hace unas semanas estaba tirando paredes con sus compa\u00f1eros de Sexta, donde se destac\u00f3 a tal punto de llamar la atenci\u00f3n de Zubeld\u00eda, [&hellip;]<\/p>\n","protected":false},"author":2,"featured_media":810,"comment_status":"open","ping_status":"open","sticky":false,"template":"","format":"standard","meta":{"jetpack_post_was_ever_published":false,"_jetpack_newsletter_access":"","_jetpack_dont_email_post_to_subs":false,"_jetpack_newsletter_tier_id":0,"_jetpack_memberships_contains_paywalled_content":false,"_jetpack_memberships_contains_paid_content":false,"footnotes":"","jetpack_publicize_message":"","jetpack_publicize_feature_enabled":true,"jetpack_social_post_already_shared":true,"jetpack_social_options":{"image_generator_settings":{"template":"highway","enabled":false},"version":2}},"categories":[17],"tags":[],"class_list":["post-809","post","type-post","status-publish","format-standard","has-post-thumbnail","hentry","category-deportes"],"jetpack_publicize_connections":[],"jetpack_featured_media_url":"https:\/\/i0.wp.com\/infolanus.com\/wp-content\/uploads\/2018\/09\/de-la-vega-lanus.jpg?fit=790%2C440&ssl=1","jetpack_sharing_enabled":true,"jetpack_shortlink":"https:\/\/wp.me\/p9QtMr-d3","_links":{"self":[{"href":"https:\/\/infolanus.com\/index.php\/wp-json\/wp\/v2\/posts\/809","targetHints":{"allow":["GET"]}}],"collection":[{"href":"https:\/\/infolanus.com\/index.php\/wp-json\/wp\/v2\/posts"}],"about":[{"href":"https:\/\/infolanus.com\/index.php\/wp-json\/wp\/v2\/types\/post"}],"author":[{"embeddable":true,"href":"https:\/\/infolanus.com\/index.php\/wp-json\/wp\/v2\/users\/2"}],"replies":[{"embeddable":true,"href":"https:\/\/infolanus.com\/index.php\/wp-json\/wp\/v2\/comments?post=809"}],"version-history":[{"count":1,"href":"https:\/\/infolanus.com\/index.php\/wp-json\/wp\/v2\/posts\/809\/revisions"}],"predecessor-version":[{"id":811,"href":"https:\/\/infolanus.com\/index.php\/wp-json\/wp\/v2\/posts\/809\/revisions\/811"}],"wp:featuredmedia":[{"embeddable":true,"href":"https:\/\/infolanus.com\/index.php\/wp-json\/wp\/v2\/media\/810"}],"wp:attachment":[{"href":"https:\/\/infolanus.com\/index.php\/wp-json\/wp\/v2\/media?parent=809"}],"wp:term":[{"taxonomy":"category","embeddable":true,"href":"https:\/\/infolanus.com\/index.php\/wp-json\/wp\/v2\/categories?post=809"},{"taxonomy":"post_tag","embeddable":true,"href":"https:\/\/infolanus.com\/index.php\/wp-json\/wp\/v2\/tags?post=809"}],"curies":[{"name":"wp","href":"https:\/\/api.w.org\/{rel}","templated":true}]}}