{"id":8111,"date":"2024-11-01T12:09:55","date_gmt":"2024-11-01T15:09:55","guid":{"rendered":"https:\/\/www.inforegion.com.ar\/?p=316614"},"modified":"2024-11-01T12:09:55","modified_gmt":"2024-11-01T15:09:55","slug":"julian-alvarez-denuncio-que-no-llegan-los-fondos-de-provincia-para-obras-en-lanus","status":"publish","type":"post","link":"https:\/\/infolanus.com\/index.php\/2024\/11\/01\/julian-alvarez-denuncio-que-no-llegan-los-fondos-de-provincia-para-obras-en-lanus\/","title":{"rendered":"Juli\u00e1n \u00c1lvarez denunci\u00f3 que no llegan los fondos de Provincia para obras en Lan\u00fas"},"content":{"rendered":"<p><strong>El intendente de Lan\u00fas, Juli\u00e1n \u00c1lvarez, denunci\u00f3 que no est\u00e1n llegando los fondos de la Provincia para las obras comprometidas. <\/strong>Esta acusaci\u00f3n llega en medio de una interna que <a href=\"https:\/\/www.inforegion.com.ar\/2024\/11\/01\/cristina-fernandez-sera-la-presidenta-del-pj\/\">la Justicia<\/a> termin\u00f3 dar dar hoy por cerrada.<\/p>\n<p>El jefe comunal tom\u00f3 una nota de El Destape para advertir sobre la falta de fondos. <strong>Hizo alusi\u00f3n a 10 obras, entre las que se cuenta la rehabilitaci\u00f3n de pavimento y luminarias, que deber\u00edan contar con los fondos de la Provincia.<\/strong><\/p>\n<p>S\u00f3lo en una aparece que el convenio fue firmado, es de m\u00e1s de 2.000.000 y remite a pavimentos urbanos, pero <strong>en ninguno de los casos figura el dinero otorgado por el gobierno bonaerense, que encabeza Axel Kicillof.<\/strong><\/p>\n<figure class=\"wp-block-image size-large\"><img data-recalc-dims=\"1\" loading=\"lazy\" decoding=\"async\" width=\"640\" height=\"179\" src=\"https:\/\/i0.wp.com\/www.inforegion.com.ar\/wp-content\/uploads\/2024\/11\/GbQE3eUWoAA9tCQ-1024x287.jpg?resize=640%2C179&#038;ssl=1\" alt class=\"wp-image-316644 lazyload\" data-sizes=\"auto\" data-eio-rwidth=\"1024\" data-eio-rheight=\"287\" srcset=\"https:\/\/www.inforegion.com.ar\/wp-content\/uploads\/2024\/11\/GbQE3eUWoAA9tCQ-1024x287.jpg 1024w, https:\/\/www.inforegion.com.ar\/wp-content\/uploads\/2024\/11\/GbQE3eUWoAA9tCQ-300x84.jpg 300w, https:\/\/www.inforegion.com.ar\/wp-content\/uploads\/2024\/11\/GbQE3eUWoAA9tCQ-768x215.jpg 768w, https:\/\/www.inforegion.com.ar\/wp-content\/uploads\/2024\/11\/GbQE3eUWoAA9tCQ-320x90.jpg 320w, https:\/\/www.inforegion.com.ar\/wp-content\/uploads\/2024\/11\/GbQE3eUWoAA9tCQ-480x134.jpg 480w, https:\/\/www.inforegion.com.ar\/wp-content\/uploads\/2024\/11\/GbQE3eUWoAA9tCQ-800x224.jpg 800w, https:\/\/www.inforegion.com.ar\/wp-content\/uploads\/2024\/11\/GbQE3eUWoAA9tCQ-335x94.jpg 335w, https:\/\/www.inforegion.com.ar\/wp-content\/uploads\/2024\/11\/GbQE3eUWoAA9tCQ.jpg 1128w\"><noscript><img data-recalc-dims=\"1\" loading=\"lazy\" decoding=\"async\" width=\"640\" height=\"179\" src=\"https:\/\/i0.wp.com\/www.inforegion.com.ar\/wp-content\/uploads\/2024\/11\/GbQE3eUWoAA9tCQ-1024x287.jpg?resize=640%2C179&#038;ssl=1\" alt class=\"wp-image-316644\" srcset=\"https:\/\/www.inforegion.com.ar\/wp-content\/uploads\/2024\/11\/GbQE3eUWoAA9tCQ-1024x287.jpg 1024w, https:\/\/www.inforegion.com.ar\/wp-content\/uploads\/2024\/11\/GbQE3eUWoAA9tCQ-300x84.jpg 300w, https:\/\/www.inforegion.com.ar\/wp-content\/uploads\/2024\/11\/GbQE3eUWoAA9tCQ-768x215.jpg 768w, https:\/\/www.inforegion.com.ar\/wp-content\/uploads\/2024\/11\/GbQE3eUWoAA9tCQ-320x90.jpg 320w, https:\/\/www.inforegion.com.ar\/wp-content\/uploads\/2024\/11\/GbQE3eUWoAA9tCQ-480x134.jpg 480w, https:\/\/www.inforegion.com.ar\/wp-content\/uploads\/2024\/11\/GbQE3eUWoAA9tCQ-800x224.jpg 800w, https:\/\/www.inforegion.com.ar\/wp-content\/uploads\/2024\/11\/GbQE3eUWoAA9tCQ-335x94.jpg 335w, https:\/\/www.inforegion.com.ar\/wp-content\/uploads\/2024\/11\/GbQE3eUWoAA9tCQ.jpg 1128w\" sizes=\"auto, (max-width: 1024px) 100vw, 1024px\" data-eio=\"l\"><\/noscript><\/figure>\n<p>\u201cNo tengo dudas que este medio de comunicaci\u00f3n @eldestapeweb recibi\u00f3 m\u00e1s recursos por parte del gobernador que mis vecinos y vecinas de Lan\u00fas\u201d, se\u00f1ala. <\/p>\n<p>La nota remite a la <a href=\"https:\/\/www.inforegion.com.ar\/2024\/10\/07\/julian-alvarez-sumo-su-aval-para-la-candidatura-de-cristina-como-lider-del-pj\/\">interna<\/a> del PJ, que este viernes la Justicia dio por terminada aceptando la decisi\u00f3n del PJ sobre la impugnaci\u00f3n de la lista del gobernador Ricardo Quintela. <strong>Cristina ser\u00e1 la presidenta cuando asuma el pr\u00f3ximo 17 de noviembre.<\/strong><\/p>\n<p>\u201cCuando M\u00e1ximo tiene algo que decir ya saben que lo dice sin problemas, yo hablo en nombre del pueblo de Lan\u00fas al cual nos debemos y para quienes trabajamos todos los d\u00edas desde el Municipio\u201d, remarc\u00f3 \u00c1lvarez.<\/p>\n","protected":false},"excerpt":{"rendered":"<p>El intendente de Lan\u00fas, Juli\u00e1n \u00c1lvarez, denunci\u00f3 que no est\u00e1n llegando los fondos de la Provincia para las obras comprometidas. Esta acusaci\u00f3n llega en medio de una interna que la Justicia termin\u00f3 dar dar hoy por cerrada. El jefe comunal tom\u00f3 una nota de El Destape para advertir sobre la falta de fondos. Hizo alusi\u00f3n [&hellip;]<\/p>\n","protected":false},"author":2,"featured_media":8112,"comment_status":"closed","ping_status":"closed","sticky":false,"template":"","format":"standard","meta":{"jetpack_post_was_ever_published":false,"_jetpack_newsletter_access":"","_jetpack_dont_email_post_to_subs":false,"_jetpack_newsletter_tier_id":0,"_jetpack_memberships_contains_paywalled_content":false,"_jetpack_memberships_contains_paid_content":false,"footnotes":"","jetpack_publicize_message":"","jetpack_publicize_feature_enabled":true,"jetpack_social_post_already_shared":true,"jetpack_social_options":{"image_generator_settings":{"template":"highway","enabled":false},"version":2}},"categories":[19,16],"tags":[415,774,1773,23,1015,724],"class_list":["post-8111","post","type-post","status-publish","format-standard","has-post-thumbnail","hentry","category-municipio","category-politica","tag-axel-kicillof","tag-destacadas","tag-interna-del-pj","tag-lanus","tag-obra-publica","tag-politica"],"jetpack_publicize_connections":[],"jetpack_featured_media_url":"https:\/\/i0.wp.com\/infolanus.com\/wp-content\/uploads\/2024\/11\/julian-alvarez-denuncio-que-no-llegan-los-fondos-de-provincia-para-obras-en-lanus.jpg?fit=1024%2C287&ssl=1","jetpack_sharing_enabled":true,"jetpack_shortlink":"https:\/\/wp.me\/p9QtMr-26P","_links":{"self":[{"href":"https:\/\/infolanus.com\/index.php\/wp-json\/wp\/v2\/posts\/8111","targetHints":{"allow":["GET"]}}],"collection":[{"href":"https:\/\/infolanus.com\/index.php\/wp-json\/wp\/v2\/posts"}],"about":[{"href":"https:\/\/infolanus.com\/index.php\/wp-json\/wp\/v2\/types\/post"}],"author":[{"embeddable":true,"href":"https:\/\/infolanus.com\/index.php\/wp-json\/wp\/v2\/users\/2"}],"replies":[{"embeddable":true,"href":"https:\/\/infolanus.com\/index.php\/wp-json\/wp\/v2\/comments?post=8111"}],"version-history":[{"count":0,"href":"https:\/\/infolanus.com\/index.php\/wp-json\/wp\/v2\/posts\/8111\/revisions"}],"wp:featuredmedia":[{"embeddable":true,"href":"https:\/\/infolanus.com\/index.php\/wp-json\/wp\/v2\/media\/8112"}],"wp:attachment":[{"href":"https:\/\/infolanus.com\/index.php\/wp-json\/wp\/v2\/media?parent=8111"}],"wp:term":[{"taxonomy":"category","embeddable":true,"href":"https:\/\/infolanus.com\/index.php\/wp-json\/wp\/v2\/categories?post=8111"},{"taxonomy":"post_tag","embeddable":true,"href":"https:\/\/infolanus.com\/index.php\/wp-json\/wp\/v2\/tags?post=8111"}],"curies":[{"name":"wp","href":"https:\/\/api.w.org\/{rel}","templated":true}]}}