{"id":8181,"date":"2024-11-15T10:22:00","date_gmt":"2024-11-15T13:22:00","guid":{"rendered":"https:\/\/www.ambito.com\/c6082079"},"modified":"2024-11-15T10:22:00","modified_gmt":"2024-11-15T13:22:00","slug":"uno-por-uno-cuales-son-los-confirmados-para-el-gabinete-de-donald-trump-hasta-ahora","status":"publish","type":"post","link":"https:\/\/infolanus.com\/index.php\/2024\/11\/15\/uno-por-uno-cuales-son-los-confirmados-para-el-gabinete-de-donald-trump-hasta-ahora\/","title":{"rendered":"Uno por uno: cu\u00e1les son los confirmados para el gabinete de Donald Trump hasta ahora"},"content":{"rendered":"<div id>\n<ul>\n<li><strong>Elon Musk, <\/strong>para el <strong>Departamento de Eficiencia Gubernamental (DOGE);<\/strong><\/li>\n<li><strong> Susie Wiles<\/strong>, para la <strong>Jefatura de Gabinete;<\/strong><\/li>\n<li><strong> Pete Hegseth<\/strong>, para el <strong>Departamento de Defensa;<\/strong><\/li>\n<li><strong> Mike Huckabee,<\/strong> para la<strong> Embajada de Estados Unidos en Israel;<\/strong><\/li>\n<li><strong> Lee Zeldin,<\/strong> el excongresista que ir\u00e1 a la<strong> Agencia de Protecci\u00f3n Ambiental;<\/strong><\/li>\n<li><strong> Marco Rubio<\/strong>, el senador que ir\u00e1 como <strong>secretario de Estado;<\/strong><\/li>\n<li><strong> Tom Homan, el exdirector de Inmigraci\u00f3n y Aduanas, se dedicar\u00e1 a la deportaci\u00f3n.<\/strong><\/li>\n<\/ul>\n<h2>Gabinete de Donald Trump: los nombres que ya est\u00e1n confirmados para su equipo<\/h2>\n<h3>Elon Musk, el empresario desregulador contra el &#8220;despilfarro masivo&#8221;<\/h3>\n<p>Luego de haberse posicionado como un actor clave durante la campa\u00f1a, <a href=\"https:\/\/www.ambito.com\/mundo\/donald-trump-confirmo-que-elon-musk-se-sumara-su-gabinete-eliminaremos-el-despilfarro-y-el-fraude-masivo-n6081400\" target=\"_blank\" rel=\"follow noopener\"> Trump confirm\u00f3 la designaci\u00f3n del due\u00f1o de X y Tesla, Elon Musk, como parte de su gabinete<\/a>. <strong>El l\u00edder republicano anunci\u00f3 que el magnate quedar\u00e1 al frente del Departamento de Eficiencia Gubernamental (DOGE)<\/strong> para reducir el &#8220;exceso de regulaciones, gastos innecesarios y reestructurar las agencias federales&#8221;.<\/p>\n<\/div>\n<div id>\n<p>De todas formas, ser\u00e1 por tiempo determinado ya que se espera que su trabajo concluya &#8220;a m\u00e1s tardar el 4 de julio de 2026&#8221;, por lo que s\u00f3lo formar\u00e1 parte del gobierno por un a\u00f1o y medio.<\/p>\n<\/div>\n<div id>\n<div contenteditable=\"false\" class=\"embed_cont type_imagen\" id=\"8005840-Libre-742240493_wrap\" readability=\"7.5\">\n<p>matt gaetz.JPG <span onclick=\"parent.parent.TinyMCETdcuerpo.preview_embed('8005840-Libre-742240493')\" class=\"embed_colapse less\" id=\"8005840-Libre-742240493_colapse\"><\/span> <span onclick=\"parent.parent.TinyMCETdcuerpo.delete_embed('8005840-Libre-742240493')\" class=\"embed_delete less\" id=\"8005840-Libre-742240493_delete\"><\/span><\/p>\n<div id=\"8005840-Libre-742240493_content\" class=\"embed_content\"><img data-recalc-dims=\"1\" loading=\"lazy\" decoding=\"async\" src=\"https:\/\/i0.wp.com\/media.ambito.com\/p\/4f460068f5fa704995a53a0f6bc3590f\/adjuntos\/239\/imagenes\/041\/968\/0041968289\/matt-gaetzjpg.jpg?resize=640%2C406&#038;ssl=1\" alt=\"Matt Gaetz, el \u00faltimo mencionado por Trump que en su caso s\u00f3lo fue nominado para su cargo, en el caso del Departamento de Justicia. \" title=\"Matt Gaetz, el \u00faltimo mencionado por Trump que en su caso s\u00f3lo fue nominado para su cargo, en el caso del Departamento de Justicia. \" width=\"640\" height=\"406\" id=\"8005840-Libre-742240493_embed\"><\/div>\n<div id=\"8005840-Libre-742240493_epigrafe\" class=\"embed_epigrafe\" readability=\"10\">\n<p> Matt Gaetz, el \u00faltimo mencionado por Trump que en su caso s\u00f3lo fue nominado para su cargo, en el caso del Departamento de Justicia.<\/p>\n<\/div>\n<p>@mattgaetz<\/p>\n<\/div>\n<h3>Susie Wiles, la &#8220;dama de hielo&#8221; para jefa de Gabinete<\/h3>\n<p><strong>La funcionaria <a href=\"https:\/\/www.ambito.com\/mundo\/quien-es-susie-wiles-la-dama-hielo-que-donald-trump-nombro-como-su-jefa-gabinete-n6079832\" target=\"_blank\" rel=\"follow noopener\">Susie Wiles ser\u00e1 la primera mujer en ocupar el cargo<\/a><\/strong> y adem\u00e1s fue la directora de campa\u00f1a del republicano. Durante su discurso de victoria en Palm Beach, Florida, <strong>Trump se refiri\u00f3 a ella como &#8220;la dama de hielo&#8221; y destac\u00f3 que Wiles lo ayud\u00f3 &#8220;a lograr una de las mayores victorias pol\u00edticas en la historia de Estados Unidos&#8221;.<\/strong><\/p>\n<p>En el c\u00edrculo cercano de Trump, <strong>a Wiles se le atribuye su capacidad de imponer disciplina y orden en medio del caos que rodea al presidente electo<\/strong>. El editor de Florida Politics, <strong>Peter Schorsch<\/strong>, la describe como una mujer de<strong> \u201camabilidad sure\u00f1a\u201d que esconde una firmeza implacable<\/strong>.<\/p>\n<h3>Robert F. Kennedy Jr., el antivacunas que ir\u00e1 a Salud<\/h3>\n<p>El abogado y esc\u00e9ptico de las vacunas<a href=\"https:\/\/www.ambito.com\/mundo\/polemico-donald-trump-designo-al-antivacunas-robert-f-kennedy-jr-como-secretario-salud-n6082303\" target=\"_blank\" rel=\"follow noopener\"> Robert F. Kennedy Jr. ser\u00e1 el secretario de Salud y Servicios Humanos<\/a>. Kennedy estar\u00e1 a cargo de supervisar desde la <strong>inocuidad de medicamentos, vacunas y alimentos hasta la investigaci\u00f3n m\u00e9dica y los programas de la red de seguridad social Medicare y Medicaid<\/strong>.<\/p>\n<p>Kennedy logr\u00f3 una base de seguidores que apoyan las acciones legales que tom\u00f3 en contra de grandes compa\u00f1\u00edas farmac\u00e9uticas y de pesticidas. Tambi\u00e9n luch\u00f3 por imponer regulaciones m\u00e1s estrictas a los ingredientes en los alimentos.<\/p>\n<h3>Pete Hegseth, el presentador de Fox News hacia el Departamento de Defensa<\/h3>\n<p><a href=\"https:\/\/www.ambito.com\/mundo\/donald-trump-menciono-al-comentarista-pete-hegseth-como-su-secretario-defensa-nuestras-fuerzas-armadas-volveran-ser-grandiosas-n6081452\" target=\"_blank\" rel=\"follow noopener\">Donald Trump eligi\u00f3 al comentarista de Fox News y veterano Pete Hegseth como su secretario de Defensa.<\/a> Hegseth, cr\u00edtico de algunas medidas dentro del Pent\u00e1gono, podr\u00eda eliminar del ej\u00e9rcito estadounidense a un c\u00famulo de generales se\u00f1alados por los sectores conservadores. Trump se refiri\u00f3 a que con su incorporaci\u00f3n, las fuerzas armadas estadounidenses &#8220;volver\u00e1n a ser grandiosas&#8221;.<\/p>\n<h3>Mike Huckabee, de Arkansas a la Embajada de Estados Unidos en Israel<\/h3>\n<p>El exgobernador de Arkansas <a href=\"https:\/\/www.ambito.com\/mundo\/donald-trump-nombro-al-exgobernador-mike-huckabee-como-embajador-israel-n6081517\" target=\"_blank\" rel=\"follow noopener\">Mike Huckabee asumir\u00e1 como embajador estadounidense en Israel<\/a>. Como una postura pro Israel m\u00e1s que se suma a la administraci\u00f3n, argument\u00f3 anteriormente que \u201cno existe tal cosa como un palestino\u201d.<\/p>\n<p>Trump dijo sobre \u00e9l que \u201cMike ha sido un gran servidor p\u00fablico, gobernador y l\u00edder en la fe durante muchos a\u00f1os&#8221;. El magnate tambi\u00e9n complet\u00f3 que Huckabee &#8220;ama a Israel, y al pueblo de Israel, y del mismo modo, el pueblo de Israel lo ama a \u00e9l. \u00a1<strong>Mike trabajar\u00e1 incansablemente para lograr la Paz en Medio Oriente!\u201d<\/strong>.<\/p>\n<h3>Lee Zeldin, el excongresista que ir\u00e1 a la Agencia de Protecci\u00f3n Ambiental<\/h3>\n<p class>En palabras de Trump, <a href=\"https:\/\/www.ambito.com\/sustentabilidad\/donald-trump-nombra-un-excongresista-dirigir-la-agencia-proteccion-ambiental-n6080935\" target=\"_blank\" rel=\"follow noopener\"> el excongresista Lee Zeldin garantizar\u00e1 que se tomen decisiones desreguladoras &#8220;justas y r\u00e1pidas&#8221;<\/a> para liberar el poder de las empresas estadounidenses. Al mismo tiempo, <strong>mantendr\u00eda &#8220;los m\u00e1s altos est\u00e1ndares medioambientales, incluido el aire y el agua m\u00e1s limpios del planeta&#8221;,<\/strong> dijo Trump en una publicaci\u00f3n en su plataforma de redes sociales Truth Social.<\/p>\n<div contenteditable=\"false\" class=\"embed_cont type_imagen\" id=\"8003461-Libre-187655918_wrap\" readability=\"8.5\">\n<p>susie wiles fox nashville.JPG <span onclick=\"parent.parent.TinyMCETdcuerpo.preview_embed('8003461-Libre-187655918')\" class=\"embed_colapse less\" id=\"8003461-Libre-187655918_colapse\"><\/span> <span onclick=\"parent.parent.TinyMCETdcuerpo.delete_embed('8003461-Libre-187655918')\" class=\"embed_delete less\" id=\"8003461-Libre-187655918_delete\"><\/span><\/p>\n<div id=\"8003461-Libre-187655918_content\" class=\"embed_content\"><img loading=\"lazy\" decoding=\"async\" src=\"https:\/\/www.ambito.com\/css-custom\/239\/lazy.svg\" data-td-src-property=\"https:\/\/media.ambito.com\/p\/4807200e0e684f23166489e83c7cfc05\/adjuntos\/239\/imagenes\/041\/952\/0041952259\/susie-wiles-fox-nashvillejpg.jpg\" alt=\"Susie Wiles ser\u00e1 la primera mujer que encare la jefatura de Gabinete en la historia de los Estados Unidos.\" title=\"Susie Wiles ser\u00e1 la primera mujer que encare la jefatura de Gabinete en la historia de los Estados Unidos.\" width=\"693\" height=\"460\" id=\"8003461-Libre-187655918_embed\"><\/div>\n<div id=\"8003461-Libre-187655918_epigrafe\" class=\"embed_epigrafe\" readability=\"8\">\n<p> Susie Wiles ser\u00e1 la primera mujer que encare la jefatura de Gabinete en la historia de los Estados Unidos.<\/p>\n<\/div>\n<p>Gentileza: Fox Nashville<\/p>\n<\/div>\n<h3>Marco Rubio, el senador que ir\u00e1 como secretario de Estado<\/h3>\n<p>El senador <strong><a href=\"https:\/\/www.ambito.com\/mundo\/donald-trump-designo-al-senador-marco-rubio-como-secretario-estado-n6081763\" target=\"_blank\" rel=\"follow noopener\">Marco Rubio ser\u00e1 secretario de Estado<\/a><\/strong>, uno de los roles m\u00e1s importantes del gabinete. \u201cMarco es un l\u00edder muy respetado y una voz muy poderosa por la libertad\u201d, destac\u00f3 Trump en un comunicado en redes sociales.<\/p>\n<p>La elecci\u00f3n de <strong>Rubio,<\/strong> hijo de inmigrantes cubanos, no es casual. El voto latino fue fundamental para la victoria de Trump en los comicios contra <strong>Kamala Harris<\/strong> el pasado 5 de noviembre, un sector demogr\u00e1fico que en elecciones pasadas se hab\u00eda inclinado por los dem\u00f3cratas y cada vez se posiciona m\u00e1s cerca del <strong>Partido Republicano<\/strong>. Con esta designaci\u00f3n, el <strong>presidente electo podr\u00eda consolidar sus logros entre este grupo<\/strong>.<\/p>\n<h3>Tom Homan, el &#8220;zar de la frontera&#8221; para la deportaci\u00f3n masiva<\/h3>\n<p><a href=\"https:\/\/www.ambito.com\/mundo\/donald-trump-eligio-tom-homan-como-nuevo-zar-la-frontera-liderar-una-operacion-deportacion-masiva-n6080779\" target=\"_blank\" rel=\"follow noopener\">El exdirector del ICE, Tom Homan, fue nombrado por Trump como &#8220;zar de la frontera&#8221; en su pr\u00f3ximo mandato<\/a>. Homan estar\u00e1 a cargo de supervisar las fronteras y liderar una operaci\u00f3n de deportaci\u00f3n masiva, un elemento clave de la agenda migratoria de Trump, que busca expulsar a millones de inmigrantes indocumentados.<\/p>\n<p><strong>Trump asegur\u00f3 que Homan implementar\u00e1 su plan de deportaci\u00f3n de manera \u201chumana\u201d<\/strong>, afirmando que el ICE ejecutar\u00e1 estas acciones de forma organizada y dirigida.<\/p>\n<\/p><\/div>\n","protected":false},"excerpt":{"rendered":"<p>Elon Musk, para el Departamento de Eficiencia Gubernamental (DOGE); Susie Wiles, para la Jefatura de Gabinete; Pete Hegseth, para el Departamento de Defensa; Mike Huckabee, para la Embajada de Estados Unidos en Israel; Lee Zeldin, el excongresista que ir\u00e1 a la Agencia de Protecci\u00f3n Ambiental; Marco Rubio, el senador que ir\u00e1 como secretario de Estado; [&hellip;]<\/p>\n","protected":false},"author":2,"featured_media":8182,"comment_status":"closed","ping_status":"closed","sticky":false,"template":"","format":"standard","meta":{"jetpack_post_was_ever_published":false,"_jetpack_newsletter_access":"","_jetpack_dont_email_post_to_subs":false,"_jetpack_newsletter_tier_id":0,"_jetpack_memberships_contains_paywalled_content":false,"_jetpack_memberships_contains_paid_content":false,"footnotes":"","jetpack_publicize_message":"","jetpack_publicize_feature_enabled":true,"jetpack_social_post_already_shared":true,"jetpack_social_options":{"image_generator_settings":{"template":"highway","enabled":false},"version":2}},"categories":[20],"tags":[],"class_list":["post-8181","post","type-post","status-publish","format-standard","has-post-thumbnail","hentry","category-mundo"],"jetpack_publicize_connections":[],"jetpack_featured_media_url":"https:\/\/i0.wp.com\/infolanus.com\/wp-content\/uploads\/2024\/11\/uno-por-uno-cuales-son-los-confirmados-para-el-gabinete-de-donald-trump-hasta-ahora.jpg?fit=725%2C460&ssl=1","jetpack_sharing_enabled":true,"jetpack_shortlink":"https:\/\/wp.me\/p9QtMr-27X","_links":{"self":[{"href":"https:\/\/infolanus.com\/index.php\/wp-json\/wp\/v2\/posts\/8181","targetHints":{"allow":["GET"]}}],"collection":[{"href":"https:\/\/infolanus.com\/index.php\/wp-json\/wp\/v2\/posts"}],"about":[{"href":"https:\/\/infolanus.com\/index.php\/wp-json\/wp\/v2\/types\/post"}],"author":[{"embeddable":true,"href":"https:\/\/infolanus.com\/index.php\/wp-json\/wp\/v2\/users\/2"}],"replies":[{"embeddable":true,"href":"https:\/\/infolanus.com\/index.php\/wp-json\/wp\/v2\/comments?post=8181"}],"version-history":[{"count":0,"href":"https:\/\/infolanus.com\/index.php\/wp-json\/wp\/v2\/posts\/8181\/revisions"}],"wp:featuredmedia":[{"embeddable":true,"href":"https:\/\/infolanus.com\/index.php\/wp-json\/wp\/v2\/media\/8182"}],"wp:attachment":[{"href":"https:\/\/infolanus.com\/index.php\/wp-json\/wp\/v2\/media?parent=8181"}],"wp:term":[{"taxonomy":"category","embeddable":true,"href":"https:\/\/infolanus.com\/index.php\/wp-json\/wp\/v2\/categories?post=8181"},{"taxonomy":"post_tag","embeddable":true,"href":"https:\/\/infolanus.com\/index.php\/wp-json\/wp\/v2\/tags?post=8181"}],"curies":[{"name":"wp","href":"https:\/\/api.w.org\/{rel}","templated":true}]}}