{"id":8192,"date":"2024-11-17T08:26:00","date_gmt":"2024-11-17T11:26:00","guid":{"rendered":"https:\/\/www.ambito.com\/c6082741"},"modified":"2024-11-17T08:26:00","modified_gmt":"2024-11-17T11:26:00","slug":"alerta-meteorologico-por-tormentas-fuertes-caida-de-granizo-lluvias-y-vientos-cuales-son-las-provincias-afectadas-y-como-seguira-el-clima-en-el-amba","status":"publish","type":"post","link":"https:\/\/infolanus.com\/index.php\/2024\/11\/17\/alerta-meteorologico-por-tormentas-fuertes-caida-de-granizo-lluvias-y-vientos-cuales-son-las-provincias-afectadas-y-como-seguira-el-clima-en-el-amba\/","title":{"rendered":"Alerta meteorol\u00f3gico por tormentas fuertes, ca\u00edda de granizo, lluvias y vientos: cu\u00e1les son las provincias afectadas y c\u00f3mo seguir\u00e1 el clima en el AMBA"},"content":{"rendered":"<div id>\n<p>El cambio en el clima ocurri\u00f3 durante la madrugada de este domingo, con la llegada de un frente fr\u00edo con lluvias al AMBA, que marc\u00f3 un descenso abrupto de las temperaturas.<\/p>\n<\/div>\n<div id>\n<h2>Clima: el pron\u00f3stico del tiempo para el AMBA<\/h2>\n<p>El <strong>domingo<\/strong> las temperaturas registrar\u00e1n descensos, junto a <strong>tormentas aisladas durante la madrugada y la ma\u00f1ana.<\/strong> Se esperan lluvias aisladas a tarde y marcas entre los 15\u00b0 y 19\u00b0, con vientos de hasta 60 km\/h.<\/p>\n<\/div>\n<div id>\n<p class>El parte prev\u00e9 que para despu\u00e9s del mediod\u00eda el cielo estar\u00e1 con lluvias aisladas y los vientos del sector sudeste tendr\u00e1n velocidades estimadas entre 23 y 31 km\/h.<\/p>\n<\/div>\n<div id>\n<p class>A la noche, el clima rondar\u00e1 los 16 grados, mientras que los vientos ser\u00e1n del sudeste a una velocidad de 23 y 31 kil\u00f3metros por hora. No se esperan lluvias para esta franja del d\u00eda.<\/p>\n<p>El <strong>lunes <\/strong>se espera una jornada agradable con una m\u00e1xima de hasta 23 grados y cielo parcialmente nublado. Para el resto de la semana, se espera que la t\u00e9rmica no supere los 26 grados.<\/p>\n<div contenteditable=\"false\" class=\"embed_cont type_imagen\" id=\"7987194-Libre-363451141_wrap\" readability=\"6\">\n<p>Lluvia Tormenta Clima <span onclick=\"parent.parent.TinyMCETdcuerpo.preview_embed('7987194-Libre-363451141')\" class=\"embed_colapse less\" id=\"7987194-Libre-363451141_colapse\"><\/span> <span onclick=\"parent.parent.TinyMCETdcuerpo.delete_embed('7987194-Libre-363451141')\" class=\"embed_delete less\" id=\"7987194-Libre-363451141_delete\"><\/span><\/p>\n<div id=\"7987194-Libre-363451141_content\" class=\"embed_content\"><img data-recalc-dims=\"1\" loading=\"lazy\" decoding=\"async\" src=\"https:\/\/i0.wp.com\/media.ambito.com\/p\/566ccce71e0c8bced5877284ecc7bd15\/adjuntos\/239\/imagenes\/041\/849\/0041849506\/lluvia-tormenta-clima.jpg?resize=640%2C427&#038;ssl=1\" alt=\"Jornada dominical con lluvia y viento en el AMBA.\" title=\"Jornada dominical con lluvia y viento en el AMBA.\" width=\"640\" height=\"427\" id=\"7987194-Libre-363451141_embed\"><\/div>\n<div id=\"7987194-Libre-363451141_epigrafe\" class=\"embed_epigrafe\" readability=\"7\">\n<p> Jornada dominical con lluvia y viento en el AMBA.<\/p>\n<\/div>\n<p>Mariano Fuchila<\/p>\n<\/div>\n<p>Para el <strong>martes<\/strong>, aumentar\u00e1n tanto la m\u00ednima como la m\u00e1xima: el term\u00f3metro ir\u00e1 desde los 15 a los 24 grados y el cielo estar\u00e1 parcialmente nublado. Esta suba en las temperaturas se debe al cambio en el viento, dado que el mismo soplar\u00e1 desde el Noreste durante casi toda la jornada.<\/p>\n<p>En tanto, el <strong>mi\u00e9rcoles <\/strong>presentar\u00e1 condiciones similares al martes: la m\u00ednima se ubicar\u00e1 en los 17 grados y la m\u00e1xima se repetir\u00e1 en 24, tambi\u00e9n con r\u00e1fagas de hasta 50 kil\u00f3metros por hora soplando desde el Noreste. El cielo estar\u00e1 parcialmente nublado, sin la previsi\u00f3n de precipitaciones para estos d\u00edas ni para los siguientes de la semana.<\/p>\n<h2>Alerta meteorol\u00f3gico por tormentas fuertes, lluvias y vientos: cu\u00e1les son las provincias afectadas<\/h2>\n<p class>En tanto hay alerta amarilla para este s\u00e1bado por <strong>tormentas<\/strong> en el centro de <strong>Jujuy <\/strong>y norte de <strong>Salta<\/strong>. El \u00e1rea ser\u00e1 afectada durante la <strong>noche <\/strong>por tormentas aisladas, intensa actividad el\u00e9ctrica, fuertes r\u00e1fagas y ocasional ca\u00edda de granizo. Se prev\u00e9 una precipitaci\u00f3n acumulada entre <strong>15 <\/strong>y<strong> 30 mm<\/strong>.<\/p>\n<p class>El mismo pron\u00f3stico le espera al sur de <strong>C\u00f3rdoba<\/strong>, noreste de <strong>La<\/strong> <strong>Pampa <\/strong>y de <strong>Buenos Aires<\/strong>. La precipitaci\u00f3n acumulada esperada es de entre<strong> 20 y 40 mm.<\/strong> La alerta por <strong>lluvias<\/strong> rige para el centro-este de <strong>La Pampa <\/strong>y el centro y suroeste de<strong> Buenos Aires<\/strong>, hasta con <strong>50 mm <\/strong>de lluvia acumulada.<\/p>\n<p>Para el sur de <strong>Santa Cruz <\/strong>se esperan vientos de entre <strong>45<\/strong> y <strong>60 km\/h<\/strong>, y r\u00e1fagas que pueden superar los <strong>85 km\/h<\/strong>.<\/p>\n<div contenteditable=\"false\" class=\"embed_cont type_imagen\" id=\"7897735-Libre-117967595_wrap\" readability=\"6\">\n<p>calor verano.jpg <span onclick=\"parent.parent.TinyMCETdcuerpo.preview_embed('7897735-Libre-117967595')\" class=\"embed_colapse less\" id=\"7897735-Libre-117967595_colapse\"><\/span> <span onclick=\"parent.parent.TinyMCETdcuerpo.delete_embed('7897735-Libre-117967595')\" class=\"embed_delete less\" id=\"7897735-Libre-117967595_delete\"><\/span><\/p>\n<div id=\"7897735-Libre-117967595_content\" class=\"embed_content\"><img loading=\"lazy\" decoding=\"async\" src=\"https:\/\/www.ambito.com\/css-custom\/239\/lazy.svg\" data-td-src-property=\"https:\/\/media.ambito.com\/p\/17ac3debca2f322b0b442b6afd993df2\/adjuntos\/239\/imagenes\/041\/297\/0041297312\/calor-veranojpg.jpg\" alt=\"El AMBA espera un s\u00e1bado con m\u00e1ximas por encima de los 30\u00b0.\" title=\"El AMBA espera un s\u00e1bado con m\u00e1ximas por encima de los 30\u00b0.\" width=\"690\" height=\"460\" id=\"7897735-Libre-117967595_embed\"><\/div>\n<div id=\"7897735-Libre-117967595_epigrafe\" class=\"embed_epigrafe\" readability=\"7\">\n<p> El AMBA espera un s\u00e1bado con m\u00e1ximas por encima de los 30\u00b0.<\/p>\n<\/div>\n<p>Pixabay<\/p>\n<\/div><\/div>\n","protected":false},"excerpt":{"rendered":"<p>El cambio en el clima ocurri\u00f3 durante la madrugada de este domingo, con la llegada de un frente fr\u00edo con lluvias al AMBA, que marc\u00f3 un descenso abrupto de las temperaturas. Clima: el pron\u00f3stico del tiempo para el AMBA El domingo las temperaturas registrar\u00e1n descensos, junto a tormentas aisladas durante la madrugada y la ma\u00f1ana. [&hellip;]<\/p>\n","protected":false},"author":2,"featured_media":8193,"comment_status":"closed","ping_status":"closed","sticky":false,"template":"","format":"standard","meta":{"jetpack_post_was_ever_published":false,"_jetpack_newsletter_access":"","_jetpack_dont_email_post_to_subs":false,"_jetpack_newsletter_tier_id":0,"_jetpack_memberships_contains_paywalled_content":false,"_jetpack_memberships_contains_paid_content":false,"footnotes":"","jetpack_publicize_message":"","jetpack_publicize_feature_enabled":true,"jetpack_social_post_already_shared":true,"jetpack_social_options":{"image_generator_settings":{"template":"highway","enabled":false},"version":2}},"categories":[20],"tags":[],"class_list":["post-8192","post","type-post","status-publish","format-standard","has-post-thumbnail","hentry","category-mundo"],"jetpack_publicize_connections":[],"jetpack_featured_media_url":"https:\/\/i0.wp.com\/infolanus.com\/wp-content\/uploads\/2024\/11\/alerta-meteorologico-por-tormentas-fuertes-caida-de-granizo-lluvias-y-vientos-cuales-son-las-provincias-afectadas-y-como-seguira-el-clima-en-el-amba.jpg?fit=690%2C460&ssl=1","jetpack_sharing_enabled":true,"jetpack_shortlink":"https:\/\/wp.me\/p9QtMr-288","_links":{"self":[{"href":"https:\/\/infolanus.com\/index.php\/wp-json\/wp\/v2\/posts\/8192","targetHints":{"allow":["GET"]}}],"collection":[{"href":"https:\/\/infolanus.com\/index.php\/wp-json\/wp\/v2\/posts"}],"about":[{"href":"https:\/\/infolanus.com\/index.php\/wp-json\/wp\/v2\/types\/post"}],"author":[{"embeddable":true,"href":"https:\/\/infolanus.com\/index.php\/wp-json\/wp\/v2\/users\/2"}],"replies":[{"embeddable":true,"href":"https:\/\/infolanus.com\/index.php\/wp-json\/wp\/v2\/comments?post=8192"}],"version-history":[{"count":0,"href":"https:\/\/infolanus.com\/index.php\/wp-json\/wp\/v2\/posts\/8192\/revisions"}],"wp:featuredmedia":[{"embeddable":true,"href":"https:\/\/infolanus.com\/index.php\/wp-json\/wp\/v2\/media\/8193"}],"wp:attachment":[{"href":"https:\/\/infolanus.com\/index.php\/wp-json\/wp\/v2\/media?parent=8192"}],"wp:term":[{"taxonomy":"category","embeddable":true,"href":"https:\/\/infolanus.com\/index.php\/wp-json\/wp\/v2\/categories?post=8192"},{"taxonomy":"post_tag","embeddable":true,"href":"https:\/\/infolanus.com\/index.php\/wp-json\/wp\/v2\/tags?post=8192"}],"curies":[{"name":"wp","href":"https:\/\/api.w.org\/{rel}","templated":true}]}}