{"id":8198,"date":"2024-11-17T22:34:00","date_gmt":"2024-11-18T01:34:00","guid":{"rendered":"https:\/\/www.ambito.com\/c6083097"},"modified":"2024-11-17T22:34:00","modified_gmt":"2024-11-18T01:34:00","slug":"lanzaron-las-fuerzas-del-cielo-la-agrupacion-que-busca-ser-el-brazo-armado-de-la-libertad-avanza","status":"publish","type":"post","link":"https:\/\/infolanus.com\/index.php\/2024\/11\/17\/lanzaron-las-fuerzas-del-cielo-la-agrupacion-que-busca-ser-el-brazo-armado-de-la-libertad-avanza\/","title":{"rendered":"Lanzaron &#8220;Las fuerzas del cielo&#8221;, la agrupaci\u00f3n que busca ser el &#8220;brazo armado de La Libertad Avanza&#8221;"},"content":{"rendered":"<div><img data-recalc-dims=\"1\" decoding=\"async\" src=\"https:\/\/i0.wp.com\/media.ambito.com\/p\/593d3b88bf533e4a1e391fbf9f6aa8b9\/adjuntos\/239\/imagenes\/041\/974\/0041974751\/1200x675\/smart\/las-fuerzas-del-cielojpg.jpg?w=640&#038;ssl=1\" class=\"ff-og-image-inserted\"><\/div>\n<div id>\n<p>Partidarios del Gobierno, entre ellos funcionarios, dirigentes y referentes de las redes sociales, lanzaron una nueva fuerza pol\u00edtica llamada<strong> &#8220;Las fuerzas del cielo&#8221;<\/strong>, con el objetivo de <strong>respaldar la gesti\u00f3n del presidente <a href=\"https:\/\/www.ambito.com\/politica\/javier-milei-se-reune-emmanuel-macron-casa-rosada-n6082963\" target=\"_blank\" rel=\"follow noopener\">Javier Milei<\/a> y potenciar su proyecto a nivel nacional. <\/strong><\/p>\n<\/p><\/div>\n<div id>\n<p>Daniel Parisini, conocido en redes sociales como<strong> &#8220;Gordo Dan&#8221; <\/strong>defini\u00f3 al espacio como el <strong>\u201cbrazo armado de <a href=\"https:\/\/www.ambito.com\/politica\/recorridas-territorio-y-reuniones-clave-la-libertad-avanza-consolida-su-armado-provincia-buenos-aires-n6075907\" target=\"_blank\" rel=\"follow noopener\">La Libertad Avanza<\/a>\u201d<\/strong>. Con consignas como<strong> \u201cDios, patria y familia\u201d <\/strong>o \u201cPropiedad y libertad\u201d, el influencer asegur\u00f3 que ser\u00e1n la \u201cguardia pretoriana del presidente<strong> Javier Milei<\/strong>\u201d y se\u00f1al\u00f3 a la c\u00fapula libertaria: <strong>\u201cSomos tus soldados m\u00e1s leales, los que estuvieron desde un principio y vamos a estar hasta el final\u201d.<\/strong><\/p>\n<\/p><\/div>\n<div id>\n<p>La presentaci\u00f3n del nuevo partido se llev\u00f3 a cabo este s\u00e1bado en <strong>San Miguel<\/strong> y cont\u00f3 con la presencia de figuras del espacio como<strong> Agust\u00edn Laje<\/strong>, <strong>Parisini,<\/strong> el diputado bonaerense <strong>Agust\u00edn Romo<\/strong>; el secretario de Culto y Civilizaci\u00f3n, Nahuel Sotelo; el diputado nacional <strong>Santiago Santurio<\/strong>; el subsecretario de Pol\u00edticas Universitarias, el &#8220;Profe&#8221; <strong>Alejandro \u00c1lvarez<\/strong>; el referente conocido como &#8220;Sagaz&#8221;, entre otros.<\/p>\n<\/div>\n<div id>\n<h2>Dar la &#8220;batalla cultural&#8221;: el objetivo de &#8220;Las fuerzas del cielo&#8221;<\/h2>\n<p>Sotelo, uno de los oradores de la noche del s\u00e1bado, <strong>destac\u00f3 la importancia de ganar &#8220;la batalla cultural&#8221; en Argentina<\/strong> para dejar atr\u00e1s discusiones como la de la<strong> Agenda 2030 en medio ambiente y los temas que le interesan a la &#8220;izquierda&#8221;.<\/strong><\/p>\n<\/p><\/div>\n<div id>\n<p> Por su parte, <strong>Romo<\/strong> expres\u00f3: &#8220;\u00bfSaben por qu\u00e9 lo logramos? Porque<strong> la victoria en la guerra no depende de la cantidad de soldados, sino de las fuerzas que vienen del cielo<\/strong>&#8220;.<\/p>\n<p>Mientras se llevaba a cabo el acto de presentaci\u00f3n, ya estaba lanz\u00e1ndose una convocatoria p\u00fablica en la p\u00e1gina de web del partido para sumar afiliados. Para poder hacerlo, se debe ingresar su nombre, apellido, n\u00famero de DNI, mail, n\u00famero de tel\u00e9fono, provincia y localidad.<\/p>\n<p>La &#8220;participaci\u00f3n es limitada a <strong>quienes est\u00e9n afiliados o dispuestos a afiliarse a La Libertad Avanza<\/strong>&#8220;, aclara la p\u00e1gina con el formulario.<\/p>\n<p>Seg\u00fan se informa en la web, est\u00e1n disponibles <strong>profesores para la formaci\u00f3n en la Ciudad de Buenos Aires, provincia de Buenos Aires, Tucum\u00e1n, C\u00f3rdoba y Santa Fe.<\/strong><\/p>\n<\/p><\/div>\n","protected":false},"excerpt":{"rendered":"<p>Partidarios del Gobierno, entre ellos funcionarios, dirigentes y referentes de las redes sociales, lanzaron una nueva fuerza pol\u00edtica llamada &#8220;Las fuerzas del cielo&#8221;, con el objetivo de respaldar la gesti\u00f3n del presidente Javier Milei y potenciar su proyecto a nivel nacional. Daniel Parisini, conocido en redes sociales como &#8220;Gordo Dan&#8221; defini\u00f3 al espacio como el [&hellip;]<\/p>\n","protected":false},"author":2,"featured_media":8199,"comment_status":"closed","ping_status":"closed","sticky":false,"template":"","format":"standard","meta":{"jetpack_post_was_ever_published":false,"_jetpack_newsletter_access":"","_jetpack_dont_email_post_to_subs":false,"_jetpack_newsletter_tier_id":0,"_jetpack_memberships_contains_paywalled_content":false,"_jetpack_memberships_contains_paid_content":false,"footnotes":"","jetpack_publicize_message":"","jetpack_publicize_feature_enabled":true,"jetpack_social_post_already_shared":true,"jetpack_social_options":{"image_generator_settings":{"template":"highway","enabled":false},"version":2}},"categories":[20],"tags":[],"class_list":["post-8198","post","type-post","status-publish","format-standard","has-post-thumbnail","hentry","category-mundo"],"jetpack_publicize_connections":[],"jetpack_featured_media_url":"https:\/\/i0.wp.com\/infolanus.com\/wp-content\/uploads\/2024\/11\/lanzaron-las-fuerzas-del-cielo-la-agrupacion-que-busca-ser-el-brazo-armado-de-la-libertad-avanza.jpg?fit=1200%2C675&ssl=1","jetpack_sharing_enabled":true,"jetpack_shortlink":"https:\/\/wp.me\/p9QtMr-28e","_links":{"self":[{"href":"https:\/\/infolanus.com\/index.php\/wp-json\/wp\/v2\/posts\/8198","targetHints":{"allow":["GET"]}}],"collection":[{"href":"https:\/\/infolanus.com\/index.php\/wp-json\/wp\/v2\/posts"}],"about":[{"href":"https:\/\/infolanus.com\/index.php\/wp-json\/wp\/v2\/types\/post"}],"author":[{"embeddable":true,"href":"https:\/\/infolanus.com\/index.php\/wp-json\/wp\/v2\/users\/2"}],"replies":[{"embeddable":true,"href":"https:\/\/infolanus.com\/index.php\/wp-json\/wp\/v2\/comments?post=8198"}],"version-history":[{"count":0,"href":"https:\/\/infolanus.com\/index.php\/wp-json\/wp\/v2\/posts\/8198\/revisions"}],"wp:featuredmedia":[{"embeddable":true,"href":"https:\/\/infolanus.com\/index.php\/wp-json\/wp\/v2\/media\/8199"}],"wp:attachment":[{"href":"https:\/\/infolanus.com\/index.php\/wp-json\/wp\/v2\/media?parent=8198"}],"wp:term":[{"taxonomy":"category","embeddable":true,"href":"https:\/\/infolanus.com\/index.php\/wp-json\/wp\/v2\/categories?post=8198"},{"taxonomy":"post_tag","embeddable":true,"href":"https:\/\/infolanus.com\/index.php\/wp-json\/wp\/v2\/tags?post=8198"}],"curies":[{"name":"wp","href":"https:\/\/api.w.org\/{rel}","templated":true}]}}