{"id":8243,"date":"2024-11-26T13:46:03","date_gmt":"2024-11-26T16:46:03","guid":{"rendered":"https:\/\/infolanus.com\/index.php\/2024\/11\/26\/oriana-sabatini-ilusiona-al-mundo-boca-por-una-posible-llegada-de-paulo-dybala-junto-a-leandro-paredes-si-su-amigo-quiere\/"},"modified":"2024-11-26T13:46:03","modified_gmt":"2024-11-26T16:46:03","slug":"oriana-sabatini-ilusiona-al-mundo-boca-por-una-posible-llegada-de-paulo-dybala-junto-a-leandro-paredes-si-su-amigo-quiere","status":"publish","type":"post","link":"https:\/\/infolanus.com\/index.php\/2024\/11\/26\/oriana-sabatini-ilusiona-al-mundo-boca-por-una-posible-llegada-de-paulo-dybala-junto-a-leandro-paredes-si-su-amigo-quiere\/","title":{"rendered":"Oriana Sabatini ilusiona al mundo Boca por una posible llegada de Paulo Dybala junto a Leandro Paredes: \u201cSi su amigo quiere\u2026\u201d"},"content":{"rendered":"<div class=\"media_block\"><\/div>\n<p>En el mundo<br \/>\n<a href=\"https:\/\/442.perfil.com\/noticias\/futbol\/boca-y-river-festejan-tambien-por-que-los-beneficia-el-campeonato-de-racing-en-la-copa-sudamericana.phtml\">Boca<\/a> la gran obsesi\u00f3n es clasificarse a la Copa Libertadores del a\u00f1o que<br \/>\nviene. Sin embargo, ese no es el \u00fanico gran anhelo en el <em>Xeneize <\/em>en el<br \/>\ncorto plazo, sino que a la par de jugar el certamen internacional tambi\u00e9n surge<br \/>\nel enorme deseo de ver a <a href=\"https:\/\/442.perfil.com\/noticias\/futbol\/leandro-paredes-enloquecio-a-los-hinchas-de-boca-con-una-frase-vamos-a-ver-si.phtml\">Leandro Paredes<\/a> vistiendo otra vez la camiseta<br \/>\nazul y oro. <\/p>\n<p>Eso no<br \/>\nser\u00eda todo. Lo que probablemente no ten\u00edan en carpeta era la posibilidad de que<br \/>\nla llegada del mediocampista se d\u00e9 en combo con nada m\u00e1s y nada menos que&nbsp;<strong>Paulo<br \/>\nDybala<\/strong>. Al menos eso es lo que revel\u00f3 Oriana Sabatini en el programa de streaming<br \/>\n<em>Olga<\/em>: &#8220;Si su amigo quiere&#8230;&#8221;.&nbsp;<\/p>\n<p>La esposa<br \/>\ndel delantero de la Roma, hincha de River como su padre Osvaldo y su t\u00eda<br \/>\nGabriela Sabatini, confes\u00f3 que tiene ganas de volver al pa\u00eds tras vivir tantos<br \/>\na\u00f1os en el exterior. M\u00e1s all\u00e1 de eso, agreg\u00f3 que \u201cquiere evitar quilombos<br \/>\nfamiliares\u201d y argument\u00f3 que el conjunto de La Ribera hoy tendr\u00eda la prioridad. <\/p>\n<p>\u201c<strong>Paredes<br \/>\nle empez\u00f3 a instalar la idea de que vuelvan los dos<\/strong>. Yo re quiero volver a<br \/>\nArgentina. Pero tampoco estoy para el quilombo familiar, porque mi pap\u00e1 es<br \/>\nfan\u00e1tico de River.&nbsp;<strong>Si su amigo quiere que vaya a Boca, va a volver con<br \/>\nsu amigo<\/strong>\u201d, coment\u00f3 Sabatini. <\/p>\n<h2>\u00bfHasta<br \/>\ncu\u00e1ndo tienen contrato Dybala y Paredes con la Roma?<\/h2>\n<p>Si bien el<br \/>\ndeseo de Paredes y de Boca en reunir sus caminos es una realidad, y ahora tras<br \/>\nlas declaraciones de Sabatini vendr\u00eda en combo con Dybala, lo cierto es que ambos<br \/>\nfutbolistas todav\u00eda tienen contrato con la Roma.<\/p>\n<figure class=\"image\"><picture><source media=\"(max-width: 320px)\" srcset=\"https:\/\/fotos.perfil.com\/2024\/11\/26\/300\/0\/Mcdq-mixcollage-26-nov-2024-01-33-pm-1181.jpg?webp\" type=\"image\/webp\"><source media=\"(max-width: 360px)\" srcset=\"https:\/\/fotos.perfil.com\/2024\/11\/26\/340\/0\/Mcdq-mixcollage-26-nov-2024-01-33-pm-1181.jpg?webp\" type=\"image\/webp\"><source media=\"(max-width: 375px)\" srcset=\"https:\/\/fotos.perfil.com\/2024\/11\/26\/360\/0\/Mcdq-mixcollage-26-nov-2024-01-33-pm-1181.jpg?webp\" type=\"image\/webp\"><source media=\"(max-width: 414px)\" srcset=\"https:\/\/fotos.perfil.com\/2024\/11\/26\/400\/0\/Mcdq-mixcollage-26-nov-2024-01-33-pm-1181.jpg?webp\" type=\"image\/webp\"><source media=\"(max-width: 768px)\" srcset=\"https:\/\/fotos.perfil.com\/2024\/11\/26\/620\/0\/Mcdq-mixcollage-26-nov-2024-01-33-pm-1181.jpg?webp\" type=\"image\/webp\"><source media=\"(max-width: 1024px)\" srcset=\"https:\/\/fotos.perfil.com\/2024\/11\/26\/635\/0\/Mcdq-mixcollage-26-nov-2024-01-33-pm-1181.jpg?webp\" type=\"image\/webp\"><source srcset=\"https:\/\/fotos.perfil.com\/2024\/11\/26\/850\/0\/Mcdq-mixcollage-26-nov-2024-01-33-pm-1181.jpg?webp\" type=\"image\/webp\"><source media=\"(max-width: 320px)\" srcset=\"https:\/\/fotos.perfil.com\/2024\/11\/26\/300\/0\/Mcdq-mixcollage-26-nov-2024-01-33-pm-1181.jpg\"><source media=\"(max-width: 360px)\" srcset=\"https:\/\/fotos.perfil.com\/2024\/11\/26\/340\/0\/Mcdq-mixcollage-26-nov-2024-01-33-pm-1181.jpg\"><source media=\"(max-width: 375px)\" srcset=\"https:\/\/fotos.perfil.com\/2024\/11\/26\/360\/0\/Mcdq-mixcollage-26-nov-2024-01-33-pm-1181.jpg\"><source media=\"(max-width: 414px)\" srcset=\"https:\/\/fotos.perfil.com\/2024\/11\/26\/400\/0\/Mcdq-mixcollage-26-nov-2024-01-33-pm-1181.jpg\"><source media=\"(max-width: 768px)\" srcset=\"https:\/\/fotos.perfil.com\/2024\/11\/26\/620\/0\/Mcdq-mixcollage-26-nov-2024-01-33-pm-1181.jpg\"><source media=\"(max-width: 1024px)\" srcset=\"https:\/\/fotos.perfil.com\/2024\/11\/26\/635\/0\/Mcdq-mixcollage-26-nov-2024-01-33-pm-1181.jpg\"><img data-recalc-dims=\"1\" decoding=\"async\" alt=\"Con poco rodaje en Italia, Paredes y Dybala ver\u00edan con buenos ojos volver al f\u00fatbol argentino.\" src=\"https:\/\/i0.wp.com\/fotos.perfil.com\/2024\/11\/26\/850\/0\/Mcdq-mixcollage-26-nov-2024-01-33-pm-1181.jpg?w=640&#038;ssl=1\" loading=\"lazy\"><\/picture><figcaption>Con poco rodaje en Italia, Paredes y Dybala ver\u00edan con buenos ojos volver al f\u00fatbol argentino. &#8211; NA<\/figcaption><\/figure>\n<p>Tanto el<br \/>\nmediocampista como el delantero, que no est\u00e1n sumando la cantidad de minutos<br \/>\nque pretenden, sobre todo para no perder terreno en la consideraci\u00f3n de Lionel<br \/>\nScaloni en la Selecci\u00f3n Argentina, tienen v\u00ednculo con el equipo de la capital<br \/>\nitaliana hasta junio de 2025. <\/p>\n<p>De esta<br \/>\nmanera, en el <em>Xeneize<\/em> se mantienen expectantes respecto al futuro de<br \/>\nambos futbolistas, sobre todo pensando en lo que ser\u00e1 el Mundial de Clubes a<br \/>\nmediados del a\u00f1o que viene. En ese contexto, la intenci\u00f3n ser\u00eda que Paredes y Dybala<br \/>\nlleguen en el pr\u00f3ximo mercado para ya sumarse al plantel, pero por ahora nada<br \/>\nest\u00e1 definido. <\/p>\n<p>JP<\/p>\n<p> <!-- tags --> <\/p>\n","protected":false},"excerpt":{"rendered":"<p>En el mundo Boca la gran obsesi\u00f3n es clasificarse a la Copa Libertadores del a\u00f1o que viene. Sin embargo, ese no es el \u00fanico gran anhelo en el Xeneize en el corto plazo, sino que a la par de jugar el certamen internacional tambi\u00e9n surge el enorme deseo de ver a Leandro Paredes vistiendo otra [&hellip;]<\/p>\n","protected":false},"author":2,"featured_media":8244,"comment_status":"closed","ping_status":"closed","sticky":false,"template":"","format":"standard","meta":{"jetpack_post_was_ever_published":false,"_jetpack_newsletter_access":"","_jetpack_dont_email_post_to_subs":false,"_jetpack_newsletter_tier_id":0,"_jetpack_memberships_contains_paywalled_content":false,"_jetpack_memberships_contains_paid_content":false,"footnotes":"","jetpack_publicize_message":"","jetpack_publicize_feature_enabled":true,"jetpack_social_post_already_shared":true,"jetpack_social_options":{"image_generator_settings":{"template":"highway","enabled":false},"version":2}},"categories":[17],"tags":[],"class_list":["post-8243","post","type-post","status-publish","format-standard","has-post-thumbnail","hentry","category-deportes"],"jetpack_publicize_connections":[],"jetpack_featured_media_url":"https:\/\/i0.wp.com\/infolanus.com\/wp-content\/uploads\/2024\/11\/oriana-sabatini-ilusiona-al-mundo-boca-por-una-posible-llegada-de-paulo-dybala-junto-a-leandro-paredes-si-su-amigo-quiere.jpg?fit=850%2C477&ssl=1","jetpack_sharing_enabled":true,"jetpack_shortlink":"https:\/\/wp.me\/p9QtMr-28X","_links":{"self":[{"href":"https:\/\/infolanus.com\/index.php\/wp-json\/wp\/v2\/posts\/8243","targetHints":{"allow":["GET"]}}],"collection":[{"href":"https:\/\/infolanus.com\/index.php\/wp-json\/wp\/v2\/posts"}],"about":[{"href":"https:\/\/infolanus.com\/index.php\/wp-json\/wp\/v2\/types\/post"}],"author":[{"embeddable":true,"href":"https:\/\/infolanus.com\/index.php\/wp-json\/wp\/v2\/users\/2"}],"replies":[{"embeddable":true,"href":"https:\/\/infolanus.com\/index.php\/wp-json\/wp\/v2\/comments?post=8243"}],"version-history":[{"count":0,"href":"https:\/\/infolanus.com\/index.php\/wp-json\/wp\/v2\/posts\/8243\/revisions"}],"wp:featuredmedia":[{"embeddable":true,"href":"https:\/\/infolanus.com\/index.php\/wp-json\/wp\/v2\/media\/8244"}],"wp:attachment":[{"href":"https:\/\/infolanus.com\/index.php\/wp-json\/wp\/v2\/media?parent=8243"}],"wp:term":[{"taxonomy":"category","embeddable":true,"href":"https:\/\/infolanus.com\/index.php\/wp-json\/wp\/v2\/categories?post=8243"},{"taxonomy":"post_tag","embeddable":true,"href":"https:\/\/infolanus.com\/index.php\/wp-json\/wp\/v2\/tags?post=8243"}],"curies":[{"name":"wp","href":"https:\/\/api.w.org\/{rel}","templated":true}]}}