{"id":8280,"date":"2024-12-02T20:23:44","date_gmt":"2024-12-02T23:23:44","guid":{"rendered":"https:\/\/infolanus.com\/index.php\/2024\/12\/02\/chau-red-bull-christian-horner-dejo-entrever-que-ya-no-hay-interes-por-franco-colapinto\/"},"modified":"2024-12-02T20:23:44","modified_gmt":"2024-12-02T23:23:44","slug":"chau-red-bull-christian-horner-dejo-entrever-que-ya-no-hay-interes-por-franco-colapinto","status":"publish","type":"post","link":"https:\/\/infolanus.com\/index.php\/2024\/12\/02\/chau-red-bull-christian-horner-dejo-entrever-que-ya-no-hay-interes-por-franco-colapinto\/","title":{"rendered":"Chau Red Bull: Christian Horner dej\u00f3 entrever que ya no hay inter\u00e9s por Franco Colapinto"},"content":{"rendered":"<div class=\"media_block\"><\/div>\n<p>Las malas<br \/>\nnoticias parecen seguirlo a <a href=\"https:\/\/442.perfil.com\/noticias\/automovilismo\/colapinto-quedo-afuera-del-gp-de-qatar-y-en-las-redes-se-acordaron-de-la-china-suarez-la-gran-responsable-de-esto.phtml\">Franco Colapinto<\/a> porque luego de un fin de<br \/>\nsemana para el olvido a ra\u00edz de su forzado abandono en el Gran Premio de Qatar,<br \/>\nahora parece que su posible y tan hablada llegada a <strong>Red Bull<\/strong> tampoco<br \/>\ntendr\u00e1 el final esperado. <\/p>\n<p><strong>Christian<br \/>\nHorner<\/strong>, jefe de Red<br \/>\nBull, dej\u00f3 entrever que la escuder\u00eda austr\u00edaca se baja del inter\u00e9s por el<br \/>\npiloto argentino, algo que tambi\u00e9n coment\u00f3 Helmut Makro, asesor principal del<br \/>\nequipo. \u201c<strong>Sin duda es un talento que quiere ganarse su lugar en la F\u00f3rmula 1<\/strong>\u201d,<br \/>\nconfes\u00f3 en di\u00e1logo con <em>Motorsports<\/em> al ser consultado por los planes de<br \/>\ncontratar al corredor de Williams. <\/p>\n<figure class=\"image\"><picture><source media=\"(max-width: 320px)\" srcset=\"https:\/\/fotos.perfil.com\/2024\/12\/02\/300\/0\/RG46-mixcollage-02-dec-2024-08-16-pm-4829.jpg?webp\" type=\"image\/webp\"><source media=\"(max-width: 360px)\" srcset=\"https:\/\/fotos.perfil.com\/2024\/12\/02\/340\/0\/RG46-mixcollage-02-dec-2024-08-16-pm-4829.jpg?webp\" type=\"image\/webp\"><source media=\"(max-width: 375px)\" srcset=\"https:\/\/fotos.perfil.com\/2024\/12\/02\/360\/0\/RG46-mixcollage-02-dec-2024-08-16-pm-4829.jpg?webp\" type=\"image\/webp\"><source media=\"(max-width: 414px)\" srcset=\"https:\/\/fotos.perfil.com\/2024\/12\/02\/400\/0\/RG46-mixcollage-02-dec-2024-08-16-pm-4829.jpg?webp\" type=\"image\/webp\"><source media=\"(max-width: 768px)\" srcset=\"https:\/\/fotos.perfil.com\/2024\/12\/02\/620\/0\/RG46-mixcollage-02-dec-2024-08-16-pm-4829.jpg?webp\" type=\"image\/webp\"><source media=\"(max-width: 1024px)\" srcset=\"https:\/\/fotos.perfil.com\/2024\/12\/02\/635\/0\/RG46-mixcollage-02-dec-2024-08-16-pm-4829.jpg?webp\" type=\"image\/webp\"><source srcset=\"https:\/\/fotos.perfil.com\/2024\/12\/02\/850\/0\/RG46-mixcollage-02-dec-2024-08-16-pm-4829.jpg?webp\" type=\"image\/webp\"><source media=\"(max-width: 320px)\" srcset=\"https:\/\/fotos.perfil.com\/2024\/12\/02\/300\/0\/RG46-mixcollage-02-dec-2024-08-16-pm-4829.jpg\"><source media=\"(max-width: 360px)\" srcset=\"https:\/\/fotos.perfil.com\/2024\/12\/02\/340\/0\/RG46-mixcollage-02-dec-2024-08-16-pm-4829.jpg\"><source media=\"(max-width: 375px)\" srcset=\"https:\/\/fotos.perfil.com\/2024\/12\/02\/360\/0\/RG46-mixcollage-02-dec-2024-08-16-pm-4829.jpg\"><source media=\"(max-width: 414px)\" srcset=\"https:\/\/fotos.perfil.com\/2024\/12\/02\/400\/0\/RG46-mixcollage-02-dec-2024-08-16-pm-4829.jpg\"><source media=\"(max-width: 768px)\" srcset=\"https:\/\/fotos.perfil.com\/2024\/12\/02\/620\/0\/RG46-mixcollage-02-dec-2024-08-16-pm-4829.jpg\"><source media=\"(max-width: 1024px)\" srcset=\"https:\/\/fotos.perfil.com\/2024\/12\/02\/635\/0\/RG46-mixcollage-02-dec-2024-08-16-pm-4829.jpg\"><img data-recalc-dims=\"1\" decoding=\"async\" alt=\"Colapinto tuvo que abandonar en Qatar por el accidente con Esteban Ocon.\" src=\"https:\/\/i0.wp.com\/fotos.perfil.com\/2024\/12\/02\/850\/0\/RG46-mixcollage-02-dec-2024-08-16-pm-4829.jpg?w=640&#038;ssl=1\" loading=\"lazy\"><\/picture><figcaption>Colapinto tuvo que abandonar en Qatar por el accidente con Esteban Ocon. &#8211; NA<\/figcaption><\/figure>\n<p>Sin embargo,<br \/>\nHorner termin\u00f3 de bajarle la persiana al sue\u00f1o de los fan\u00e1ticos de Franco en<br \/>\nverlo formar parte de Red Bull. \u201cTenemos una gran cantera de talentos en el<br \/>\nequipo junior de Red Bull, y <strong>estoy seguro de que Franco encontrar\u00e1 su sitio<br \/>\nen la parrilla en el futuro<\/strong>\u201d, argument\u00f3. <\/p>\n<p>En esa<br \/>\nmisma l\u00ednea, el dirigente brit\u00e1nico termin\u00f3 de sepultar el potencial arribo del<br \/>\nargentino a la escuder\u00eda austr\u00edaca refiri\u00e9ndose a los j\u00f3venes talentos que<br \/>\ntienen en el equipo: \u201cCreo que siempre hay que estar atento al mercado en todos<br \/>\nlos equipos, pero tenemos fuerza y profundidad en el programa junior. Fue bueno<br \/>\nver a Isack Hadjar haciendo un buen trabajo hoy en la F\u00f3rmula 2 tambi\u00e9n. Creo<br \/>\nque hay medio punto entre los pilotos de cara a la \u00faltima carrera en Abu<br \/>\nDhabi.&nbsp;<strong>Liam y Yuki est\u00e1n muy igualados en t\u00e9rminos de ritmo. As\u00ed que,<br \/>\nya sabes, tenemos un establo completo de pilotos\u201d<\/strong><\/p>\n<h2>Qu\u00e9 se<br \/>\nsabe del futuro de Colapinto en la F\u00f3rmula 1<\/h2>\n<p>El pr\u00f3ximo<br \/>\n8 de diciembre se celebrar\u00e1 el Gran Premio de Abu Dabi que pareciera ser el<br \/>\n\u00faltimo en el que dir\u00e1 presente el piloto argentino teniendo en cuenta que su<br \/>\nfuturo es pura incertidumbre, y ahora con la negativa de Red Bull, las chances<br \/>\nde tener un asiento en 2025 parecen alejarse cada vez m\u00e1s. <\/p>\n<p>Ante este<br \/>\npanorama, la \u00fanica opci\u00f3n viable para que Franco pueda permanecer en la<br \/>\ncategor\u00eda es por el inter\u00e9s de Alpine que luego del GP de Qatar anunci\u00f3 la<br \/>\nsalida anticipada de Esteban Ocon que en la pr\u00f3xima temporada formar\u00e1 parte de<br \/>\nHaas. <\/p>\n<p>En reemplazo<br \/>\ndel piloto franc\u00e9s aparecer\u00e1 Jack Doohan, que por lo pronto solo correr\u00e1 en Abu<br \/>\nDabi. Ante esta noticia, el medio especializado <em>Last Word on Sports<\/em><br \/>\nindic\u00f3 que Alpine est\u00e1 en conversaciones con Colapinto, aunque<strong>&nbsp;remarc\u00f3<br \/>\nque no hay detalles de cu\u00e1les ser\u00edan los planes<\/strong>&nbsp;ya que adem\u00e1s del<br \/>\naustraliano Doohan contar\u00e1 con Pierre Gasly como principal.&nbsp;<\/p>\n<h2>Todos<br \/>\nlos detalles del Gran Premio de Abu Dabi<\/h2>\n<p>Cerrando la<br \/>\ntemporada en la m\u00e1xima categor\u00eda, este ser\u00e1 el cronograma del fin de semana que<br \/>\nse llevar\u00e1 a cabo en el Circuito Yas Marina: <\/p>\n<p><strong>Viernes<br \/>\n6 de diciembre<\/strong><\/p>\n<ul class=\"nota_list_unordered\">\n<li class=\"nota_list_unordered_item\">Pr\u00e1cticas Libres 1: 06.30 horas<\/li>\n<li class=\"nota_list_unordered_item\">Pr\u00e1cticas Libres 2: 10.00 horas<\/li>\n<p><strong>S\u00e1bado 7 de diciembre<\/strong><\/p>\n<ul class=\"nota_list_unordered\" readability=\"-0.7005076142132\">\n<li class=\"nota_list_unordered_item\">Pr\u00e1cticas libes 3: 07.30 horas<\/li>\n<li class=\"nota_list_unordered_item\">Clasificaci\u00f3n: 11.00 horas<\/li>\n<p><strong>Domingo 8 de diciembre<\/strong><\/p>\n<\/ul>\n<\/ul>\n","protected":false},"excerpt":{"rendered":"<p>Las malas noticias parecen seguirlo a Franco Colapinto porque luego de un fin de semana para el olvido a ra\u00edz de su forzado abandono en el Gran Premio de Qatar, ahora parece que su posible y tan hablada llegada a Red Bull tampoco tendr\u00e1 el final esperado. Christian Horner, jefe de Red Bull, dej\u00f3 entrever [&hellip;]<\/p>\n","protected":false},"author":2,"featured_media":8281,"comment_status":"closed","ping_status":"closed","sticky":false,"template":"","format":"standard","meta":{"jetpack_post_was_ever_published":false,"_jetpack_newsletter_access":"","_jetpack_dont_email_post_to_subs":false,"_jetpack_newsletter_tier_id":0,"_jetpack_memberships_contains_paywalled_content":false,"_jetpack_memberships_contains_paid_content":false,"footnotes":"","jetpack_publicize_message":"","jetpack_publicize_feature_enabled":true,"jetpack_social_post_already_shared":true,"jetpack_social_options":{"image_generator_settings":{"template":"highway","enabled":false},"version":2}},"categories":[17],"tags":[],"class_list":["post-8280","post","type-post","status-publish","format-standard","has-post-thumbnail","hentry","category-deportes"],"jetpack_publicize_connections":[],"jetpack_featured_media_url":"https:\/\/i0.wp.com\/infolanus.com\/wp-content\/uploads\/2024\/12\/chau-red-bull-christian-horner-dejo-entrever-que-ya-no-hay-interes-por-franco-colapinto.jpg?fit=850%2C477&ssl=1","jetpack_sharing_enabled":true,"jetpack_shortlink":"https:\/\/wp.me\/p9QtMr-29y","_links":{"self":[{"href":"https:\/\/infolanus.com\/index.php\/wp-json\/wp\/v2\/posts\/8280","targetHints":{"allow":["GET"]}}],"collection":[{"href":"https:\/\/infolanus.com\/index.php\/wp-json\/wp\/v2\/posts"}],"about":[{"href":"https:\/\/infolanus.com\/index.php\/wp-json\/wp\/v2\/types\/post"}],"author":[{"embeddable":true,"href":"https:\/\/infolanus.com\/index.php\/wp-json\/wp\/v2\/users\/2"}],"replies":[{"embeddable":true,"href":"https:\/\/infolanus.com\/index.php\/wp-json\/wp\/v2\/comments?post=8280"}],"version-history":[{"count":0,"href":"https:\/\/infolanus.com\/index.php\/wp-json\/wp\/v2\/posts\/8280\/revisions"}],"wp:featuredmedia":[{"embeddable":true,"href":"https:\/\/infolanus.com\/index.php\/wp-json\/wp\/v2\/media\/8281"}],"wp:attachment":[{"href":"https:\/\/infolanus.com\/index.php\/wp-json\/wp\/v2\/media?parent=8280"}],"wp:term":[{"taxonomy":"category","embeddable":true,"href":"https:\/\/infolanus.com\/index.php\/wp-json\/wp\/v2\/categories?post=8280"},{"taxonomy":"post_tag","embeddable":true,"href":"https:\/\/infolanus.com\/index.php\/wp-json\/wp\/v2\/tags?post=8280"}],"curies":[{"name":"wp","href":"https:\/\/api.w.org\/{rel}","templated":true}]}}