{"id":8294,"date":"2024-12-04T16:15:41","date_gmt":"2024-12-04T19:15:41","guid":{"rendered":"https:\/\/infolanus.com\/index.php\/2024\/12\/04\/formula-1-ferrari-y-los-hermanos-leclerc-haran-historia-en-el-gran-premio-de-abu-dabi\/"},"modified":"2024-12-04T16:15:41","modified_gmt":"2024-12-04T19:15:41","slug":"formula-1-ferrari-y-los-hermanos-leclerc-haran-historia-en-el-gran-premio-de-abu-dabi","status":"publish","type":"post","link":"https:\/\/infolanus.com\/index.php\/2024\/12\/04\/formula-1-ferrari-y-los-hermanos-leclerc-haran-historia-en-el-gran-premio-de-abu-dabi\/","title":{"rendered":"F\u00f3rmula 1: Ferrari y los hermanos Leclerc har\u00e1n historia en el Gran Premio de Abu Dabi"},"content":{"rendered":"<div class=\"media_block\"><\/div>\n<p>La <a href=\"https:\/\/442.perfil.com\/noticias\/automovilismo\/la-campana-viral-para-que-franco-colapinto-siga-en-la-formula-1-en-2025.phtml\">F\u00f3rmula<br \/>\n1<\/a> se prepara para bajarle el tel\u00f3n a su temporada con el <a href=\"https:\/\/442.perfil.com\/noticias\/automovilismo\/cuando-vuelve-a-correr-franco-colapinto-en-la-formula-1-tras-el-accidentado-gp-de-qatar.phtml\">Gran Premio de Abu Dabi<br \/>\n<\/a>y para dicha carrera Ferrari hizo un anuncio hist\u00f3rico. <strong>Arthur Leclerc,<br \/>\nhermano de Charles Leclerc, reemplazar\u00e1 a Carlos Sainz en los entrenamientos<br \/>\nlibres<\/strong>, siendo as\u00ed la primera vez en la historia de la categor\u00eda que <strong>dos<br \/>\nhermanos compartan equipo en una misma sesi\u00f3n.<\/strong><\/p>\n<p>La<br \/>\naparici\u00f3n de Arthur para lograr un momento \u00fanico en la historia de la F1 se<br \/>\ndebe a que el piloto de 24 a\u00f1os forma parte del programa de desarrollo de<br \/>\nFerrari que en esta oportunidad decidi\u00f3 darle una oportunidad en la m\u00e1xima por<br \/>\nel talento que demostr\u00f3 tener en el simulador de Maranello y diversas<br \/>\ncompetencias, incluyendo la European Le Mans Series, donde obtuvo una victoria<br \/>\nen LMP2. <\/p>\n<p>\u201cHaciendo<br \/>\nhistoria en la F\u00f3rmula 1. Charles y Arthur Leclerc participar\u00e1n de la primera<br \/>\nsesi\u00f3n de entrenamientos libres del viernes como compa\u00f1eros de equipo. No te lo<br \/>\nquerr\u00e1s perder\u201d, comentaron desde las redes sociales de la escuder\u00eda italiana<br \/>\njunto a una imagen de los dos pilotos. <\/p>\n<figure class=\"image\"><picture><source media=\"(max-width: 320px)\" srcset=\"https:\/\/fotos.perfil.com\/2024\/12\/04\/300\/0\/pvpM-hermanos-leclerc-2.jpg?webp\" type=\"image\/webp\"><source media=\"(max-width: 360px)\" srcset=\"https:\/\/fotos.perfil.com\/2024\/12\/04\/340\/0\/pvpM-hermanos-leclerc-2.jpg?webp\" type=\"image\/webp\"><source media=\"(max-width: 375px)\" srcset=\"https:\/\/fotos.perfil.com\/2024\/12\/04\/360\/0\/pvpM-hermanos-leclerc-2.jpg?webp\" type=\"image\/webp\"><source media=\"(max-width: 414px)\" srcset=\"https:\/\/fotos.perfil.com\/2024\/12\/04\/400\/0\/pvpM-hermanos-leclerc-2.jpg?webp\" type=\"image\/webp\"><source media=\"(max-width: 768px)\" srcset=\"https:\/\/fotos.perfil.com\/2024\/12\/04\/620\/0\/pvpM-hermanos-leclerc-2.jpg?webp\" type=\"image\/webp\"><source media=\"(max-width: 1024px)\" srcset=\"https:\/\/fotos.perfil.com\/2024\/12\/04\/635\/0\/pvpM-hermanos-leclerc-2.jpg?webp\" type=\"image\/webp\"><source srcset=\"https:\/\/fotos.perfil.com\/2024\/12\/04\/850\/0\/pvpM-hermanos-leclerc-2.jpg?webp\" type=\"image\/webp\"><source media=\"(max-width: 320px)\" srcset=\"https:\/\/fotos.perfil.com\/2024\/12\/04\/300\/0\/pvpM-hermanos-leclerc-2.jpg\"><source media=\"(max-width: 360px)\" srcset=\"https:\/\/fotos.perfil.com\/2024\/12\/04\/340\/0\/pvpM-hermanos-leclerc-2.jpg\"><source media=\"(max-width: 375px)\" srcset=\"https:\/\/fotos.perfil.com\/2024\/12\/04\/360\/0\/pvpM-hermanos-leclerc-2.jpg\"><source media=\"(max-width: 414px)\" srcset=\"https:\/\/fotos.perfil.com\/2024\/12\/04\/400\/0\/pvpM-hermanos-leclerc-2.jpg\"><source media=\"(max-width: 768px)\" srcset=\"https:\/\/fotos.perfil.com\/2024\/12\/04\/620\/0\/pvpM-hermanos-leclerc-2.jpg\"><source media=\"(max-width: 1024px)\" srcset=\"https:\/\/fotos.perfil.com\/2024\/12\/04\/635\/0\/pvpM-hermanos-leclerc-2.jpg\"><img data-recalc-dims=\"1\" decoding=\"async\" alt haciendo as\u00ed anunci\u00f3 ferrari la aparici\u00f3n de dupla leclerc en abu src=\"https:\/\/i0.wp.com\/fotos.perfil.com\/2024\/12\/04\/850\/0\/pvpM-hermanos-leclerc-2.jpg?w=640&#038;ssl=1\" loading=\"lazy\"><\/picture><figcaption>&#8220;Haciendo historia&#8221;, as\u00ed anunci\u00f3 Ferrari la aparici\u00f3n de la dupla Leclerc en Abu Dabi. &#8211; Prensa Ferrari<\/figcaption><\/figure>\n<p>Esta<br \/>\noportunidad en el Circuito Yas Marina, Ferrari no solo cumple con la normativa<br \/>\nque obliga a alinear a un piloto novato en FP1, sino que tambi\u00e9n abre camino<br \/>\npara que Arthur siga los pasos de su hermano mayor.<\/p>\n<p>La dupla de<br \/>\nlos Leclerc se une a una selecta lista de hermanos que compartieron pista en la<br \/>\nF\u00f3rmula 1. Aunque nombres como Michael y Ralf Schumacher o Emerson y Wilson<br \/>\nFittipaldi figuran entre los m\u00e1s reconocidos, nunca antes se hab\u00eda dado el caso<br \/>\nde dos hermanos corriendo para el mismo equipo.<\/p>\n<p>Esta<br \/>\nocasi\u00f3n, adem\u00e1s, tiene un sabor especial para Ferrari, que concluye el a\u00f1o con<br \/>\nuna alineaci\u00f3n in\u00e9dita y se prepara para un 2025 prometedor tras fichar a Lewis<br \/>\nHamilton, aunque su debut con el equipo ser\u00e1 reci\u00e9n en enero.<\/p>\n<p>El Gran<br \/>\nPremio de Abu Dhabi no solo ser\u00e1 el cierre de la temporada, sino tambi\u00e9n un<br \/>\nmomento hist\u00f3rico que quedar\u00e1 grabado en la F\u00f3rmula 1. Con Charles consolidado<br \/>\ncomo una de las grandes estrellas del paddock y Arthur haciendo su debut en el<br \/>\nescenario m\u00e1s prestigioso del automovilismo, Ferrari se posiciona como<br \/>\nprotagonista de una jornada inolvidable.<\/p>\n<h2>Cambios<br \/>\nen Ferrari: Sainz marcha enseguida, pero deber\u00e1n esperar por Hamilton<\/h2>\n<p>De cara a<br \/>\nla pr\u00f3xima temporada en la F\u00f3rmula 1 uno de los traspasos m\u00e1s resonantes fue el<br \/>\nde <strong>Lewis<\/strong> <strong>Hamilton<\/strong> que llegar\u00e1 a Ferrari proveniente de Mercedes<br \/>\nBenz para tomar el lugar que dejar\u00e1 Carlos Sainz que ocupar\u00e1 una de las dos butacas<br \/>\nde Williams en 2025. <\/p>\n<p>En ese<br \/>\ncontexto, la escuder\u00eda italiana confirm\u00f3 que el piloto espa\u00f1ol podr\u00e1 marcharse<br \/>\npara sumarse a su nuevo equipo de inmediato. Es decir, una vez finalizado el GP<br \/>\nde Abu Dabi, Saniz podr\u00e1 ponerse a disposici\u00f3n de la escuder\u00eda brit\u00e1nica y<br \/>\ntomar el lugar de Franco Colapinto. <\/p>\n<p>Sin embargo,<br \/>\nla llegada de Hamilton a Ferrari no ser\u00e1 tan r\u00e1pida. El siete veces campe\u00f3n del<br \/>\nmundo empezar\u00e1 a trabajar con los italianos reci\u00e9n a partir del 1 de enero para<br \/>\npreparar una nueva temporada en la m\u00e1xima categor\u00eda. <\/p>\n<h2>Todos los<br \/>\ndetalles del Gran Premio de Abu Dabi<\/h2>\n<p><strong>Viernes 6 de diciembre<\/strong><\/p>\n<ul class=\"nota_list_unordered\">\n<li class=\"nota_list_unordered_item\">Pr\u00e1cticas Libres 1: 06.30 horas<\/li>\n<li class=\"nota_list_unordered_item\">Pr\u00e1cticas Libres 2: 10.00 horas<\/li>\n<p><strong>S\u00e1bado 7 de diciembre<\/strong><\/p>\n<ul class=\"nota_list_unordered\" readability=\"-0.72407732864675\">\n<li class=\"nota_list_unordered_item\">Pr\u00e1cticas libes 3: 07.30 horas<\/li>\n<li class=\"nota_list_unordered_item\">Clasificaci\u00f3n: 11.00 horas<\/li>\n<p><strong>Domingo 8 de diciembre<\/strong><\/p>\n<\/ul>\n<\/ul>\n","protected":false},"excerpt":{"rendered":"<p>La F\u00f3rmula 1 se prepara para bajarle el tel\u00f3n a su temporada con el Gran Premio de Abu Dabi y para dicha carrera Ferrari hizo un anuncio hist\u00f3rico. Arthur Leclerc, hermano de Charles Leclerc, reemplazar\u00e1 a Carlos Sainz en los entrenamientos libres, siendo as\u00ed la primera vez en la historia de la categor\u00eda que dos [&hellip;]<\/p>\n","protected":false},"author":2,"featured_media":8295,"comment_status":"closed","ping_status":"closed","sticky":false,"template":"","format":"standard","meta":{"jetpack_post_was_ever_published":false,"_jetpack_newsletter_access":"","_jetpack_dont_email_post_to_subs":false,"_jetpack_newsletter_tier_id":0,"_jetpack_memberships_contains_paywalled_content":false,"_jetpack_memberships_contains_paid_content":false,"footnotes":"","jetpack_publicize_message":"","jetpack_publicize_feature_enabled":true,"jetpack_social_post_already_shared":true,"jetpack_social_options":{"image_generator_settings":{"template":"highway","enabled":false},"version":2}},"categories":[17],"tags":[],"class_list":["post-8294","post","type-post","status-publish","format-standard","has-post-thumbnail","hentry","category-deportes"],"jetpack_publicize_connections":[],"jetpack_featured_media_url":"https:\/\/i0.wp.com\/infolanus.com\/wp-content\/uploads\/2024\/12\/formula-1-ferrari-y-los-hermanos-leclerc-haran-historia-en-el-gran-premio-de-abu-dabi.jpg?fit=720%2C900&ssl=1","jetpack_sharing_enabled":true,"jetpack_shortlink":"https:\/\/wp.me\/p9QtMr-29M","_links":{"self":[{"href":"https:\/\/infolanus.com\/index.php\/wp-json\/wp\/v2\/posts\/8294","targetHints":{"allow":["GET"]}}],"collection":[{"href":"https:\/\/infolanus.com\/index.php\/wp-json\/wp\/v2\/posts"}],"about":[{"href":"https:\/\/infolanus.com\/index.php\/wp-json\/wp\/v2\/types\/post"}],"author":[{"embeddable":true,"href":"https:\/\/infolanus.com\/index.php\/wp-json\/wp\/v2\/users\/2"}],"replies":[{"embeddable":true,"href":"https:\/\/infolanus.com\/index.php\/wp-json\/wp\/v2\/comments?post=8294"}],"version-history":[{"count":0,"href":"https:\/\/infolanus.com\/index.php\/wp-json\/wp\/v2\/posts\/8294\/revisions"}],"wp:featuredmedia":[{"embeddable":true,"href":"https:\/\/infolanus.com\/index.php\/wp-json\/wp\/v2\/media\/8295"}],"wp:attachment":[{"href":"https:\/\/infolanus.com\/index.php\/wp-json\/wp\/v2\/media?parent=8294"}],"wp:term":[{"taxonomy":"category","embeddable":true,"href":"https:\/\/infolanus.com\/index.php\/wp-json\/wp\/v2\/categories?post=8294"},{"taxonomy":"post_tag","embeddable":true,"href":"https:\/\/infolanus.com\/index.php\/wp-json\/wp\/v2\/tags?post=8294"}],"curies":[{"name":"wp","href":"https:\/\/api.w.org\/{rel}","templated":true}]}}