{"id":8309,"date":"2024-12-07T11:08:48","date_gmt":"2024-12-07T14:08:48","guid":{"rendered":"https:\/\/infolanus.com\/index.php\/2024\/12\/07\/river-despidio-a-maximo-papa-y-primer-dt-de-marcelo-gallardo\/"},"modified":"2024-12-07T11:08:48","modified_gmt":"2024-12-07T14:08:48","slug":"river-despidio-a-maximo-papa-y-primer-dt-de-marcelo-gallardo","status":"publish","type":"post","link":"https:\/\/infolanus.com\/index.php\/2024\/12\/07\/river-despidio-a-maximo-papa-y-primer-dt-de-marcelo-gallardo\/","title":{"rendered":"River despidi\u00f3 a M\u00e1ximo, pap\u00e1 y primer DT de Marcelo Gallardo"},"content":{"rendered":"<div class=\"media_block\"><\/div>\n<div><img data-recalc-dims=\"1\" decoding=\"async\" src=\"https:\/\/i0.wp.com\/fotos.perfil.com\/2024\/12\/07\/trim\/1140\/641\/maximo-gallardo-1926276.jpg?w=640&#038;ssl=1\" class=\"ff-og-image-inserted\"><\/div>\n<p>\u201c<strong>River Plate<\/strong> lamenta el fallecimiento de <strong>M\u00e1ximo Gallardo<\/strong>, padre de <strong>Marcelo <\/strong>y entrenador de nuestro equipo de Leyendas. Acompa\u00f1amos con afecto a nuestro DT y a toda su familia en este d\u00eda de profunda tristeza\u201d, de esta manera las redes of\u00edciales de<strong><a target=\"_blank\" href=\"https:\/\/442.perfil.com\/noticias\/futbol\/los-partidos-historicos-que-boca-y-river-pueden-reversionar-en-el-mundial-de-clubes-2025.phtml\">River Plate<\/a> <\/strong>anunciaron la triste noticia de la muerte de<strong> M\u00e1ximo Gallardo<\/strong>, el padre del <a target=\"_blank\" href=\"https:\/\/442.perfil.com\/noticias\/futbol\/copa-libertadores-el-increible-record-que-conseguira-marcelo-gallardo-cuando-river-enfrente-a-colo-colo.phtml\"><em>Mu\u00f1eco <\/em>Gallardo<\/a> y quien fuera su primer entrenador en <strong>Once Colegiales en el baby de Merlo.<\/strong><\/p>\n<blockquote class=\"twitter-tweet\" readability=\"6.8127208480565\">\n<p lang=\"es\" dir=\"ltr\">River Plate lamenta el fallecimiento de M\u00e1ximo Gallardo, padre de Marcelo y entrenador de nuestro equipo de Leyendas. Acompa\u00f1amos con afecto a nuestro DT y a toda su familia en este d\u00eda de profunda tristeza. <a href=\"https:\/\/t.co\/SsPGK2hQf3\">pic.twitter.com\/SsPGK2hQf3<\/a><\/p>\n<p>\u2014 River Plate (@RiverPlate) <a href=\"https:\/\/twitter.com\/RiverPlate\/status\/1865384825906937934?ref_src=twsrc%5Etfw\">December 7, 2024<\/a><\/p><\/blockquote>\n<p><strong>A los 70 a\u00f1os y luego de largos de meses de padecer una enfermedad de la que no se pudo curar<\/strong>, se produjo el deceso de M\u00e1ximo que se desempe\u00f1aba como entrenador del f\u00fatbol senior del club. Precisamente los ex jugadores de River que en estas horas se encuentran en Chile por un evento de estrellas y leyendas junto a Colo Colo, fueron quienes salieron a jugar a inicios de este a\u00f1o con una bandera que dec\u00eda \u201cFuerza M\u00e1ximo\u201d en el momento que se conoci\u00f3 que estaba enfermo.<\/p>\n<p>Luego, fue el propio Marcelo Gallardo al asumir en el mes de julio qui\u00e9n se emocion\u00f3 porque no pod\u00eda contar con la presencia de su pap\u00e1 en ese momento y dijo:<strong> &#8220;Le quiero agradecer de todo coraz\u00f3n a todos, y en especial a mi viejo que no est\u00e1 ac\u00e1, que no puede estar, pero que lo tengo en mi coraz\u00f3n. As\u00ed que ya lo vamos a tener ac\u00e1&#8221;.<\/strong><\/p>\n<p>De todos modos, M\u00e1ximo tuvo una leve mejor\u00eda en esos meses lo que le permiti\u00f3 estar en el palco ante Hurac\u00e1n cuando volvi\u00f3 a dirigir el Mu\u00f1eco. Estuvo acompa\u00f1ado por sus hijas Marta y Paola y sus nietas en el palco 57 de la Belgrano. Sin embargo <strong>en los \u00faltimos meses su salud se agrav\u00f3 y esta madrugada se produjo el deceso acompa\u00f1ado por su familia.<\/strong><\/p>\n<p>Vale el recuerdo que cuando Marcelo Gallardo comenz\u00f3 a jugar al f\u00fatbol, en el club Once Colegiales de Parque San Mart\u00edn, Merlo, su pap\u00e1, era el entrenador del equipo de baby. \u201cYo el primer jugador de f\u00fatbol que vi fue mi pap\u00e1, en los campeonatos en Merlo, yo tendr\u00eda unos 5 o 6 a\u00f1os, jugaba muy bien\u201d, cont\u00f3 alguna vez el <em>Mu\u00f1eco<\/em>. Gallardo ya hab\u00eda perdido a su madre, Ana, por una enfermedad similar hace 10 a\u00f1os cuando jugaba contra Boca la semifinal de la Copa Sudamericana y <strong>anoche perdi\u00f3 a su padre.<\/strong> Ana, oriunda de Merlo y M\u00e1ximo, de C\u00f3rdoba se conocieron cuando ten\u00edan eran chicos por ser vecinos y a los 17 a\u00f1os de ella y a los 21 de \u00e9l concibieron a Marcleo Gallardo quien naci\u00f3 el 18 de enero de 1976.<\/p>\n<p><strong>M\u00e1ximo siempre acompa\u00f1\u00f3 al <em>Mu\u00f1eco <\/em>desde chico en las inferiores de River<\/strong> y era muy conocido y querido en el ambiente de las inferiores. Por eso se sum\u00f3 al equipo de trabajo de las formativas como captador durante los primeros a\u00f1os de DT del Mu\u00f1eco y por ejemplo fue uno de los que vio en vivo a Juli\u00e1n Alvarez en uno de los viajes al interior.&nbsp;<\/p>\n<p>LP<\/p>\n<p> <!-- tags --> <\/p>\n","protected":false},"excerpt":{"rendered":"<p>\u201cRiver Plate lamenta el fallecimiento de M\u00e1ximo Gallardo, padre de Marcelo y entrenador de nuestro equipo de Leyendas. Acompa\u00f1amos con afecto a nuestro DT y a toda su familia en este d\u00eda de profunda tristeza\u201d, de esta manera las redes of\u00edciales deRiver Plate anunciaron la triste noticia de la muerte de M\u00e1ximo Gallardo, el padre [&hellip;]<\/p>\n","protected":false},"author":2,"featured_media":8310,"comment_status":"closed","ping_status":"closed","sticky":false,"template":"","format":"standard","meta":{"jetpack_post_was_ever_published":false,"_jetpack_newsletter_access":"","_jetpack_dont_email_post_to_subs":false,"_jetpack_newsletter_tier_id":0,"_jetpack_memberships_contains_paywalled_content":false,"_jetpack_memberships_contains_paid_content":false,"footnotes":"","jetpack_publicize_message":"","jetpack_publicize_feature_enabled":true,"jetpack_social_post_already_shared":true,"jetpack_social_options":{"image_generator_settings":{"template":"highway","enabled":false},"version":2}},"categories":[17],"tags":[],"class_list":["post-8309","post","type-post","status-publish","format-standard","has-post-thumbnail","hentry","category-deportes"],"jetpack_publicize_connections":[],"jetpack_featured_media_url":"https:\/\/i0.wp.com\/infolanus.com\/wp-content\/uploads\/2024\/12\/river-despidio-a-maximo-papa-y-primer-dt-de-marcelo-gallardo.jpg?fit=1140%2C641&ssl=1","jetpack_sharing_enabled":true,"jetpack_shortlink":"https:\/\/wp.me\/p9QtMr-2a1","_links":{"self":[{"href":"https:\/\/infolanus.com\/index.php\/wp-json\/wp\/v2\/posts\/8309","targetHints":{"allow":["GET"]}}],"collection":[{"href":"https:\/\/infolanus.com\/index.php\/wp-json\/wp\/v2\/posts"}],"about":[{"href":"https:\/\/infolanus.com\/index.php\/wp-json\/wp\/v2\/types\/post"}],"author":[{"embeddable":true,"href":"https:\/\/infolanus.com\/index.php\/wp-json\/wp\/v2\/users\/2"}],"replies":[{"embeddable":true,"href":"https:\/\/infolanus.com\/index.php\/wp-json\/wp\/v2\/comments?post=8309"}],"version-history":[{"count":0,"href":"https:\/\/infolanus.com\/index.php\/wp-json\/wp\/v2\/posts\/8309\/revisions"}],"wp:featuredmedia":[{"embeddable":true,"href":"https:\/\/infolanus.com\/index.php\/wp-json\/wp\/v2\/media\/8310"}],"wp:attachment":[{"href":"https:\/\/infolanus.com\/index.php\/wp-json\/wp\/v2\/media?parent=8309"}],"wp:term":[{"taxonomy":"category","embeddable":true,"href":"https:\/\/infolanus.com\/index.php\/wp-json\/wp\/v2\/categories?post=8309"},{"taxonomy":"post_tag","embeddable":true,"href":"https:\/\/infolanus.com\/index.php\/wp-json\/wp\/v2\/tags?post=8309"}],"curies":[{"name":"wp","href":"https:\/\/api.w.org\/{rel}","templated":true}]}}