{"id":8318,"date":"2024-12-09T00:20:32","date_gmt":"2024-12-09T03:20:32","guid":{"rendered":"https:\/\/infolanus.com\/index.php\/2024\/12\/09\/gago-y-su-reflexion-sobre-el-triunfo-ante-newells-a-partir-de-la-ventaja-nos-falto-tener-mas-la-pelota\/"},"modified":"2024-12-09T00:20:32","modified_gmt":"2024-12-09T03:20:32","slug":"gago-y-su-reflexion-sobre-el-triunfo-ante-newells-a-partir-de-la-ventaja-nos-falto-tener-mas-la-pelota","status":"publish","type":"post","link":"https:\/\/infolanus.com\/index.php\/2024\/12\/09\/gago-y-su-reflexion-sobre-el-triunfo-ante-newells-a-partir-de-la-ventaja-nos-falto-tener-mas-la-pelota\/","title":{"rendered":"Gago y su reflexi\u00f3n sobre el triunfo ante Newells: &#8220;A partir de la ventaja nos falt\u00f3 tener m\u00e1s la pelota&#8221;"},"content":{"rendered":"<div class=\"media_block\"><\/div>\n<p><strong><a target=\"_blank\" href=\"https:\/\/442.perfil.com\/noticias\/futbol\/mercado-de-pases-en-boca-desde-italia-aseguran-que-el-inter-viene-a-la-carga-por-dos-figuras-del-equipo-de-fernando-gago.phtml\">Boca Juniors<\/a> <\/strong>volvi\u00f3 a conseguir un triunfo de suma importancia ante <strong>Newells<\/strong> en el marco de la fecha 26 de la <a target=\"_blank\" href=\"https:\/\/442.perfil.com\/noticias\/futbol\/talleres-supero-1-a-0-a-gimnasia-de-la-plata-y-se-ilusiona-con-alcanzar-el-titulo-en-la-ultima-fecha-del-torneo.phtml\"><strong>Liga Profesional<\/strong><\/a> y que lo ilusiona para poder disputar la fase de repechaje de la<strong> Copa Libertadores del 2025.<\/strong><\/p>\n<p>Frente a esta situaci\u00f3n, <strong>Fernando Gago<\/strong> dio a conocer su an\u00e1lisis en la charla que tuvo con los medios period\u00edsticos. <strong>&#8220;Yo creo que a partir de la ventaja nos falt\u00f3 tener m\u00e1s la pelota. A simple vista nos falt\u00f3 m\u00e1s control de juego que en situaciones del partido cuando teniamos en el marcador a favor sabiendo que el rival iba a desesperarse&#8221;, <\/strong>dijo.<\/p>\n<p><strong>&#8220;Ese desgaste a final de a\u00f1o se siente. Lo hicieron bien los chicos y el rival te lleva a jugar en una posici\u00f3n defensiva&#8221;,<\/strong> asegur\u00f3.<\/p>\n<div>\n<figure class=\"image\"><img data-recalc-dims=\"1\" decoding=\"async\" alt=\"Liga Profesional\" src=\"https:\/\/i0.wp.com\/fotos.perfil.com\/\/2024\/12\/09\/900\/0\/liga-profesional-1926738.jpg?w=640&#038;ssl=1\" loading=\"lazy\"><figcaption>Liga Profesional &#8211; @BocaJrsOficial<\/figcaption><\/figure>\n<\/div>\n<p>Con respecto a su participaci\u00f3n en el <strong>Mundial de Clubes <\/strong>remarc\u00f3: <strong>&#8220;Estar clasificado para una competencia tan importante es lindo enfrentar a grandes equipos independiente del grupo. Va haber tiempo para analizar a los rivales cuando llegue la fecha, son todos los partidos dif\u00edciles y vamos a tratar de llegar con un nivel de competencia bueno sin dejar de lado la competencia de ac\u00e1&#8221;<\/strong>, agreg\u00f3.<\/p>\n<p>Por \u00faltimo, el Pintita tambi\u00e9n tuvo tiempo para referirse a Pol Fern\u00e1ndez, quien en los pr\u00f3ximos d\u00edas abandonar\u00e1 la instituci\u00f3n para jugar en Brasil.&nbsp;<strong>&#8220;Tiene un profesionalismo muy grande y eso lo demuestra en cada partido, haciendo lo mejor en cada encuentro que le toque jugar&#8221;, <\/strong>cerr\u00f3.<\/p>\n<h2>\u00bfCu\u00e1ndo ser\u00e1 el pr\u00f3ximo partido de Boca?<\/h2>\n<p>El equipo Xeneize deber\u00e1 atender el partido por la fecha 27 de la Liga Profesional el pr\u00f3ximo fin de semana ante Independiente en d\u00eda y horario a confirmar.<\/p>\n<h2>Mir\u00e1 el gol con el que Boca le gan\u00f3 a Newells<\/h2>\n<p>GM<\/p>\n<p> <!-- tags --> <\/p>\n","protected":false},"excerpt":{"rendered":"<p>Boca Juniors volvi\u00f3 a conseguir un triunfo de suma importancia ante Newells en el marco de la fecha 26 de la Liga Profesional y que lo ilusiona para poder disputar la fase de repechaje de la Copa Libertadores del 2025. Frente a esta situaci\u00f3n, Fernando Gago dio a conocer su an\u00e1lisis en la charla que [&hellip;]<\/p>\n","protected":false},"author":2,"featured_media":8319,"comment_status":"closed","ping_status":"closed","sticky":false,"template":"","format":"standard","meta":{"jetpack_post_was_ever_published":false,"_jetpack_newsletter_access":"","_jetpack_dont_email_post_to_subs":false,"_jetpack_newsletter_tier_id":0,"_jetpack_memberships_contains_paywalled_content":false,"_jetpack_memberships_contains_paid_content":false,"footnotes":"","jetpack_publicize_message":"","jetpack_publicize_feature_enabled":true,"jetpack_social_post_already_shared":true,"jetpack_social_options":{"image_generator_settings":{"template":"highway","enabled":false},"version":2}},"categories":[17],"tags":[],"class_list":["post-8318","post","type-post","status-publish","format-standard","has-post-thumbnail","hentry","category-deportes"],"jetpack_publicize_connections":[],"jetpack_featured_media_url":"https:\/\/i0.wp.com\/infolanus.com\/wp-content\/uploads\/2024\/12\/gago-y-su-reflexion-sobre-el-triunfo-ante-newells-a-partir-de-la-ventaja-nos-falto-tener-mas-la-pelota.jpg?fit=900%2C498&ssl=1","jetpack_sharing_enabled":true,"jetpack_shortlink":"https:\/\/wp.me\/p9QtMr-2aa","_links":{"self":[{"href":"https:\/\/infolanus.com\/index.php\/wp-json\/wp\/v2\/posts\/8318","targetHints":{"allow":["GET"]}}],"collection":[{"href":"https:\/\/infolanus.com\/index.php\/wp-json\/wp\/v2\/posts"}],"about":[{"href":"https:\/\/infolanus.com\/index.php\/wp-json\/wp\/v2\/types\/post"}],"author":[{"embeddable":true,"href":"https:\/\/infolanus.com\/index.php\/wp-json\/wp\/v2\/users\/2"}],"replies":[{"embeddable":true,"href":"https:\/\/infolanus.com\/index.php\/wp-json\/wp\/v2\/comments?post=8318"}],"version-history":[{"count":0,"href":"https:\/\/infolanus.com\/index.php\/wp-json\/wp\/v2\/posts\/8318\/revisions"}],"wp:featuredmedia":[{"embeddable":true,"href":"https:\/\/infolanus.com\/index.php\/wp-json\/wp\/v2\/media\/8319"}],"wp:attachment":[{"href":"https:\/\/infolanus.com\/index.php\/wp-json\/wp\/v2\/media?parent=8318"}],"wp:term":[{"taxonomy":"category","embeddable":true,"href":"https:\/\/infolanus.com\/index.php\/wp-json\/wp\/v2\/categories?post=8318"},{"taxonomy":"post_tag","embeddable":true,"href":"https:\/\/infolanus.com\/index.php\/wp-json\/wp\/v2\/tags?post=8318"}],"curies":[{"name":"wp","href":"https:\/\/api.w.org\/{rel}","templated":true}]}}