{"id":8591,"date":"2025-01-22T23:33:50","date_gmt":"2025-01-23T02:33:50","guid":{"rendered":"https:\/\/www.ambito.com\/c6105768"},"modified":"2025-01-22T23:33:50","modified_gmt":"2025-01-23T02:33:50","slug":"marco-rubio-se-reunio-con-la-oposicion-de-venezuela-y-reconocio-a-edmundo-gonzalez-urrutia-como-presidente-legitimo","status":"publish","type":"post","link":"https:\/\/infolanus.com\/index.php\/2025\/01\/22\/marco-rubio-se-reunio-con-la-oposicion-de-venezuela-y-reconocio-a-edmundo-gonzalez-urrutia-como-presidente-legitimo\/","title":{"rendered":"Marco Rubio se reuni\u00f3 con la oposici\u00f3n de Venezuela y reconoci\u00f3 a Edmundo Gonz\u00e1lez Urrutia como &#8220;presidente leg\u00edtimo&#8221;"},"content":{"rendered":"<p><!-- { REGION4 --> <\/p>\n<header class=\"news-headline\" readability=\"1.3956953642384\">\n<div class=\"news-headline__topics-and-date-wrapper\"> <span class=\"news-headline__publication-date\"> 22 de enero 2025 &#8211; 23:33 <\/span><\/div>\n<h2 class=\"news-headline__article-summary\" readability=\"23\">\n<p class=\"ignore-parser\">El flamante Secretario de Estado de Estados Unidos reafirm\u00f3 el apoyo de su pa\u00eds a &#8220;restauraci\u00f3n de la democracia en Venezuela&#8221;.<\/p>\n<\/h2>\n<\/header>\n<div class=\"detail-highlighted-multimedia content-protected-false\">\n<figure class=\"detail-highlighted-multimedia__figure\"> <img data-recalc-dims=\"1\" loading=\"lazy\" decoding=\"async\" src=\"https:\/\/i0.wp.com\/media.ambito.com\/p\/fd19d5e2c2d10c4d30ec1a9a338daa7c\/adjuntos\/239\/imagenes\/041\/959\/0041959002\/marco-rubio-bbc-1jpg.jpg?resize=640%2C360&#038;ssl=1\" class=\"detail-highlighted-multimedia__figure-img img-fluid\" alt=\"Marco Rubio respald\u00f3 a Edmundo Gonz\u00e1lez Urrutia.\" width=\"640\" height=\"360\"><figcaption class=\"detail-highlighted-multimedia__figcaption\" readability=\"-24\"> <span class=\"detail-highlighted-multimedia__copyright\">Gentileza: BBC<\/span><\/figcaption><\/figure>\n<\/div>\n<article class=\"article-body article-body--first-paragraph content-protected-false\" data-td-script-src=\"https:\/\/www.ambito.com\/td\/modulos\/encuestas\/js\/function-embeds-min-version-1737432447.js\" readability=\"26.494623655914\">\n<p>A dos d\u00edas de su llegada a la <strong>Casa Blanca<\/strong>, el Secretario de Estado de <strong>Estados Unidos, <a href=\"https:\/\/www.ambito.com\/mundo\/donald-trump-piensa-marco-rubio-como-el-nuevo-secretario-estado-eeuu-n6080968\" target=\"_blank\" rel=\"follow\">Marco Rubio<\/a><\/strong>, habl\u00f3 con los l\u00edderes de la oposici\u00f3n venezolana <strong> Mar\u00eda Corina Machado y Edmundo Gonz\u00e1lez Urrutia<\/strong>, a quien <strong><a href=\"https:\/\/www.ambito.com\/politica\/el-gobierno-reitero-su-reconocimiento-edmundo-gonzalez-urrutia-como-presidente-electo-venezuela-n6101693\" target=\"_blank\" rel=\"follow\">reconoci\u00f3 como el &#8220;el presidente leg\u00edtimo&#8221;<\/a> del pa\u00eds sudamericano. <\/strong><\/p>\n<\/article>\n<article class=\"article-body article-body--second-paragraph content-protected-false\" readability=\"30.372047244094\">\n<p>De esta manera, <strong>Estados Unidos<\/strong>, ya con una nueva administraci\u00f3n en ejercicio, ratifica su rechazo a la <a href=\"https:\/\/www.ambito.com\/uruguay\/nicolas-maduro-asumio-su-tercer-mandato-venezuela-mientras-la-region-sostiene-la-presion-diplomatica-n6101428\" target=\"_blank\" rel=\"follow\">asunci\u00f3n ilegal de la presidencia que llev\u00f3 a cabo el pasado 10 de enero <strong>Nicol\u00e1s Maduro<\/strong>.<\/a> Meses atr\u00e1s, Anthony Blinken, el predecesor de Rubio, hab\u00eda remarcado que Urrutia era el <strong>&#8220;presidente electo&#8221; <\/strong>y que<strong> &#8220;la democracia exige respeto a la voluntad de los votantes&#8221;. <\/strong>Incluso, aumentaron el valor de la recompensa a <strong>u$s25 millones por informaci\u00f3n que pueda llevar a la captura del l\u00edder del r\u00e9gimen.<\/strong><\/p>\n<\/article>\n<section class=\"related-news\"><span class=\"related-news__title\"> Informate m\u00e1s<\/span> <\/p>\n<div class=\"row row--eq-height\">\n<div class=\"col-12 col-md-6\">\n<article class=\"news-article news-article--landscape-news news-article--landscape-news\">\n<figure class=\"news-article__figure figure\"> <a href=\"https:\/\/www.ambito.com\/uruguay\/yo-no-invitaria-nicolas-maduro-ni-edmundo-gonzalez-urrutia-dijo-fernando-pereira-la-asuncion-presidencial-n6105708\" target title=\"\u00e1mbito.com | Yo no invitar\u00eda a Maduro ni a Gonz\u00e1lez Urrutia, dijo Pereira sobre la asunci\u00f3n presidencial\" alt=\"\u00e1mbito.com | Yo no invitar\u00eda a Maduro ni a Gonz\u00e1lez Urrutia, dijo Pereira sobre la asunci\u00f3n presidencial\" rel=\"noindex nofollow noreferrer\"> <img loading=\"lazy\" decoding=\"async\" src=\"https:\/\/www.ambito.com\/css-custom\/239\/lazy.svg\" data-td-src-property=\"https:\/\/media.ambito.com\/p\/ad6be12133cb3e9420fcd458970a8dc7\/adjuntos\/351\/imagenes\/042\/133\/0042133117\/93x52\/smart\/fernando-pereira.jpg\" alt=\"Fernando Pereira sostuvo que no hay pruebas de que ni Maduro ni Gonz\u00e1lez Urrutia resultaran electos en las pasadas elecciones venezolanas.\" title=\"Fernando Pereira sostuvo que no hay pruebas de que ni Maduro ni Gonz\u00e1lez Urrutia resultaran electos en las pasadas elecciones venezolanas.\" width=\"93\" height=\"52\" class=\"news-article__figure-img figure-img img-fluid\"> <\/a><\/figure>\n<\/article><\/div>\n<div class=\"col-12 col-md-6\">\n<article class=\"news-article news-article--landscape-news news-article--landscape-news\">\n<figure class=\"news-article__figure figure\"> <a href=\"https:\/\/www.ambito.com\/uruguay\/no-hay-que-creer-que-el-comercio-venezuela-esta-interrumpido-dijo-el-exembajador-caracas-n6105609\" target title=\"\u00e1mbito.com | No hay que creer que el comercio con Venezuela est\u00e1 interrumpido, dijo el exembajador en Caracas\" alt=\"\u00e1mbito.com | No hay que creer que el comercio con Venezuela est\u00e1 interrumpido, dijo el exembajador en Caracas\" rel=\"noindex nofollow noreferrer\"> <img loading=\"lazy\" decoding=\"async\" src=\"https:\/\/www.ambito.com\/css-custom\/239\/lazy.svg\" data-td-src-property=\"https:\/\/media.ambito.com\/p\/d39c52b3b67ef9ce4867866e68a145be\/adjuntos\/351\/imagenes\/041\/331\/0041331710\/93x52\/smart\/presidente-venezuela-nicolas-maduro-exembajador-eber-da-rosa.jpg\" alt=\"Eber Da Rosa rememor\u00f3 sus d\u00edas en Caracas como embajador uruguayo.\" title=\"Eber Da Rosa rememor\u00f3 sus d\u00edas en Caracas como embajador uruguayo.\" width=\"93\" height=\"52\" class=\"news-article__figure-img figure-img img-fluid\"> <\/a><\/figure>\n<\/article><\/div>\n<\/div>\n<\/section>\n<article class=\"article-body article-body--third-paragraph content-protected-false\" readability=\"32\">\n<p>Este mi\u00e9rcoles, el Departamento de Estado norteamericano emiti\u00f3 un comunicado luego de la reuni\u00f3n e inform\u00f3 que \u201cel Secretario de Estado Marco Rubio habl\u00f3 hoy con el <strong>presidente leg\u00edtimo de Venezuela, Edmundo Gonz\u00e1lez Urrutia, y con la l\u00edder de la oposici\u00f3n Mar\u00eda Corina Machado<\/strong>\u201d.<\/p>\n<\/article>\n<article class=\"article-body article-body--fourth-paragraph content-protected-false\" readability=\"32\">\n<p>\u201cEl Secretario elogi\u00f3 el <strong>coraje del pueblo venezolano frente a la represi\u00f3n perpetrada por Nicol\u00e1s Maduro<\/strong> y sus socios. El Secretario Rubio reafirm\u00f3 el apoyo de Estados Unidos a la <strong>restauraci\u00f3n de la democracia en Venezuela<\/strong>, as\u00ed como a la <strong>liberaci\u00f3n incondicional e inmediata de todos los presos pol\u00edticos<\/strong> en l\u00ednea con las aspiraciones democr\u00e1ticas pac\u00edficas del pueblo venezolano\u201d, concluy\u00f3 el comunicado atribuido a la <strong>portavoz Tammy Bruce<\/strong>.<\/p>\n<\/article>\n<article class=\"article-body article-body--remaining-paragraph content-protected-false\" readability=\"43\">\n<div contenteditable=\"false\" class=\"embed_cont type_imagen\" id=\"8031093-Libre-1813482116_wrap\">\n<p>image.png <span onclick=\"parent.parent.TinyMCETdcuerpo.preview_embed('8031093-Libre-1813482116')\" class=\"embed_colapse less\" id=\"8031093-Libre-1813482116_colapse\"><\/span> <span onclick=\"parent.parent.TinyMCETdcuerpo.delete_embed('8031093-Libre-1813482116')\" class=\"embed_delete less\" id=\"8031093-Libre-1813482116_delete\"><\/span><\/p>\n<div id=\"8031093-Libre-1813482116_content\" class=\"embed_content\"><img decoding=\"async\" src=\"https:\/\/www.ambito.com\/css-custom\/239\/lazy.svg\" data-td-src-property=\"https:\/\/media.ambito.com\/p\/8bd1a7fc93a3760d92a3a715a867477c\/adjuntos\/239\/imagenes\/042\/133\/0042133424\/730x0\/smart\/imagepng.png\" alt title width=\"730\" height=\"undefined\" id=\"8031093-Libre-1813482116_embed\"><\/div>\n<\/p><\/div>\n<h2>Corina Machado remarc\u00f3 la importancia de la situaci\u00f3n en Venezuela para toda la regi\u00f3n<\/h2>\n<p>Por su parte, Machado se refiri\u00f3 al encuentro en sus redes sociales y agradeci\u00f3 al funcionario estadounidense por la &#8220;excelente conversaci\u00f3n&#8221; que tuvieron a poco de que haya llegado al cargo. Sobre este punto, consider\u00f3 que la celeridad en para tener la reuni\u00f3n &#8220;demuestra la importancia que tiene la situaci\u00f3n de Venezuela y el bienestar de los venezolanos y de la regi\u00f3n, para la pol\u00edtica exterior estadounidense&#8221;.<\/p>\n<p>&#8220;Edmundo Gonz\u00e1lez Urrutia y yo le transmitimos la <strong>fuerza y la determinaci\u00f3n de los venezolanos <\/strong>en avanzar para lograr la libertad de nuestro pa\u00eds y el retorno a la democracia&#8221;, expres\u00f3.<\/p>\n<p>Por \u00faltimo, concluy\u00f3 el mensaje que public\u00f3 en su cuenta de X al afirmar que &#8220;la transici\u00f3n a la democracia en Venezuela es<strong> crucial para la estabilidad regional <\/strong>y la <strong>seguridad del hemisferio<\/strong>&#8220;. &#8220;Sabemos que contamos con nuestros aliados estrat\u00e9gicos para lograrlo&#8221;, cerr\u00f3.<\/p>\n<\/article>\n<p> <!-- REGION4 } --> <\/p>\n","protected":false},"excerpt":{"rendered":"<p>22 de enero 2025 &#8211; 23:33 El flamante Secretario de Estado de Estados Unidos reafirm\u00f3 el apoyo de su pa\u00eds a &#8220;restauraci\u00f3n de la democracia en Venezuela&#8221;. Gentileza: BBC A dos d\u00edas de su llegada a la Casa Blanca, el Secretario de Estado de Estados Unidos, Marco Rubio, habl\u00f3 con los l\u00edderes de la oposici\u00f3n [&hellip;]<\/p>\n","protected":false},"author":2,"featured_media":8592,"comment_status":"closed","ping_status":"closed","sticky":false,"template":"","format":"standard","meta":{"jetpack_post_was_ever_published":false,"_jetpack_newsletter_access":"","_jetpack_dont_email_post_to_subs":false,"_jetpack_newsletter_tier_id":0,"_jetpack_memberships_contains_paywalled_content":false,"_jetpack_memberships_contains_paid_content":false,"footnotes":"","jetpack_publicize_message":"","jetpack_publicize_feature_enabled":true,"jetpack_social_post_already_shared":true,"jetpack_social_options":{"image_generator_settings":{"template":"highway","enabled":false},"version":2}},"categories":[20],"tags":[],"class_list":["post-8591","post","type-post","status-publish","format-standard","has-post-thumbnail","hentry","category-mundo"],"jetpack_publicize_connections":[],"jetpack_featured_media_url":"https:\/\/i0.wp.com\/infolanus.com\/wp-content\/uploads\/2025\/01\/marco-rubio-se-reunio-con-la-oposicion-de-venezuela-y-reconocio-a-edmundo-gonzalez-urrutia-como-presidente-legitimo.jpg?fit=655%2C368&ssl=1","jetpack_sharing_enabled":true,"jetpack_shortlink":"https:\/\/wp.me\/p9QtMr-2ez","_links":{"self":[{"href":"https:\/\/infolanus.com\/index.php\/wp-json\/wp\/v2\/posts\/8591","targetHints":{"allow":["GET"]}}],"collection":[{"href":"https:\/\/infolanus.com\/index.php\/wp-json\/wp\/v2\/posts"}],"about":[{"href":"https:\/\/infolanus.com\/index.php\/wp-json\/wp\/v2\/types\/post"}],"author":[{"embeddable":true,"href":"https:\/\/infolanus.com\/index.php\/wp-json\/wp\/v2\/users\/2"}],"replies":[{"embeddable":true,"href":"https:\/\/infolanus.com\/index.php\/wp-json\/wp\/v2\/comments?post=8591"}],"version-history":[{"count":0,"href":"https:\/\/infolanus.com\/index.php\/wp-json\/wp\/v2\/posts\/8591\/revisions"}],"wp:featuredmedia":[{"embeddable":true,"href":"https:\/\/infolanus.com\/index.php\/wp-json\/wp\/v2\/media\/8592"}],"wp:attachment":[{"href":"https:\/\/infolanus.com\/index.php\/wp-json\/wp\/v2\/media?parent=8591"}],"wp:term":[{"taxonomy":"category","embeddable":true,"href":"https:\/\/infolanus.com\/index.php\/wp-json\/wp\/v2\/categories?post=8591"},{"taxonomy":"post_tag","embeddable":true,"href":"https:\/\/infolanus.com\/index.php\/wp-json\/wp\/v2\/tags?post=8591"}],"curies":[{"name":"wp","href":"https:\/\/api.w.org\/{rel}","templated":true}]}}