{"id":8643,"date":"2025-02-01T14:56:58","date_gmt":"2025-02-01T17:56:58","guid":{"rendered":"https:\/\/infolanus.com\/index.php\/2025\/02\/01\/boca-cerro-el-mercado-de-pases-con-una-inesperada-salida-le-rescindio-contrato-a-uno-de-sus-futbolistas\/"},"modified":"2025-02-01T14:56:58","modified_gmt":"2025-02-01T17:56:58","slug":"boca-cerro-el-mercado-de-pases-con-una-inesperada-salida-le-rescindio-contrato-a-uno-de-sus-futbolistas","status":"publish","type":"post","link":"https:\/\/infolanus.com\/index.php\/2025\/02\/01\/boca-cerro-el-mercado-de-pases-con-una-inesperada-salida-le-rescindio-contrato-a-uno-de-sus-futbolistas\/","title":{"rendered":"Boca cerr\u00f3 el mercado de pases con una inesperada salida: le rescindi\u00f3 contrato a uno de sus futbolistas"},"content":{"rendered":"<div class=\"media_block\"><\/div>\n<p>A horas de que se haya terminado el mercado de pases del f\u00fatbol argentino, <strong><a target=\"_blank\" href=\"https:\/\/442.perfil.com\/noticias\/futbol\/el-mercado-de-pases-cerro-pero-boca-aun-mantiene-viva-la-esperanza-de-repatriar-a-paredes.phtml\">Boca <\/a>realiz\u00f3 un movimiento de los menos esperados: le rescindi\u00f3 el contrato al delantero venezolano, <a target=\"_blank\" href=\"https:\/\/442.perfil.com\/noticias\/futbol\/jan-hurtado-quiere-quedarse-en-boca.phtml\">Jan Hurtado.<\/a><\/strong><\/p>\n<p><img data-recalc-dims=\"1\" decoding=\"async\" alt=\"hurtado\" height=\"709\" src=\"https:\/\/i0.wp.com\/fotos.perfil.com\/\/2025\/02\/01\/900\/0\/jan-hurtado-1959092.jpg?resize=541%2C709\" width=\"541\" loading=\"lazy\"><\/p>\n<p>A pesar de haberlo comprado a<strong> Gimnasia por una cifra aproximada de unos cinco millones de d\u00f3lares en julio de 2019<\/strong>, el futbolista jam\u00e1s rindi\u00f3 lo esperado y sus goles nunca llegaron, por lo que, desde 2020, el jugador se pasaba de pr\u00e9stamo a pr\u00e9stamo en diferentes instituciones.<\/p>\n<p>Como otros de los tantos futbolistas, el delantero siempre estuvo lejos de cumplir las expectativas, <strong>por lo que Boca decidi\u00f3 dejarlo libre con el fin de liberar un cupo extranjero para un futuro fichaje.<\/strong><\/p>\n<p>El venezolano deb\u00eda regresar a La Ribera a mediados del 2025, proveniente desde Goianiense de Brasil. Sin embargo, se ir\u00e1 por la puerta de atr\u00e1s y su futuro no estar\u00e1 m\u00e1s ligado a las decisiones del Consejo del F\u00fatbol.<\/p>\n<p>Cabe destacar que, vistiendo la casaca <em>Xeneize<\/em>, Hurtado jug\u00f3 un total de 18 partidos, en los que s\u00f3lo marc\u00f3 tres goles, <strong>siendo el m\u00e1s recordado ante River, por la vuelta de las semifinales de la Copa Libertadores 2019.<\/strong><\/p>\n<p>FMZ<\/p>\n<p> <!-- tags --> <\/p>\n","protected":false},"excerpt":{"rendered":"<p>A horas de que se haya terminado el mercado de pases del f\u00fatbol argentino, Boca realiz\u00f3 un movimiento de los menos esperados: le rescindi\u00f3 el contrato al delantero venezolano, Jan Hurtado. A pesar de haberlo comprado a Gimnasia por una cifra aproximada de unos cinco millones de d\u00f3lares en julio de 2019, el futbolista jam\u00e1s [&hellip;]<\/p>\n","protected":false},"author":2,"featured_media":8644,"comment_status":"closed","ping_status":"closed","sticky":false,"template":"","format":"standard","meta":{"jetpack_post_was_ever_published":false,"_jetpack_newsletter_access":"","_jetpack_dont_email_post_to_subs":false,"_jetpack_newsletter_tier_id":0,"_jetpack_memberships_contains_paywalled_content":false,"_jetpack_memberships_contains_paid_content":false,"footnotes":"","jetpack_publicize_message":"","jetpack_publicize_feature_enabled":true,"jetpack_social_post_already_shared":true,"jetpack_social_options":{"image_generator_settings":{"template":"highway","enabled":false},"version":2}},"categories":[17],"tags":[],"class_list":["post-8643","post","type-post","status-publish","format-standard","has-post-thumbnail","hentry","category-deportes"],"jetpack_publicize_connections":[],"jetpack_featured_media_url":"https:\/\/i0.wp.com\/infolanus.com\/wp-content\/uploads\/2025\/02\/boca-cerro-el-mercado-de-pases-con-una-inesperada-salida-le-rescindio-contrato-a-uno-de-sus-futbolistas.jpg?fit=900%2C1180&ssl=1","jetpack_sharing_enabled":true,"jetpack_shortlink":"https:\/\/wp.me\/p9QtMr-2fp","_links":{"self":[{"href":"https:\/\/infolanus.com\/index.php\/wp-json\/wp\/v2\/posts\/8643","targetHints":{"allow":["GET"]}}],"collection":[{"href":"https:\/\/infolanus.com\/index.php\/wp-json\/wp\/v2\/posts"}],"about":[{"href":"https:\/\/infolanus.com\/index.php\/wp-json\/wp\/v2\/types\/post"}],"author":[{"embeddable":true,"href":"https:\/\/infolanus.com\/index.php\/wp-json\/wp\/v2\/users\/2"}],"replies":[{"embeddable":true,"href":"https:\/\/infolanus.com\/index.php\/wp-json\/wp\/v2\/comments?post=8643"}],"version-history":[{"count":0,"href":"https:\/\/infolanus.com\/index.php\/wp-json\/wp\/v2\/posts\/8643\/revisions"}],"wp:featuredmedia":[{"embeddable":true,"href":"https:\/\/infolanus.com\/index.php\/wp-json\/wp\/v2\/media\/8644"}],"wp:attachment":[{"href":"https:\/\/infolanus.com\/index.php\/wp-json\/wp\/v2\/media?parent=8643"}],"wp:term":[{"taxonomy":"category","embeddable":true,"href":"https:\/\/infolanus.com\/index.php\/wp-json\/wp\/v2\/categories?post=8643"},{"taxonomy":"post_tag","embeddable":true,"href":"https:\/\/infolanus.com\/index.php\/wp-json\/wp\/v2\/tags?post=8643"}],"curies":[{"name":"wp","href":"https:\/\/api.w.org\/{rel}","templated":true}]}}