{"id":8716,"date":"2025-02-14T16:49:31","date_gmt":"2025-02-14T19:49:31","guid":{"rendered":"https:\/\/www.inforegion.com.ar\/?p=323561"},"modified":"2025-02-14T16:49:31","modified_gmt":"2025-02-14T19:49:31","slug":"feria-de-artesanias-y-paseo-de-compras-en-lanus-para-aprovechar-las-ofertas-de-verano","status":"publish","type":"post","link":"https:\/\/infolanus.com\/index.php\/2025\/02\/14\/feria-de-artesanias-y-paseo-de-compras-en-lanus-para-aprovechar-las-ofertas-de-verano\/","title":{"rendered":"Feria de Artesan\u00edas y Paseo de Compras en Lan\u00fas: para aprovechar las ofertas de verano"},"content":{"rendered":"<div><img data-recalc-dims=\"1\" decoding=\"async\" src=\"https:\/\/i0.wp.com\/www.inforegion.com.ar\/wp-content\/uploads\/2025\/02\/feria-artesanias-emprendedores-Lanus.jpg?w=640&#038;ssl=1\" class=\"ff-og-image-inserted\"><\/div>\n<p>El municipio de Lan\u00fas prepar\u00f3 una nueva edici\u00f3n de la<strong> Feria de Artesan\u00edas, Paseo de Compras y Puestos Gastron\u00f3micos, que se desarrollar\u00e1 durante tres d\u00edas: viernes 14, s\u00e1bado 15 y domingo 16 de febrero.<\/strong> Este evento, que ya es un cl\u00e1sico en la ciudad, busca<strong> fortalecer la actividad econ\u00f3mica de los feriantes y ofrecer a los vecinos productos de calidad a precios accesibles.<\/strong><\/p>\n<h2 class=\"wp-block-heading\"><strong>Viernes 14 de febrero: Arranque con Todo<\/strong><\/h2>\n<p>La feria comenz\u00f3 el viernes 14 en <strong>tres plazas emblem\u00e1ticas de Lan\u00fas<\/strong>. En la Plaza Constituci\u00f3n, ubicada en Av. Tte. Gral. Juan Domingo Per\u00f3n 3000, Valent\u00edn Alsina, y en la Plaza Sarmiento, en Av. 9 de Julio 1900, Lan\u00fas Este, los vecinos pueden disfrutar de la Feria de Artesan\u00edas de 11 a 19:30 horas. Mientras tanto, en la Plaza Mariano Moreno, en Av. Hip\u00f3lito Yrigoyen 6200, Remedios de Escalada, la feria se extiende hasta las 21 horas.<\/p>\n<p>Adem\u00e1s, los amantes de la <strong>gastronom\u00eda y los emprendedores locales tienen su espacio en la Plaza Constituci\u00f3n y en la Plaza Leandro N. Alem<\/strong>, en Ram\u00f3n Cabrero 4201, Monte Chingolo, donde los puestos estuvieron abiertos hasta la medianoche.<\/p>\n<h2 class=\"wp-block-heading\"><strong>S\u00e1bado 15 de febrero: M\u00e1s Opciones para Disfrutar<\/strong><\/h2>\n<p>El s\u00e1bado 15, la <strong>Feria de Artesan\u00edas contin\u00faa en las mismas plazas y horarios que el d\u00eda anterior<\/strong>. Pero eso no es todo: el Paseo de Compras suma tres puntos m\u00e1s. En el Parque Municipal Eva Per\u00f3n, en C\u00f3rdoba 2300, Remedios de Escalada, los vecinos podr\u00e1n recorrer los stands de 9 a 20 horas. Tambi\u00e9n habr\u00e1 opciones en 29 de Septiembre 2100, Lan\u00fas Este, de 10 a 18 horas, y en Joaqu\u00edn V. Gonz\u00e1lez 2900, Lan\u00fas Oeste, de 13 a 16:30 horas.<\/p>\n<h2 class=\"wp-block-heading\"><strong>Domingo 16 de febrero: Cierre con Sabor a M\u00e1s<\/strong><\/h2>\n<p>El domingo 16, la Plaza Mariano Moreno ser\u00e1 nuevamente el centro de atenci\u00f3n con la Feria de Artesan\u00edas, que se extender\u00e1 hasta las 21 horas. El Paseo de Compras en el Parque Municipal Eva Per\u00f3n tambi\u00e9n estar\u00e1 disponible de 9 a 20 horas. Para cerrar con broche de oro, los puestos gastron\u00f3micos y de emprendedores en Plaza Constituci\u00f3n y Plaza Leandro N. Alem seguir\u00e1n activos hasta la medianoche.<\/p>\n<h2 class=\"wp-block-heading\"><strong>Cronograma de Actividades<\/strong><\/h2>\n<ul>\n<li class=\"has-medium-font-size\"><strong>Viernes 14 de febrero:<\/strong>\n<ul>\n<li>Feria de Artesan\u00edas:\n<ul>\n<li>Plaza Constituci\u00f3n: 11 a 19:30 horas.<\/li>\n<li>Plaza Sarmiento: 11 a 19:30 horas.<\/li>\n<li>Plaza Mariano Moreno: 10 a 21 horas.<\/li>\n<\/ul>\n<\/li>\n<li>Feria de Emprendedores y Puestos Gastron\u00f3micos:\n<ul>\n<li>Plaza Constituci\u00f3n y Plaza Leandro N. Alem: 11 a 00:00 horas.<\/li>\n<\/ul>\n<\/li>\n<\/ul>\n<\/li>\n<li class=\"has-medium-font-size\"><strong>S\u00e1bado 15 de febrero:<\/strong>\n<ul>\n<li>Feria de Artesan\u00edas:\n<ul>\n<li>Plaza Constituci\u00f3n: 11 a 19:30 horas.<\/li>\n<li>Plaza Sarmiento: 11 a 19:30 horas.<\/li>\n<li>Plaza Mariano Moreno: 10 a 21 horas.<\/li>\n<\/ul>\n<\/li>\n<li>Feria de Emprendedores y Puestos Gastron\u00f3micos:\n<ul>\n<li>Plaza Constituci\u00f3n y Plaza Leandro N. Alem: 11 a 00:00 horas.<\/li>\n<\/ul>\n<\/li>\n<li>Paseo de Compras:\n<ul>\n<li>Parque Municipal Eva Per\u00f3n: 9 a 20 horas.<\/li>\n<li>29 de Septiembre: 10 a 18 horas.<\/li>\n<li>Joaqu\u00edn V. Gonz\u00e1lez: 13 a 16:30 horas.<\/li>\n<\/ul>\n<\/li>\n<\/ul>\n<\/li>\n<li class=\"has-medium-font-size\"><strong>Domingo 16 de febrero:<\/strong>\n<ul>\n<li>Feria de Artesan\u00edas:\n<ul>\n<li>Plaza Mariano Moreno: 10 a 21 horas.<\/li>\n<\/ul>\n<\/li>\n<li>Paseo de Compras:\n<ul>\n<li>Parque Municipal Eva Per\u00f3n: 9 a 20 horas.<\/li>\n<\/ul>\n<\/li>\n<li>Feria de Emprendedores y Puestos Gastron\u00f3micos:\n<ul>\n<li>Plaza Constituci\u00f3n y Plaza Leandro N. Alem: 11 a 00:00 horas.<\/li>\n<\/ul>\n<\/li>\n<\/ul>\n<\/li>\n<\/ul>\n","protected":false},"excerpt":{"rendered":"<p>El municipio de Lan\u00fas prepar\u00f3 una nueva edici\u00f3n de la Feria de Artesan\u00edas, Paseo de Compras y Puestos Gastron\u00f3micos, que se desarrollar\u00e1 durante tres d\u00edas: viernes 14, s\u00e1bado 15 y domingo 16 de febrero. Este evento, que ya es un cl\u00e1sico en la ciudad, busca fortalecer la actividad econ\u00f3mica de los feriantes y ofrecer a [&hellip;]<\/p>\n","protected":false},"author":2,"featured_media":8717,"comment_status":"closed","ping_status":"closed","sticky":false,"template":"","format":"standard","meta":{"jetpack_post_was_ever_published":false,"_jetpack_newsletter_access":"","_jetpack_dont_email_post_to_subs":false,"_jetpack_newsletter_tier_id":0,"_jetpack_memberships_contains_paywalled_content":false,"_jetpack_memberships_contains_paid_content":false,"footnotes":"","jetpack_publicize_message":"","jetpack_publicize_feature_enabled":true,"jetpack_social_post_already_shared":true,"jetpack_social_options":{"image_generator_settings":{"template":"highway","enabled":false},"version":2}},"categories":[19],"tags":[1808,773,774,1038,23],"class_list":["post-8716","post","type-post","status-publish","format-standard","has-post-thumbnail","hentry","category-municipio","tag-actividades-en-lanus","tag-centrales","tag-destacadas","tag-fin-de-semana","tag-lanus"],"jetpack_publicize_connections":[],"jetpack_featured_media_url":"https:\/\/i0.wp.com\/infolanus.com\/wp-content\/uploads\/2025\/02\/feria-de-artesanias-y-paseo-de-compras-en-lanus-para-aprovechar-las-ofertas-de-verano.jpg?fit=1280%2C720&ssl=1","jetpack_sharing_enabled":true,"jetpack_shortlink":"https:\/\/wp.me\/p9QtMr-2gA","_links":{"self":[{"href":"https:\/\/infolanus.com\/index.php\/wp-json\/wp\/v2\/posts\/8716","targetHints":{"allow":["GET"]}}],"collection":[{"href":"https:\/\/infolanus.com\/index.php\/wp-json\/wp\/v2\/posts"}],"about":[{"href":"https:\/\/infolanus.com\/index.php\/wp-json\/wp\/v2\/types\/post"}],"author":[{"embeddable":true,"href":"https:\/\/infolanus.com\/index.php\/wp-json\/wp\/v2\/users\/2"}],"replies":[{"embeddable":true,"href":"https:\/\/infolanus.com\/index.php\/wp-json\/wp\/v2\/comments?post=8716"}],"version-history":[{"count":0,"href":"https:\/\/infolanus.com\/index.php\/wp-json\/wp\/v2\/posts\/8716\/revisions"}],"wp:featuredmedia":[{"embeddable":true,"href":"https:\/\/infolanus.com\/index.php\/wp-json\/wp\/v2\/media\/8717"}],"wp:attachment":[{"href":"https:\/\/infolanus.com\/index.php\/wp-json\/wp\/v2\/media?parent=8716"}],"wp:term":[{"taxonomy":"category","embeddable":true,"href":"https:\/\/infolanus.com\/index.php\/wp-json\/wp\/v2\/categories?post=8716"},{"taxonomy":"post_tag","embeddable":true,"href":"https:\/\/infolanus.com\/index.php\/wp-json\/wp\/v2\/tags?post=8716"}],"curies":[{"name":"wp","href":"https:\/\/api.w.org\/{rel}","templated":true}]}}