{"id":873,"date":"2018-09-28T13:37:45","date_gmt":"2018-09-28T16:37:45","guid":{"rendered":"http:\/\/infolanus.com\/?p=873"},"modified":"2018-09-28T13:37:45","modified_gmt":"2018-09-28T16:37:45","slug":"lionel-scaloni-dio-la-lista-de-convocados-para-los-amistosos-con-irak-y-brasil","status":"publish","type":"post","link":"https:\/\/infolanus.com\/index.php\/2018\/09\/28\/lionel-scaloni-dio-la-lista-de-convocados-para-los-amistosos-con-irak-y-brasil\/","title":{"rendered":"Lionel Scaloni dio la lista de convocados para los amistosos con Irak y Brasil"},"content":{"rendered":"<p>El entrenador interino del seleccionado nacional, Lionel Scaloni, dio a conocer la n\u00f3mina de jugadores que disputar\u00e1n los amistosos del mes de Octubre frente a Irak y Brasil, en Arabia Saudista.<\/p>\n<p>Se destacan los regresos de los &#8220;mundialistas&#8221; Nicolas Otamendi y Eduardo Salvio y los debutantes Juan Foyth y Rodrigo De Paul, quienes por su juventud y rendimiento seguramente formar\u00e1n parte del plantel estable del seleccionado los pr\u00f3ximos a\u00f1os.<\/p>\n<p><img data-recalc-dims=\"1\" loading=\"lazy\" decoding=\"async\" data-attachment-id=\"874\" data-permalink=\"https:\/\/infolanus.com\/index.php\/2018\/09\/28\/lionel-scaloni-dio-la-lista-de-convocados-para-los-amistosos-con-irak-y-brasil\/lista-seleccion-amistosos\/\" data-orig-file=\"https:\/\/i0.wp.com\/infolanus.com\/wp-content\/uploads\/2018\/09\/lista-seleccion-amistosos.jpg?fit=840%2C884&amp;ssl=1\" data-orig-size=\"840,884\" data-comments-opened=\"1\" data-image-meta=\"{&quot;aperture&quot;:&quot;0&quot;,&quot;credit&quot;:&quot;&quot;,&quot;camera&quot;:&quot;&quot;,&quot;caption&quot;:&quot;&quot;,&quot;created_timestamp&quot;:&quot;0&quot;,&quot;copyright&quot;:&quot;&quot;,&quot;focal_length&quot;:&quot;0&quot;,&quot;iso&quot;:&quot;0&quot;,&quot;shutter_speed&quot;:&quot;0&quot;,&quot;title&quot;:&quot;&quot;,&quot;orientation&quot;:&quot;0&quot;}\" data-image-title=\"lista-seleccion-amistosos\" data-image-description=\"\" data-image-caption=\"\" data-medium-file=\"https:\/\/i0.wp.com\/infolanus.com\/wp-content\/uploads\/2018\/09\/lista-seleccion-amistosos.jpg?fit=285%2C300&amp;ssl=1\" data-large-file=\"https:\/\/i0.wp.com\/infolanus.com\/wp-content\/uploads\/2018\/09\/lista-seleccion-amistosos.jpg?fit=640%2C674&amp;ssl=1\" src=\"https:\/\/i0.wp.com\/infolanus.com\/wp-content\/uploads\/2018\/09\/lista-seleccion-amistosos.jpg?resize=640%2C674\" alt=\"\" width=\"640\" height=\"674\" class=\"alignnone size-full wp-image-874\" srcset=\"https:\/\/i0.wp.com\/infolanus.com\/wp-content\/uploads\/2018\/09\/lista-seleccion-amistosos.jpg?w=840&amp;ssl=1 840w, https:\/\/i0.wp.com\/infolanus.com\/wp-content\/uploads\/2018\/09\/lista-seleccion-amistosos.jpg?resize=285%2C300&amp;ssl=1 285w, https:\/\/i0.wp.com\/infolanus.com\/wp-content\/uploads\/2018\/09\/lista-seleccion-amistosos.jpg?resize=768%2C808&amp;ssl=1 768w, https:\/\/i0.wp.com\/infolanus.com\/wp-content\/uploads\/2018\/09\/lista-seleccion-amistosos.jpg?resize=696%2C732&amp;ssl=1 696w, https:\/\/i0.wp.com\/infolanus.com\/wp-content\/uploads\/2018\/09\/lista-seleccion-amistosos.jpg?resize=399%2C420&amp;ssl=1 399w\" sizes=\"auto, (max-width: 640px) 100vw, 640px\" \/><\/p>\n","protected":false},"excerpt":{"rendered":"<p>El entrenador interino del seleccionado nacional, Lionel Scaloni, dio a conocer la n\u00f3mina de jugadores que disputar\u00e1n los amistosos del mes de Octubre frente a Irak y Brasil, en Arabia Saudista. Se destacan los regresos de los &#8220;mundialistas&#8221; Nicolas Otamendi y Eduardo Salvio y los debutantes Juan Foyth y Rodrigo De Paul, quienes por su [&hellip;]<\/p>\n","protected":false},"author":2,"featured_media":875,"comment_status":"open","ping_status":"open","sticky":false,"template":"","format":"standard","meta":{"jetpack_post_was_ever_published":false,"_jetpack_newsletter_access":"","_jetpack_dont_email_post_to_subs":false,"_jetpack_newsletter_tier_id":0,"_jetpack_memberships_contains_paywalled_content":false,"_jetpack_memberships_contains_paid_content":false,"footnotes":"","jetpack_publicize_message":"","jetpack_publicize_feature_enabled":true,"jetpack_social_post_already_shared":true,"jetpack_social_options":{"image_generator_settings":{"template":"highway","enabled":false},"version":2}},"categories":[17],"tags":[356,358,355,357,353,354,184],"class_list":["post-873","post","type-post","status-publish","format-standard","has-post-thumbnail","hentry","category-deportes","tag-amistosos","tag-brasil","tag-convocados","tag-irak","tag-lionel-scaloni","tag-lista","tag-seleccion-argentina"],"jetpack_publicize_connections":[],"jetpack_featured_media_url":"https:\/\/i0.wp.com\/infolanus.com\/wp-content\/uploads\/2018\/09\/scaloni.jpeg?fit=781%2C432&ssl=1","jetpack_sharing_enabled":false,"jetpack_shortlink":"https:\/\/wp.me\/p9QtMr-e5","_links":{"self":[{"href":"https:\/\/infolanus.com\/index.php\/wp-json\/wp\/v2\/posts\/873","targetHints":{"allow":["GET"]}}],"collection":[{"href":"https:\/\/infolanus.com\/index.php\/wp-json\/wp\/v2\/posts"}],"about":[{"href":"https:\/\/infolanus.com\/index.php\/wp-json\/wp\/v2\/types\/post"}],"author":[{"embeddable":true,"href":"https:\/\/infolanus.com\/index.php\/wp-json\/wp\/v2\/users\/2"}],"replies":[{"embeddable":true,"href":"https:\/\/infolanus.com\/index.php\/wp-json\/wp\/v2\/comments?post=873"}],"version-history":[{"count":1,"href":"https:\/\/infolanus.com\/index.php\/wp-json\/wp\/v2\/posts\/873\/revisions"}],"predecessor-version":[{"id":876,"href":"https:\/\/infolanus.com\/index.php\/wp-json\/wp\/v2\/posts\/873\/revisions\/876"}],"wp:featuredmedia":[{"embeddable":true,"href":"https:\/\/infolanus.com\/index.php\/wp-json\/wp\/v2\/media\/875"}],"wp:attachment":[{"href":"https:\/\/infolanus.com\/index.php\/wp-json\/wp\/v2\/media?parent=873"}],"wp:term":[{"taxonomy":"category","embeddable":true,"href":"https:\/\/infolanus.com\/index.php\/wp-json\/wp\/v2\/categories?post=873"},{"taxonomy":"post_tag","embeddable":true,"href":"https:\/\/infolanus.com\/index.php\/wp-json\/wp\/v2\/tags?post=873"}],"curies":[{"name":"wp","href":"https:\/\/api.w.org\/{rel}","templated":true}]}}