{"id":8741,"date":"2025-02-17T09:16:58","date_gmt":"2025-02-17T12:16:58","guid":{"rendered":"https:\/\/www.inforegion.com.ar\/?p=323675"},"modified":"2025-02-17T09:16:58","modified_gmt":"2025-02-17T12:16:58","slug":"comienzan-las-obras-del-centro-de-trasbordo-en-lanus-donde-paran-los-colectivos","status":"publish","type":"post","link":"https:\/\/infolanus.com\/index.php\/2025\/02\/17\/comienzan-las-obras-del-centro-de-trasbordo-en-lanus-donde-paran-los-colectivos\/","title":{"rendered":"Comienzan las obras del centro de trasbordo en Lan\u00fas: \u00bfD\u00f3nde paran los colectivos?"},"content":{"rendered":"<p>El Municipio de Lan\u00fas anunci\u00f3 <strong>cambios en las paradas de colectivos a partir de las obras en el nuevo centro de trasbordo<\/strong> emplazado en las inmediaciones de la estaci\u00f3n ferroviaria.<\/p>\n<p>\u201c<strong>A partir del lunes 17 de febrero comienza la puesta en valor <\/strong>integral del centro de transbordo de nuestra estaci\u00f3n\u201d, inform\u00f3 la Comuna. Las obras contemplan nuevas d\u00e1rsenas de colectivos y accesos peatonales.<\/p>\n<p>A partir de las obras, habr\u00e1 un cambio en las paradas de colectivos, una informaci\u00f3n que es fundamental tanto para los vecinos como para los transe\u00fantes que hacen combinaciones.<\/p>\n<h2 class=\"wp-block-heading\">\u00bfD\u00f3nde paran los colectivos?<\/h2>\n<ul>\n<li>L\u00ednea 32: avenida 25 de Mayo 28<\/li>\n<li>L\u00ednea 33: avenida Hip\u00f3lito Yrigoyen 4464<\/li>\n<li>L\u00ednea 37: avenida Hip\u00f3lito Yrigoyen 4750<\/li>\n<li>L\u00ednea 45: avenida Hip\u00f3lito Yrigoyen 4456 y avenida 25 de Mayo 50<\/li>\n<li>L\u00ednea 51: avenida Hip\u00f3lito Yrigoyen 4420<\/li>\n<li>L\u00ednea 75: avenida 25 de Mayo 58<\/li>\n<li>L\u00ednea 79: avenida Hip\u00f3lito Yrigoyen 4420<\/li>\n<li>L\u00ednea 119: avenida Hip\u00f3lito Yrigoyen 4680<\/li>\n<li>L\u00ednea 158: avenida 25 de Mayo 12<\/li>\n<li>L\u00ednea 160: avenida Hip\u00f3lito Yrigoyen 4762<\/li>\n<li>L\u00ednea 164: avenida Hip\u00f3lito Yrigoyen 4670<\/li>\n<li>L\u00ednea 177: avenida Hip\u00f3lito Yrigoyen 4485<\/li>\n<li>L\u00ednea 271: avenida Hip\u00f3lito Yrigoyen 4676<\/li>\n<li>L\u00ednea 405: Juan Pi\u00f1eiro 89<\/li>\n<li>L\u00ednea 520 Ramal B1: Juan Pi\u00f1eiro 63<\/li>\n<li>L\u00ednea 520 Ramal C: Juan Pi\u00f1eiro 33<\/li>\n<\/ul>\n<h2 class=\"wp-block-heading\">El mapa<\/h2>\n<figure class=\"wp-block-image size-large\"><img data-recalc-dims=\"1\" loading=\"lazy\" decoding=\"async\" width=\"640\" height=\"800\" src=\"https:\/\/i0.wp.com\/www.inforegion.com.ar\/wp-content\/uploads\/2025\/02\/colectivoslanus-819x1024.jpg?resize=640%2C800&#038;ssl=1\" alt class=\"wp-image-323678 lazyload\" data-sizes=\"auto\" data-eio-rwidth=\"819\" data-eio-rheight=\"1024\" srcset=\"https:\/\/www.inforegion.com.ar\/wp-content\/uploads\/2025\/02\/colectivoslanus-819x1024.jpg 819w, https:\/\/www.inforegion.com.ar\/wp-content\/uploads\/2025\/02\/colectivoslanus-240x300.jpg 240w, https:\/\/www.inforegion.com.ar\/wp-content\/uploads\/2025\/02\/colectivoslanus-768x960.jpg 768w, https:\/\/www.inforegion.com.ar\/wp-content\/uploads\/2025\/02\/colectivoslanus-320x400.jpg 320w, https:\/\/www.inforegion.com.ar\/wp-content\/uploads\/2025\/02\/colectivoslanus-480x600.jpg 480w, https:\/\/www.inforegion.com.ar\/wp-content\/uploads\/2025\/02\/colectivoslanus-800x1000.jpg 800w, https:\/\/www.inforegion.com.ar\/wp-content\/uploads\/2025\/02\/colectivoslanus-268x335.jpg 268w, https:\/\/www.inforegion.com.ar\/wp-content\/uploads\/2025\/02\/colectivoslanus.jpg 1080w\"><noscript><img data-recalc-dims=\"1\" loading=\"lazy\" decoding=\"async\" width=\"640\" height=\"800\" src=\"https:\/\/i0.wp.com\/www.inforegion.com.ar\/wp-content\/uploads\/2025\/02\/colectivoslanus-819x1024.jpg?resize=640%2C800&#038;ssl=1\" alt class=\"wp-image-323678\" srcset=\"https:\/\/www.inforegion.com.ar\/wp-content\/uploads\/2025\/02\/colectivoslanus-819x1024.jpg 819w, https:\/\/www.inforegion.com.ar\/wp-content\/uploads\/2025\/02\/colectivoslanus-240x300.jpg 240w, https:\/\/www.inforegion.com.ar\/wp-content\/uploads\/2025\/02\/colectivoslanus-768x960.jpg 768w, https:\/\/www.inforegion.com.ar\/wp-content\/uploads\/2025\/02\/colectivoslanus-320x400.jpg 320w, https:\/\/www.inforegion.com.ar\/wp-content\/uploads\/2025\/02\/colectivoslanus-480x600.jpg 480w, https:\/\/www.inforegion.com.ar\/wp-content\/uploads\/2025\/02\/colectivoslanus-800x1000.jpg 800w, https:\/\/www.inforegion.com.ar\/wp-content\/uploads\/2025\/02\/colectivoslanus-268x335.jpg 268w, https:\/\/www.inforegion.com.ar\/wp-content\/uploads\/2025\/02\/colectivoslanus.jpg 1080w\" sizes=\"auto, (max-width: 819px) 100vw, 819px\" data-eio=\"l\"><\/noscript><\/figure>\n","protected":false},"excerpt":{"rendered":"<p>El Municipio de Lan\u00fas anunci\u00f3 cambios en las paradas de colectivos a partir de las obras en el nuevo centro de trasbordo emplazado en las inmediaciones de la estaci\u00f3n ferroviaria. \u201cA partir del lunes 17 de febrero comienza la puesta en valor integral del centro de transbordo de nuestra estaci\u00f3n\u201d, inform\u00f3 la Comuna. Las obras [&hellip;]<\/p>\n","protected":false},"author":2,"featured_media":8742,"comment_status":"closed","ping_status":"closed","sticky":false,"template":"","format":"standard","meta":{"jetpack_post_was_ever_published":false,"_jetpack_newsletter_access":"","_jetpack_dont_email_post_to_subs":false,"_jetpack_newsletter_tier_id":0,"_jetpack_memberships_contains_paywalled_content":false,"_jetpack_memberships_contains_paid_content":false,"footnotes":"","jetpack_publicize_message":"","jetpack_publicize_feature_enabled":true,"jetpack_social_post_already_shared":true,"jetpack_social_options":{"image_generator_settings":{"template":"highway","enabled":false},"version":2}},"categories":[19],"tags":[1812,773,208,774,23,788],"class_list":["post-8741","post","type-post","status-publish","format-standard","has-post-thumbnail","hentry","category-municipio","tag-cambio-de-paradas","tag-centrales","tag-colectivos","tag-destacadas","tag-lanus","tag-sociedad"],"jetpack_publicize_connections":[],"jetpack_featured_media_url":"https:\/\/i0.wp.com\/infolanus.com\/wp-content\/uploads\/2025\/02\/comienzan-las-obras-del-centro-de-trasbordo-en-lanus-donde-paran-los-colectivos.jpg?fit=819%2C1024&ssl=1","jetpack_sharing_enabled":true,"jetpack_shortlink":"https:\/\/wp.me\/p9QtMr-2gZ","_links":{"self":[{"href":"https:\/\/infolanus.com\/index.php\/wp-json\/wp\/v2\/posts\/8741","targetHints":{"allow":["GET"]}}],"collection":[{"href":"https:\/\/infolanus.com\/index.php\/wp-json\/wp\/v2\/posts"}],"about":[{"href":"https:\/\/infolanus.com\/index.php\/wp-json\/wp\/v2\/types\/post"}],"author":[{"embeddable":true,"href":"https:\/\/infolanus.com\/index.php\/wp-json\/wp\/v2\/users\/2"}],"replies":[{"embeddable":true,"href":"https:\/\/infolanus.com\/index.php\/wp-json\/wp\/v2\/comments?post=8741"}],"version-history":[{"count":0,"href":"https:\/\/infolanus.com\/index.php\/wp-json\/wp\/v2\/posts\/8741\/revisions"}],"wp:featuredmedia":[{"embeddable":true,"href":"https:\/\/infolanus.com\/index.php\/wp-json\/wp\/v2\/media\/8742"}],"wp:attachment":[{"href":"https:\/\/infolanus.com\/index.php\/wp-json\/wp\/v2\/media?parent=8741"}],"wp:term":[{"taxonomy":"category","embeddable":true,"href":"https:\/\/infolanus.com\/index.php\/wp-json\/wp\/v2\/categories?post=8741"},{"taxonomy":"post_tag","embeddable":true,"href":"https:\/\/infolanus.com\/index.php\/wp-json\/wp\/v2\/tags?post=8741"}],"curies":[{"name":"wp","href":"https:\/\/api.w.org\/{rel}","templated":true}]}}