{"id":8832,"date":"2025-03-07T12:52:06","date_gmt":"2025-03-07T15:52:06","guid":{"rendered":"https:\/\/www.ambito.com\/c6120876"},"modified":"2025-03-07T12:52:06","modified_gmt":"2025-03-07T15:52:06","slug":"rusia-volvio-a-atacar-el-sistema-energetico-de-ucrania","status":"publish","type":"post","link":"https:\/\/infolanus.com\/index.php\/2025\/03\/07\/rusia-volvio-a-atacar-el-sistema-energetico-de-ucrania\/","title":{"rendered":"Rusia volvi\u00f3 a atacar el sistema energ\u00e9tico de Ucrania"},"content":{"rendered":"<div id>\n<p dir=\"auto\">El ministro detall\u00f3 que la <strong>infraestructura de energ\u00eda y gas<\/strong> en varias regiones de Ucrania est\u00e1 nuevamente<strong> bajo ataques masivos <\/strong>de misiles y drones.<\/p>\n<\/div>\n<div id>\n<p dir=\"auto\">&#8220;Operarios de rescate y personal del sector energ\u00e9tico <strong>est\u00e1n trabajando en los puntos atacados<\/strong> para evaluar los da\u00f1os&#8221;, a\u00f1adi\u00f3 Galushchenko. Adem\u00e1s, se est\u00e1n tomando todas las medidas necesarias para <strong>estabilizar los suministros<\/strong> tanto de energ\u00eda como gas.<\/p>\n<\/div>\n<div id>\n<p dir=\"auto\">Seg\u00fan la Administraci\u00f3n Regional Militar, una instalaci\u00f3n industrial cr\u00edtica de la regi\u00f3n occidental de <strong>Ternopil<\/strong> recibi\u00f3 un impacto, por lo que posiblemente esta zona<strong> sufrir\u00e1 restricciones <\/strong>en el suministro de gas.<\/p>\n<\/div>\n<div id>\n<p dir=\"auto\">Anteriormente, el mismo d\u00eda, la <strong>Fuerza A\u00e9rea ucraniana<\/strong> inform\u00f3 que las fuerzas rusas hab\u00edan lanzado varios <strong>grupos de combate de drones<\/strong>, adem\u00e1s de misiles bal\u00edsticos y de crucero sobre Ucrania.<\/p>\n<div contenteditable=\"false\" class=\"embed_cont type_imagen\" id=\"8047216-Libre-1606287179_wrap\" readability=\"7\">\n<p> German Galushchenko.jpg <span onclick=\"parent.parent.TinyMCETdcuerpo.preview_embed('8047216-Libre-1606287179')\" class=\"embed_colapse less\" id=\"8047216-Libre-1606287179_colapse\"><\/span> <span onclick=\"parent.parent.TinyMCETdcuerpo.delete_embed('8047216-Libre-1606287179')\" class=\"embed_delete less\" id=\"8047216-Libre-1606287179_delete\"><\/span><\/p>\n<div id=\"8047216-Libre-1606287179_content\" class=\"embed_content\"><img data-recalc-dims=\"1\" loading=\"lazy\" decoding=\"async\" src=\"https:\/\/i0.wp.com\/media.ambito.com\/p\/265e768c9e60e361e1152c57cfc2b855\/adjuntos\/239\/imagenes\/042\/239\/0042239748\/german-galushchenkojpg.jpg?resize=640%2C427&#038;ssl=1\" alt=\"El ministro de Energ&amp;iacute;a ucraniano, German Galushchenko, fue el encargado de dar la noticia.&amp;nbsp;\" title=\"El ministro de Energ&amp;iacute;a ucraniano, German Galushchenko, fue el encargado de dar la noticia.&amp;nbsp;\" width=\"640\" height=\"427\" id=\"8047216-Libre-1606287179_embed\"><\/div>\n<div id=\"8047216-Libre-1606287179_epigrafe\" class=\"embed_epigrafe\" readability=\"9\">\n<p> El ministro de Energ\u00eda ucraniano, German Galushchenko, fue el encargado de dar la noticia. <\/p>\n<\/div>\n<p>ALT<\/p>\n<\/div>\n<h2 dir=\"auto\"><strong> Zelenski<\/strong> anunci\u00f3 que avanzar\u00e1n con las conversaciones de paz<\/h2>\n<p dir=\"auto\">Se espera que las delegaciones de Ucrania y los <strong>Estados Unidos<\/strong> se re\u00fanan para conversaciones de paz la pr\u00f3xima semana en <strong>Arabia Saudita<\/strong>, seg\u00fan confirm\u00f3 el presidente ucraniano, <strong>Volod\u00edmir Zelenski<\/strong>.<\/p>\n<p dir=\"auto\">&#8220;El lunes tengo programado visitar <strong>Arabia Saudita<\/strong> para reunirme con el pr\u00edncipe heredero (<strong>Mohammed bin Salman<\/strong>). Despu\u00e9s de eso, mi equipo permanecer\u00e1 en Arabia Saudita para trabajar con nuestros socios estadounidenses&#8221;, declar\u00f3 Zelenski.<\/p>\n<p dir=\"auto\">Asimismo, destac\u00f3 que <strong>Kiev<\/strong> est\u00e1 comprometida con el logro de la paz y est\u00e1 trabajando en una soluci\u00f3n al conflicto: &#8220;La guerra <strong>debe detenerse lo antes posible<\/strong>. Y Ucrania est\u00e1 lista para trabajar las <strong>24 horas<\/strong> del d\u00eda con sus socios en los Estados Unidos y <strong>Europa<\/strong> por el bien de la paz&#8221;, enfatiz\u00f3 Zelenski.<\/p>\n<p dir=\"auto\">Un d\u00eda antes, el enviado especial de los Estados Unidos para <strong>Medio Oriente<\/strong>, <strong>Steve Witkoff<\/strong>, se\u00f1al\u00f3 a los periodistas que se reunir\u00e1 con una delegaci\u00f3n ucraniana en Arabia Saudita el <strong>11 de marzo<\/strong> para discutir un posible acuerdo de paz.<\/p>\n<\/div>\n","protected":false},"excerpt":{"rendered":"<p>El ministro detall\u00f3 que la infraestructura de energ\u00eda y gas en varias regiones de Ucrania est\u00e1 nuevamente bajo ataques masivos de misiles y drones. &#8220;Operarios de rescate y personal del sector energ\u00e9tico est\u00e1n trabajando en los puntos atacados para evaluar los da\u00f1os&#8221;, a\u00f1adi\u00f3 Galushchenko. Adem\u00e1s, se est\u00e1n tomando todas las medidas necesarias para estabilizar los [&hellip;]<\/p>\n","protected":false},"author":2,"featured_media":8833,"comment_status":"closed","ping_status":"closed","sticky":false,"template":"","format":"standard","meta":{"jetpack_post_was_ever_published":false,"_jetpack_newsletter_access":"","_jetpack_dont_email_post_to_subs":false,"_jetpack_newsletter_tier_id":0,"_jetpack_memberships_contains_paywalled_content":false,"_jetpack_memberships_contains_paid_content":false,"footnotes":"","jetpack_publicize_message":"","jetpack_publicize_feature_enabled":true,"jetpack_social_post_already_shared":true,"jetpack_social_options":{"image_generator_settings":{"template":"highway","enabled":false},"version":2}},"categories":[20],"tags":[],"class_list":["post-8832","post","type-post","status-publish","format-standard","has-post-thumbnail","hentry","category-mundo"],"jetpack_publicize_connections":[],"jetpack_featured_media_url":"https:\/\/i0.wp.com\/infolanus.com\/wp-content\/uploads\/2025\/03\/rusia-volvio-a-atacar-el-sistema-energetico-de-ucrania.jpg?fit=690%2C460&ssl=1","jetpack_sharing_enabled":true,"jetpack_shortlink":"https:\/\/wp.me\/p9QtMr-2is","_links":{"self":[{"href":"https:\/\/infolanus.com\/index.php\/wp-json\/wp\/v2\/posts\/8832","targetHints":{"allow":["GET"]}}],"collection":[{"href":"https:\/\/infolanus.com\/index.php\/wp-json\/wp\/v2\/posts"}],"about":[{"href":"https:\/\/infolanus.com\/index.php\/wp-json\/wp\/v2\/types\/post"}],"author":[{"embeddable":true,"href":"https:\/\/infolanus.com\/index.php\/wp-json\/wp\/v2\/users\/2"}],"replies":[{"embeddable":true,"href":"https:\/\/infolanus.com\/index.php\/wp-json\/wp\/v2\/comments?post=8832"}],"version-history":[{"count":0,"href":"https:\/\/infolanus.com\/index.php\/wp-json\/wp\/v2\/posts\/8832\/revisions"}],"wp:featuredmedia":[{"embeddable":true,"href":"https:\/\/infolanus.com\/index.php\/wp-json\/wp\/v2\/media\/8833"}],"wp:attachment":[{"href":"https:\/\/infolanus.com\/index.php\/wp-json\/wp\/v2\/media?parent=8832"}],"wp:term":[{"taxonomy":"category","embeddable":true,"href":"https:\/\/infolanus.com\/index.php\/wp-json\/wp\/v2\/categories?post=8832"},{"taxonomy":"post_tag","embeddable":true,"href":"https:\/\/infolanus.com\/index.php\/wp-json\/wp\/v2\/tags?post=8832"}],"curies":[{"name":"wp","href":"https:\/\/api.w.org\/{rel}","templated":true}]}}