{"id":8850,"date":"2025-03-10T07:44:31","date_gmt":"2025-03-10T10:44:31","guid":{"rendered":"https:\/\/www.ambito.com\/c6121549"},"modified":"2025-03-10T07:44:31","modified_gmt":"2025-03-10T10:44:31","slug":"el-papa-francisco-paso-una-noche-tranquila-tuvo-ligeras-mejorias-pero-su-cuadro-sigue-siendo-complejo","status":"publish","type":"post","link":"https:\/\/infolanus.com\/index.php\/2025\/03\/10\/el-papa-francisco-paso-una-noche-tranquila-tuvo-ligeras-mejorias-pero-su-cuadro-sigue-siendo-complejo\/","title":{"rendered":"El papa Francisco pas\u00f3 una &#8220;noche tranquila&#8221;, tuvo ligeras mejor\u00edas, pero su cuadro sigue siendo complejo"},"content":{"rendered":"<div><img data-recalc-dims=\"1\" decoding=\"async\" src=\"https:\/\/i0.wp.com\/media.ambito.com\/p\/be248169b8528a111a5b528cde39cde1\/adjuntos\/239\/imagenes\/042\/205\/0042205420\/papa-francisco-1500jpg.jpg?w=640&#038;ssl=1\" class=\"ff-og-image-inserted\"><\/div>\n<div id>\n<p><a href=\"https:\/\/www.ambito.com\/politica\/salud-del-papa-francisco-tuvo-una-buena-noche-y-sigue-descansando-leve-mejoria-n6121369\" target=\"_blank\" rel=\"follow\">El papa Francisco<\/a> pas\u00f3 &#8220;una noche tranquila&#8221;, seg\u00fan informaron desde la Ofician de Prensa del Vaticano este lunes, a la vez que se\u00f1alaron que tuvo ligeras mejor\u00edas graduales en un cuadro que sigue siendo complejo y que lleva a los m\u00e9dicos a mantener con prudencia el pron\u00f3stico reservado.<\/p>\n<\/div>\n<div id>\n<p><strong>&#8220;El Papa ha transcurrido una noche tranquila, est\u00e1 descansando&#8221;<\/strong>, indicaron desde la citada oficina en el parte matutino del lunes, mientras que dijeron que contin\u00faa con su terapia respiratoria, motora y fisioterapia, mientras que sigue con la dieta dada por los m\u00e9dicos, que incluye alimentos s\u00f3lidos.<\/p>\n<\/div>\n<div id>\n<p>En el primer domingo de Cuaresma, por la ma\u00f1ana, adem\u00e1s de recibir la visita del Cardenal secretario de Estado, <strong>Pietro Parolin, <\/strong>y del sustituto de la Secretar\u00eda de Estado, Monse\u00f1or<strong> Edgar Pe\u00f1a Parra<\/strong>, Francisco particip\u00f3 en la Misa con quienes lo asisten en estos d\u00edas.<\/p>\n<\/div>\n<div id>\n<p>En la noche, tras la oxigenaci\u00f3n de alto flujo con el uso de c\u00e1nulas nasales durante el d\u00eda, el Papa volvi\u00f3 a pasar a ventilaci\u00f3n mec\u00e1nica no invasiva, como estaba previsto y se aguarda que por la tarde se d\u00e9 un nuevo parte m\u00e9dico.<\/p>\n<\/div>\n<div id>\n<h2>Salud del Papa: sigue descansando tras leve mejor\u00eda<\/h2>\n<p id=\"_1\" class data-mrf-recirculation=\"links-parrafos\">El <strong><a href=\"https:\/\/www.ambito.com\/mundo\/salud-del-papa-francisco-buena-respuesta-la-terapia-pero-continua-el-pronostico-reservado-n6121295\" target=\"_blank\" rel=\"follow noopener\">papa Francisco<\/a><\/strong> pas\u00f3 una noche &#8220;tranquila&#8221; y esta ma\u00f1ana de domingo se encuentra descansando, seg\u00fan inform\u00f3 el <strong>Vaticano<\/strong>, tras <strong>23 d\u00edas internado en el hospital Gemelli<\/strong> de Roma por sus problemas respiratorios a causa de una neumon\u00eda bilateral. Como cada ma\u00f1ana, la Santa Sede dio a conocer el breve parte m\u00e9dico desde Gemelli. Indic\u00f3 que hoy el Pont\u00edfice no tuvo inconvenientes y contin\u00faa con su recuperaci\u00f3n.<\/p>\n<p class data-mrf-recirculation=\"links-parrafos\"><strong>&#8220;La noche ha estado tranquila, el Papa est\u00e1 descansando&#8221;<\/strong>, expres\u00f3 el reporte m\u00e9dico dominical del papa Francisco. Pese a los altibajos en su salud, las condiciones del Pont\u00edfice son estables y contin\u00faa con su recuperaci\u00f3n.<\/p>\n<h2>Mensaje del papa Francisco desde Gemelli<\/h2>\n<p>En su homil\u00eda, el Pont\u00edfice agradeci\u00f3 a los voluntarios por seguir el ejemplo de Jes\u00fas: \u201custedes sirven al pr\u00f3jimo sin servirse del pr\u00f3jimo\u201d y por propagar esperanza en toda la sociedad.<\/p>\n<p>&#8220;Por las calles y en las casas, junto a los enfermos, a los que sufren, a los presos, con los j\u00f3venes y con los ancianos, su entrega infunde esperanza en toda la sociedad\u201d, expres\u00f3 el Papa, quien no pudo presidir la Misa.<\/p>\n<p>En su reemplazo, el Cardenal Czerny transmiti\u00f3 el mensaje, en el que agradeci\u00f3 a los voluntarios por seguir el ejemplo de Jes\u00fas y llevar esperanza a la sociedad.<\/p>\n<\/div>\n","protected":false},"excerpt":{"rendered":"<p>El papa Francisco pas\u00f3 &#8220;una noche tranquila&#8221;, seg\u00fan informaron desde la Ofician de Prensa del Vaticano este lunes, a la vez que se\u00f1alaron que tuvo ligeras mejor\u00edas graduales en un cuadro que sigue siendo complejo y que lleva a los m\u00e9dicos a mantener con prudencia el pron\u00f3stico reservado. &#8220;El Papa ha transcurrido una noche tranquila, [&hellip;]<\/p>\n","protected":false},"author":2,"featured_media":8851,"comment_status":"closed","ping_status":"closed","sticky":false,"template":"","format":"standard","meta":{"jetpack_post_was_ever_published":false,"_jetpack_newsletter_access":"","_jetpack_dont_email_post_to_subs":false,"_jetpack_newsletter_tier_id":0,"_jetpack_memberships_contains_paywalled_content":false,"_jetpack_memberships_contains_paid_content":false,"footnotes":"","jetpack_publicize_message":"","jetpack_publicize_feature_enabled":true,"jetpack_social_post_already_shared":true,"jetpack_social_options":{"image_generator_settings":{"template":"highway","enabled":false},"version":2}},"categories":[20],"tags":[],"class_list":["post-8850","post","type-post","status-publish","format-standard","has-post-thumbnail","hentry","category-mundo"],"jetpack_publicize_connections":[],"jetpack_featured_media_url":"https:\/\/i0.wp.com\/infolanus.com\/wp-content\/uploads\/2025\/03\/el-papa-francisco-paso-una-noche-tranquila-tuvo-ligeras-mejorias-pero-su-cuadro-sigue-siendo-complejo.jpg?fit=1200%2C675&ssl=1","jetpack_sharing_enabled":true,"jetpack_shortlink":"https:\/\/wp.me\/p9QtMr-2iK","_links":{"self":[{"href":"https:\/\/infolanus.com\/index.php\/wp-json\/wp\/v2\/posts\/8850","targetHints":{"allow":["GET"]}}],"collection":[{"href":"https:\/\/infolanus.com\/index.php\/wp-json\/wp\/v2\/posts"}],"about":[{"href":"https:\/\/infolanus.com\/index.php\/wp-json\/wp\/v2\/types\/post"}],"author":[{"embeddable":true,"href":"https:\/\/infolanus.com\/index.php\/wp-json\/wp\/v2\/users\/2"}],"replies":[{"embeddable":true,"href":"https:\/\/infolanus.com\/index.php\/wp-json\/wp\/v2\/comments?post=8850"}],"version-history":[{"count":0,"href":"https:\/\/infolanus.com\/index.php\/wp-json\/wp\/v2\/posts\/8850\/revisions"}],"wp:featuredmedia":[{"embeddable":true,"href":"https:\/\/infolanus.com\/index.php\/wp-json\/wp\/v2\/media\/8851"}],"wp:attachment":[{"href":"https:\/\/infolanus.com\/index.php\/wp-json\/wp\/v2\/media?parent=8850"}],"wp:term":[{"taxonomy":"category","embeddable":true,"href":"https:\/\/infolanus.com\/index.php\/wp-json\/wp\/v2\/categories?post=8850"},{"taxonomy":"post_tag","embeddable":true,"href":"https:\/\/infolanus.com\/index.php\/wp-json\/wp\/v2\/tags?post=8850"}],"curies":[{"name":"wp","href":"https:\/\/api.w.org\/{rel}","templated":true}]}}