{"id":8862,"date":"2025-03-11T22:14:00","date_gmt":"2025-03-12T01:14:00","guid":{"rendered":"https:\/\/www.ambito.com\/c6122366"},"modified":"2025-03-11T22:14:00","modified_gmt":"2025-03-12T01:14:00","slug":"colombia-gustavo-petro-convocara-una-consulta-popular-por-reformas-laboral-y-salud","status":"publish","type":"post","link":"https:\/\/infolanus.com\/index.php\/2025\/03\/11\/colombia-gustavo-petro-convocara-una-consulta-popular-por-reformas-laboral-y-salud\/","title":{"rendered":"Colombia: Gustavo Petro convocar\u00e1 una consulta popular por reformas laboral y salud"},"content":{"rendered":"<p><!-- { REGION4 --> <\/p>\n<header class=\"news-headline\" readability=\"1.3804780876494\">\n<div class=\"news-headline__topics-and-date-wrapper\"> <span class=\"news-headline__publication-date\"> 11 de marzo 2025 &#8211; 22:14 <\/span><\/div>\n<h2 class=\"news-headline__article-summary\" readability=\"23\">\n<p class=\"ignore-parser\">Ambos iniciativas oficialistas son frenadas por la oposici\u00f3n y criticadas por las principales c\u00e1maras empresariales.<\/p>\n<\/h2>\n<\/header>\n<div class=\"detail-highlighted-multimedia content-protected-false\">\n<figure class=\"detail-highlighted-multimedia__figure\"> <img data-recalc-dims=\"1\" loading=\"lazy\" decoding=\"async\" src=\"https:\/\/i0.wp.com\/media.ambito.com\/p\/749ab566acd9e107facf345e55026e6d\/adjuntos\/239\/imagenes\/040\/100\/0040100803\/655x368\/smart\/gustavo-petro.png?resize=640%2C437&#038;ssl=1\" class=\"detail-highlighted-multimedia__figure-img img-fluid\" alt=\"Gustavo Petro, presidente de Colombia.\" width=\"640\" height=\"437\"><figcaption class=\"detail-highlighted-multimedia__figcaption\" readability=\"-23.5\"> <span class=\"detail-highlighted-multimedia__copyright\">Gentileza: @Mineducacion<\/span><\/figcaption><\/figure>\n<\/div>\n<article class=\"article-body article-body--first-paragraph content-protected-false\" data-td-script-src=\"https:\/\/www.ambito.com\/td\/modulos\/encuestas\/js\/function-embeds-min-version-1741579646.js\" readability=\"29.931034482759\">\n<p>El presidente de <a href=\"https:\/\/www.ambito.com\/mundo\/colombia-la-vicepresidenta-francia-marquez-denuncio-amenazas-muerte-n6118454\" target=\"_blank\" rel=\"follow\">Colombia<\/a>, <strong>Gustavo Petro, <\/strong>anunci\u00f3 este martes que convocar\u00e1 una<strong> consulta popular sobre las reformas de salud y laboral<\/strong> que propone el oficialismo pero est\u00e1n trabadas en el Congreso. Todav\u00eda no defini\u00f3 una fecha.<\/p>\n<\/article>\n<article class=\"article-body article-body--second-paragraph content-protected-false\" readability=\"33\">\n<p>&#8220;<strong>El Gobierno nacional va a convocar una consulta popular para decidir sobre la reforma laboral y sobre la reforma a la salud,<\/strong> que sea el pueblo el que decida&#8221;, anunci\u00f3 Petro en un mensaje al pa\u00eds. La iniciativa oficialista para superar &#8220;el bloqueo institucional&#8221; es una <strong>respuesta a la resoluci\u00f3n que archiva la reforma laboral firmada por ocho de los 14 miembros de la Comisi\u00f3n S\u00e9ptima del Senado,<\/strong> una de las tantas acciones para frenar ambas reformas.<\/p>\n<\/article>\n<section class=\"related-news\"> <span class=\"related-news__title\">Informate m\u00e1s<\/span> <\/p>\n<div class=\"row row--eq-height\">\n<div class=\"col-12 col-md-6\">\n<article class=\"news-article news-article--landscape-news news-article--landscape-news\">\n<figure class=\"news-article__figure figure\"> <a href=\"https:\/\/www.ambito.com\/mundo\/elon-musk-sugirio-desconectar-la-defensa-ucrania-la-red-starlink-y-elevo-la-tension-europa-n6122142\" target title=\"\u00e1mbito.com | Elon Musk sugiri\u00f3 desconectar la defensa de Ucrania de la red Starlink y elev\u00f3 la tensi\u00f3n en Europa\" alt=\"\u00e1mbito.com | Elon Musk sugiri\u00f3 desconectar la defensa de Ucrania de la red Starlink y elev\u00f3 la tensi\u00f3n en Europa\" rel=\"noindex nofollow noreferrer\"> <img loading=\"lazy\" decoding=\"async\" src=\"https:\/\/www.ambito.com\/css-custom\/239\/lazy.svg\" data-td-src-property=\"https:\/\/media.ambito.com\/p\/820f8d11340f0d8bef2b9e51cff921ea\/adjuntos\/239\/imagenes\/042\/249\/0042249871\/starlink-ucrania2jpg.jpg\" alt=\"Starlink amenaz\u00f3 con quitarle la cobertura a Ucrania.&nbsp;\" title=\"Starlink amenaz\u00f3 con quitarle la cobertura a Ucrania.&nbsp;\" width=\"93\" height=\"52\" class=\"news-article__figure-img figure-img img-fluid\"> <span class=\"news-article__media-badge news-article__media-badge--video\"><\/span><\/a> <\/figure>\n<\/article><\/div>\n<div class=\"col-12 col-md-6\">\n<article class=\"news-article news-article--landscape-news news-article--landscape-news\">\n<figure class=\"news-article__figure figure\"> <a href=\"https:\/\/www.ambito.com\/mundo\/murio-uno-los-actores-harry-potter-n6122048\" target title=\"\u00e1mbito.com | Muri\u00f3 uno de los actores de Harry Potter\" alt=\"\u00e1mbito.com | Muri\u00f3 uno de los actores de Harry Potter\" rel=\"noindex nofollow noreferrer\"> <img loading=\"lazy\" decoding=\"async\" src=\"https:\/\/www.ambito.com\/css-custom\/239\/lazy.svg\" data-td-src-property=\"https:\/\/media.ambito.com\/p\/e09155305048d0b830238d99f6dc0263\/adjuntos\/239\/imagenes\/042\/248\/0042248207\/simon-recortejpg.jpg\" alt=\"Todav\u00eda se desconocen las causas de la muerte.\" title=\"Todav\u00eda se desconocen las causas de la muerte.\" width=\"93\" height=\"52\" class=\"news-article__figure-img figure-img img-fluid\"> <\/a><\/figure>\n<\/article><\/div>\n<\/div>\n<\/section>\n<article class=\"article-body article-body--third-paragraph content-protected-false\" readability=\"32\">\n<p><strong>\u201cEste gobierno del cambio no va a renunciar a reformar para mejorar la salud, las pensiones y las condiciones laborales justas <\/strong>para todos los colombianos y colombianas. <strong>El objetivo es simple, los c\u00f3mos y medios complejos\u201d<\/strong>, afirm\u00f3 Petro una semana atr\u00e1s.<\/p>\n<\/article>\n<article class=\"article-body article-body--fourth-paragraph content-protected-false\" readability=\"31.704752275025\">\n<div contenteditable=\"false\" class=\"embed_cont type_freetext\" rel=\"freetext\" id=\"embed6344_wrap\" data-provider=\"Twitter\" readability=\"32.055555555556\">\n<p>Embed &#8211; https:\/\/publish.twitter.com\/oembed?url=https:\/\/x.com\/infopresidencia\/status\/1899609143435993148?ref_src=twsrc%5Etfw%7Ctwcamp%5Etweetembed%7Ctwterm%5E1899609143435993148%7Ctwgr%5E387bae2eed2047bfef584bf4df65d933ca16f9c6%7Ctwcon%5Es1_&amp;ref_url=https%3A%2F%2Fefe.com%2Fmundo%2F2025-03-12%2Fpetro-colombia-reformas-consulta%2F&amp;partner=&amp;hide_thread=false<span onclick=\"parent.parent.TinyMCETdcuerpo.preview_embed('embed6344')\" class=\"embed_colapse less\" id=\"embed6344_colapse\"><\/span><span onclick=\"parent.parent.TinyMCETdcuerpo.delete_embed('embed6344')\" class=\"embed_delete less\" id=\"embed6344_delete\"><\/span><\/p>\n<div id=\"embed6344_content\" class=\"embed_content\">\n<div id=\"embed6344_embed\" readability=\"5.6410256410256\">\n<blockquote data-td-script-src=\"https:\/\/platform.twitter.com\/widgets.js\" class=\"twitter-tweet\" readability=\"5.6410256410256\">\n<p dir=\"ltr\" lang=\"es\"> El Presidente <a href=\"https:\/\/twitter.com\/petrogustavo?ref_src=twsrc%5Etfw\">@petrogustavo<\/a> anunci\u00f3 que el Gobierno Nacional convocar\u00e1 al pueblo colombiano a decidir sobre la Reforma Laboral y la Reforma a la Salud a trav\u00e9s de una consulta popular. <a href=\"https:\/\/t.co\/OCe6dMUc02\">pic.twitter.com\/OCe6dMUc02<\/a><\/p>\n<p> \u2014 Presidencia Colombia (@infopresidencia) <a href=\"https:\/\/twitter.com\/infopresidencia\/status\/1899609143435993148?ref_src=twsrc%5Etfw\">March 11, 2025<\/a><\/p><\/blockquote>\n<\/div><\/div>\n<\/p><\/div>\n<h2>En qu\u00e9 consiste las reformas de Salud y Laboral de Petro<\/h2>\n<p>El proyecto de reforma en Salud de Petro propone una reestructuraci\u00f3n radical del sistema sanitario colombiano. Una de las claves son la<strong> transformaci\u00f3n de las Entidades Promotoras de Salud (EPS) en Entidades Gestoras de Salud y Vida (EGSV),<\/strong> eliminando su funci\u00f3n de gesti\u00f3n del riesgo financiero.<\/p>\n<\/article>\n<article class=\"article-body article-body--remaining-paragraph content-protected-false\" readability=\"36\">\n<p>Otro cambio importante es el nuevo rol de <strong>la Administradora de Recursos del Sistema de Salud (Adres), que asumir\u00e1 el rol de pagador \u00fanico. As\u00ed, centralizar\u00e1 los recursos y la auditor\u00eda de los servicios de salud<\/strong>.<\/p>\n<p><strong>La reforma laboral y la de pensiones<\/strong> busca la ampliaci\u00f3n del horario nocturno que se cobra un monto superior o elevar el monto que se paga por trabajar domingos. Esto est\u00e1 vinculado a una reforma en el sistema de pensiones p\u00fablicas que busca que quienes menos salarios cobran durante su vida laboral activa pueden entrar el sistema al momento de jubilarse.<\/p>\n<\/article>\n<p> <!-- REGION4 } --> <\/p>\n","protected":false},"excerpt":{"rendered":"<p>11 de marzo 2025 &#8211; 22:14 Ambos iniciativas oficialistas son frenadas por la oposici\u00f3n y criticadas por las principales c\u00e1maras empresariales. Gentileza: @Mineducacion El presidente de Colombia, Gustavo Petro, anunci\u00f3 este martes que convocar\u00e1 una consulta popular sobre las reformas de salud y laboral que propone el oficialismo pero est\u00e1n trabadas en el Congreso. Todav\u00eda [&hellip;]<\/p>\n","protected":false},"author":2,"featured_media":8863,"comment_status":"closed","ping_status":"closed","sticky":false,"template":"","format":"standard","meta":{"jetpack_post_was_ever_published":false,"_jetpack_newsletter_access":"","_jetpack_dont_email_post_to_subs":false,"_jetpack_newsletter_tier_id":0,"_jetpack_memberships_contains_paywalled_content":false,"_jetpack_memberships_contains_paid_content":false,"footnotes":"","jetpack_publicize_message":"","jetpack_publicize_feature_enabled":true,"jetpack_social_post_already_shared":true,"jetpack_social_options":{"image_generator_settings":{"template":"highway","enabled":false},"version":2}},"categories":[20],"tags":[],"class_list":["post-8862","post","type-post","status-publish","format-standard","has-post-thumbnail","hentry","category-mundo"],"jetpack_publicize_connections":[],"jetpack_featured_media_url":"https:\/\/i0.wp.com\/infolanus.com\/wp-content\/uploads\/2025\/03\/colombia-gustavo-petro-convocara-una-consulta-popular-por-reformas-laboral-y-salud.png?fit=655%2C368&ssl=1","jetpack_sharing_enabled":true,"jetpack_shortlink":"https:\/\/wp.me\/p9QtMr-2iW","_links":{"self":[{"href":"https:\/\/infolanus.com\/index.php\/wp-json\/wp\/v2\/posts\/8862","targetHints":{"allow":["GET"]}}],"collection":[{"href":"https:\/\/infolanus.com\/index.php\/wp-json\/wp\/v2\/posts"}],"about":[{"href":"https:\/\/infolanus.com\/index.php\/wp-json\/wp\/v2\/types\/post"}],"author":[{"embeddable":true,"href":"https:\/\/infolanus.com\/index.php\/wp-json\/wp\/v2\/users\/2"}],"replies":[{"embeddable":true,"href":"https:\/\/infolanus.com\/index.php\/wp-json\/wp\/v2\/comments?post=8862"}],"version-history":[{"count":0,"href":"https:\/\/infolanus.com\/index.php\/wp-json\/wp\/v2\/posts\/8862\/revisions"}],"wp:featuredmedia":[{"embeddable":true,"href":"https:\/\/infolanus.com\/index.php\/wp-json\/wp\/v2\/media\/8863"}],"wp:attachment":[{"href":"https:\/\/infolanus.com\/index.php\/wp-json\/wp\/v2\/media?parent=8862"}],"wp:term":[{"taxonomy":"category","embeddable":true,"href":"https:\/\/infolanus.com\/index.php\/wp-json\/wp\/v2\/categories?post=8862"},{"taxonomy":"post_tag","embeddable":true,"href":"https:\/\/infolanus.com\/index.php\/wp-json\/wp\/v2\/tags?post=8862"}],"curies":[{"name":"wp","href":"https:\/\/api.w.org\/{rel}","templated":true}]}}