{"id":8867,"date":"2025-03-12T10:34:00","date_gmt":"2025-03-12T13:34:00","guid":{"rendered":"https:\/\/www.ambito.com\/c6122428"},"modified":"2025-03-12T10:34:00","modified_gmt":"2025-03-12T13:34:00","slug":"elon-musk-advirtio-sobre-una-futura-sequia-que-puede-generar-una-crisis-mundial","status":"publish","type":"post","link":"https:\/\/infolanus.com\/index.php\/2025\/03\/12\/elon-musk-advirtio-sobre-una-futura-sequia-que-puede-generar-una-crisis-mundial\/","title":{"rendered":"Elon Musk advirti\u00f3 sobre una futura sequ\u00eda que puede generar una crisis mundial"},"content":{"rendered":"<div id>\n<p data-start=\"73\" data-end=\"601\"><strong data-start=\"91\" data-end=\"104\"><a href=\"https:\/\/www.ambito.com\/mundo\/elon-musk-sugirio-desconectar-la-defensa-ucrania-la-red-starlink-y-elevo-la-tension-europa-n6122142\" target=\"_blank\" rel=\"follow\">Elon Musk<\/a><\/strong>, el multimillonario creador de <strong data-start=\"117\" data-end=\"126\"> Tesla<\/strong>, propietario de <strong data-start=\"143\" data-end=\"148\">X<\/strong> y CEO de <strong data-start=\"200\" data-end=\"210\">SpaceX<\/strong>, expres\u00f3 su preocupaci\u00f3n por un posible <strong>colapso energ\u00e9tico global<\/strong>, derivado de una crisis sin precedentes en el <strong>suministro de<\/strong> <strong data-start=\"342\" data-end=\"358\">electricidad<\/strong>. Fue durante su participaci\u00f3n en el <strong data-start=\"398\" data-end=\"423\">Bosch Connected World<\/strong>, <strong data-start=\"425\" data-end=\"433\">Musk, <\/strong>donde explic\u00f3 que el <strong><a href=\"https:\/\/www.ambito.com\/tecnologia\/bill-gates-aseguro-que-esta-revolucionara-la-movilidad-las-ciudades-n6117857#:~:text=Veh%C3%ADculos%20aut%C3%B3nomos%2C%20el%20futuro%20del,m%C3%A1s%20cerca%20de%20ser%20realidad.\" target=\"_blank\" rel=\"follow\"> crecimiento acelerado de la demanda tecnol\u00f3gica <\/a><\/strong> est\u00e1 poniendo a prueba las infraestructuras actuales, que no est\u00e1n listas para gestionar esta expansi\u00f3n.<\/p>\n<\/div>\n<div id>\n<p data-start=\"653\" data-end=\"982\">All\u00ed, Musk destac\u00f3 que el consumo de <strong data-start=\"688\" data-end=\"699\">energ\u00eda<\/strong> est\u00e1 experimentando un <strong>aumento exponencial<\/strong>, principalmente debido al vertiginoso avance de la <strong data-start=\"794\" data-end=\"821\"><a href=\"https:\/\/www.ambito.com\/tecnologia\/la-inteligencia-artificial-revelo-los-mayores-avances-tecnologicos-los-electrodomesticos-futuro-n6120026\" target=\"_blank\" rel=\"follow\">Inteligencia Artificial<\/a><\/strong>. Asegur\u00f3 que la demanda de estas tecnolog\u00edas crece diez veces cada seis meses, lo que ejerce una presi\u00f3n sin precedentes sobre la red el\u00e9ctrica a nivel mundial.<\/p>\n<\/p><\/div>\n<div id>\n<p data-start=\"984\" data-end=\"1230\">En ese aspecto, el empresario utiliz\u00f3 el t\u00e9rmino<strong> &#8220;sequ\u00eda el\u00e9ctrica&#8221; <\/strong>para describir la situaci\u00f3n en la que la oferta de <strong data-start=\"1087\" data-end=\"1098\">energ\u00eda<\/strong> no logra satisfacer la demanda, afectando la capacidad de la sociedad y la industria para llevar a cabo sus actividades cotidianas.<\/p>\n<\/div>\n<div id>\n<p data-start=\"1232\" data-end=\"1599\">Seg\u00fan el sudafricano, la <strong data-start=\"1251\" data-end=\"1267\">electricidad<\/strong> es esencial para el funcionamiento de la vida moderna. Su escasez <strong>afectar\u00eda profundamente todos los sectores de la sociedad<\/strong>, desde el uso de dispositivos electr\u00f3nicos hasta el mantenimiento de las operaciones industriales y comerciales, todos ellos dependientes de una infraestructura robusta para generar y distribuir <strong data-start=\"1587\" data-end=\"1598\">energ\u00eda<\/strong>.<\/p>\n<\/div>\n<div id>\n<div contenteditable=\"false\" class=\"embed_cont type_imagen\" id=\"8049003-Libre-202003021_wrap\">\n<p>Elon Musk BCW.jpg <span onclick=\"parent.parent.TinyMCETdcuerpo.preview_embed('8049003-Libre-202003021')\" class=\"embed_colapse less\" id=\"8049003-Libre-202003021_colapse\"><\/span> <span onclick=\"parent.parent.TinyMCETdcuerpo.delete_embed('8049003-Libre-202003021')\" class=\"embed_delete less\" id=\"8049003-Libre-202003021_delete\"><\/span><\/p>\n<div id=\"8049003-Libre-202003021_content\" class=\"embed_content\"><img data-recalc-dims=\"1\" loading=\"lazy\" decoding=\"async\" src=\"https:\/\/i0.wp.com\/media.ambito.com\/p\/3525692ebbd4f7be3b38847f99ae48be\/adjuntos\/239\/imagenes\/042\/252\/0042252145\/elon-musk-bcwjpg.jpg?resize=640%2C359&#038;ssl=1\" alt title width=\"640\" height=\"359\" id=\"8049003-Libre-202003021_embed\"><\/div>\n<p>Iot World<\/p>\n<\/div>\n<p data-start=\"1676\" data-end=\"2054\">El fundador de Tesla tambi\u00e9n explic\u00f3 que el desarrollo tecnol\u00f3gico increment\u00f3 la<strong> dependencia de microchips y sistemas computacionales<\/strong>, los cuales requieren m\u00e1s electricidad a medida que se expanden. Se\u00f1al\u00f3 que la falta de transformadores de potencia y reductores de tensi\u00f3n, componentes cruciales en la transmisi\u00f3n de <strong data-start=\"2007\" data-end=\"2018\">energ\u00eda<\/strong>, genera una creciente preocupaci\u00f3n.<\/p>\n<p data-start=\"2056\" data-end=\"2410\">Su advertencia no se limita solo a los <strong>cortes masivos de electricidad<\/strong>, sino tambi\u00e9n a la posibilidad de que esta crisis <strong>frene el avance tecnol\u00f3gico<\/strong>. Seg\u00fan Musk, si no se encuentran soluciones adecuadas, la crisis energ\u00e9tica podr\u00eda ralentizar, o incluso paralizar, el progreso de la Inteligencia Artificial y otros desarrollos cient\u00edficos.<\/p>\n<p data-start=\"2412\" data-end=\"2754\">Adem\u00e1s, alert\u00f3 sobre c\u00f3mo la falta de <strong data-start=\"2450\" data-end=\"2461\">energ\u00eda<\/strong> afectar\u00eda el funcionamiento de infraestructuras clave como hospitales, sistemas de comunicaci\u00f3n y transporte. En este sentido, remarc\u00f3 que una crisis de esta magnitud no solo tendr\u00eda consecuencias econ\u00f3micas, sino que tambi\u00e9n pondr\u00eda en riesgo la seguridad y el bienestar de la <strong data-start=\"2740\" data-end=\"2753\">poblaci\u00f3n<\/strong>.<\/p>\n<h2>Las grandes tecnol\u00f3gicas reaccionan<\/h2>\n<p data-start=\"2797\" data-end=\"3159\">Frente a esta amenaza, empresas como <strong data-start=\"2834\" data-end=\"2847\">Microsoft<\/strong>, <strong data-start=\"2849\" data-end=\"2859\">Google<\/strong> y <strong data-start=\"2862\" data-end=\"2872\">Amazon<\/strong> comenzaron a implementar planes para asegurar su suministro de <strong data-start=\"2939\" data-end=\"2955\">electricidad<\/strong>. Estas compa\u00f1\u00edas est\u00e1n destinando inversiones a la construcci\u00f3n de nuevas infraestructuras y a la diversificaci\u00f3n de fuentes de <strong data-start=\"3084\" data-end=\"3095\">energ\u00eda<\/strong> para mitigar los posibles efectos de una <strong data-start=\"3137\" data-end=\"3158\">crisis energ\u00e9tica<\/strong>.<\/p>\n<p data-start=\"3161\" data-end=\"3414\">No obstante, el magnate se\u00f1al\u00f3 que <strong>estos esfuerzos no son suficientes<\/strong>, ya que el desaf\u00edo trasciende el \u00e1mbito empresarial. Seg\u00fan \u00e9l, se trata de un problema global que requiere la cooperaci\u00f3n de gobiernos, organizaciones y la <strong data-start=\"3390\" data-end=\"3402\">sociedad<\/strong> en general.<\/p>\n<h2>La influencia de las energ\u00edas renovables<\/h2>\n<p data-start=\"3463\" data-end=\"3912\">El empresario tambi\u00e9n hizo hincapi\u00e9 en que las <strong>energ\u00edas renovables como la solar y la e\u00f3lica<\/strong> est\u00e1n contribuyendo a la diversificaci\u00f3n de la generaci\u00f3n el\u00e9ctrica. Sin embargo, advirti\u00f3 que, aunque son una soluci\u00f3n importante, <strong>podr\u00edan no ser suficientes<\/strong> para satisfacer la creciente demanda de energ\u00eda.<\/p>\n<p data-start=\"3463\" data-end=\"3912\">Subray\u00f3 que es crucial <strong>continuar explorando nuevas fuentes<\/strong> y desarrollando tecnolog\u00edas m\u00e1s eficientes en t\u00e9rminos de consumo energ\u00e9tico.<\/p>\n<p data-start=\"3914\" data-end=\"4226\">Los especialistas del sector energ\u00e9tico coinciden en que <strong>modernizar la infraestructura<\/strong> el\u00e9ctrica es una prioridad para evitar un colapso. La necesidad de nuevas inversiones en redes de distribuci\u00f3n y almacenamiento de energ\u00eda es un tema central en los debates actuales sobre el futuro de la electricidad.<\/p>\n<p data-start=\"4292\" data-end=\"4601\" data-is-last-node data-is-only-node>Musk reiter\u00f3 que es esencial tomar medidas urgentes para prevenir que la &#8220;sequ\u00eda el\u00e9ctrica&#8221; se convierta en una crisis permanente. Asegur\u00f3 que, si no se implementan soluciones efectivas, la humanidad podr\u00eda enfrentar uno de los mayores desaf\u00edos de la historia en t\u00e9rminos de <strong data-start=\"4571\" data-end=\"4600\">sostenibilidad energ\u00e9tica<\/strong>.<\/p>\n<\/div>\n","protected":false},"excerpt":{"rendered":"<p>Elon Musk, el multimillonario creador de Tesla, propietario de X y CEO de SpaceX, expres\u00f3 su preocupaci\u00f3n por un posible colapso energ\u00e9tico global, derivado de una crisis sin precedentes en el suministro de electricidad. Fue durante su participaci\u00f3n en el Bosch Connected World, Musk, donde explic\u00f3 que el crecimiento acelerado de la demanda tecnol\u00f3gica est\u00e1 [&hellip;]<\/p>\n","protected":false},"author":2,"featured_media":8868,"comment_status":"closed","ping_status":"closed","sticky":false,"template":"","format":"standard","meta":{"jetpack_post_was_ever_published":false,"_jetpack_newsletter_access":"","_jetpack_dont_email_post_to_subs":false,"_jetpack_newsletter_tier_id":0,"_jetpack_memberships_contains_paywalled_content":false,"_jetpack_memberships_contains_paid_content":false,"footnotes":"","jetpack_publicize_message":"","jetpack_publicize_feature_enabled":true,"jetpack_social_post_already_shared":true,"jetpack_social_options":{"image_generator_settings":{"template":"highway","enabled":false},"version":2}},"categories":[20],"tags":[],"class_list":["post-8867","post","type-post","status-publish","format-standard","has-post-thumbnail","hentry","category-mundo"],"jetpack_publicize_connections":[],"jetpack_featured_media_url":"https:\/\/i0.wp.com\/infolanus.com\/wp-content\/uploads\/2025\/03\/elon-musk-advirtio-sobre-una-futura-sequia-que-puede-generar-una-crisis-mundial.jpg?fit=730%2C410&ssl=1","jetpack_sharing_enabled":true,"jetpack_shortlink":"https:\/\/wp.me\/p9QtMr-2j1","_links":{"self":[{"href":"https:\/\/infolanus.com\/index.php\/wp-json\/wp\/v2\/posts\/8867","targetHints":{"allow":["GET"]}}],"collection":[{"href":"https:\/\/infolanus.com\/index.php\/wp-json\/wp\/v2\/posts"}],"about":[{"href":"https:\/\/infolanus.com\/index.php\/wp-json\/wp\/v2\/types\/post"}],"author":[{"embeddable":true,"href":"https:\/\/infolanus.com\/index.php\/wp-json\/wp\/v2\/users\/2"}],"replies":[{"embeddable":true,"href":"https:\/\/infolanus.com\/index.php\/wp-json\/wp\/v2\/comments?post=8867"}],"version-history":[{"count":0,"href":"https:\/\/infolanus.com\/index.php\/wp-json\/wp\/v2\/posts\/8867\/revisions"}],"wp:featuredmedia":[{"embeddable":true,"href":"https:\/\/infolanus.com\/index.php\/wp-json\/wp\/v2\/media\/8868"}],"wp:attachment":[{"href":"https:\/\/infolanus.com\/index.php\/wp-json\/wp\/v2\/media?parent=8867"}],"wp:term":[{"taxonomy":"category","embeddable":true,"href":"https:\/\/infolanus.com\/index.php\/wp-json\/wp\/v2\/categories?post=8867"},{"taxonomy":"post_tag","embeddable":true,"href":"https:\/\/infolanus.com\/index.php\/wp-json\/wp\/v2\/tags?post=8867"}],"curies":[{"name":"wp","href":"https:\/\/api.w.org\/{rel}","templated":true}]}}