{"id":9004,"date":"2025-04-05T15:59:00","date_gmt":"2025-04-05T18:59:00","guid":{"rendered":"https:\/\/www.ambito.com\/c6131340"},"modified":"2025-04-05T15:59:00","modified_gmt":"2025-04-05T18:59:00","slug":"elon-musk-confeso-que-quiere-una-zona-de-libre-comercio-entre-europa-y-eeuu","status":"publish","type":"post","link":"https:\/\/infolanus.com\/index.php\/2025\/04\/05\/elon-musk-confeso-que-quiere-una-zona-de-libre-comercio-entre-europa-y-eeuu\/","title":{"rendered":"Elon Musk confes\u00f3 que quiere &#8220;una zona de libre comercio&#8221; entre Europa y EEUU"},"content":{"rendered":"<div id>\n<p>El multimillonario <strong><a href=\"https:\/\/www.ambito.com\/economia\/aranceles-donald-trump-mark-zuckerberg-jeff-bezos-y-elon-musk-tampoco-se-salvaron-del-derrumbe-los-mercados-n6131080\" target=\"_blank\" rel=\"follow\">Elon Musk<\/a><\/strong>, y funcionario de la administraci\u00f3n <strong><a href=\"https:\/\/www.ambito.com\/economia\/donald-trump-defendio-su-politica-arancelaria-y-afirmo-que-golpeo-mas-fuerte-china-esto-es-una-revolucion-economica-n6131316\" target=\"_blank\" rel=\"follow\"> Trump<\/a><\/strong>, declar\u00f3 este s\u00e1bado que <strong> espera que Europa y <a href=\"https:\/\/www.ambito.com\/entra-vigor-el-arancel-universal-donald-trump-los-productos-importados-estados-unidos-n6131282\" target=\"_blank\" rel=\"follow\">Estados Unidos<\/a><\/strong> <strong>acuerden una zona de libre comercio<\/strong>, con aranceles nulos. Lo dijo en un congreso en <strong>Italia<\/strong>.<\/p>\n<\/div>\n<div id>\n<h2>Elon Musk quiere &#8220;una zona de libre comercio&#8221; entre Europa y EEUU<\/h2>\n<p class>La UE prometi\u00f3 responder a los aranceles estadounidenses, pero se mostr\u00f3 <strong>disponible a negociar una salida a la escalada de tensiones comerciales<\/strong>. Ambas entidades &#8220;<strong>deber\u00edan idealmente avanzar hacia una situaci\u00f3n de aranceles nulos<\/strong>, creando as\u00ed una zona de libre comercio entre Europa y Norteam\u00e9rica&#8221;, declar\u00f3 Musk. <\/p>\n<\/div>\n<div id>\n<p class>El multimillonario se mostr\u00f3 partidario de &#8220;m\u00e1s libertad para que la gente pueda moverse entre Europa y Estados Unidos&#8221; para trabajar. &#8220;Ese fue mi consejo al presidente sin duda&#8221;, se\u00f1al\u00f3.<\/p>\n<div contenteditable=\"false\" class=\"embed_cont type_imagen\" id=\"8025583-Libre-1728345415_wrap\" readability=\"8\">\n<p>georgia meloni y elon musk <span onclick=\"parent.parent.TinyMCETdcuerpo.preview_embed('8025583-Libre-1728345415')\" class=\"embed_colapse less\" id=\"8025583-Libre-1728345415_colapse\"><\/span> <span onclick=\"parent.parent.TinyMCETdcuerpo.delete_embed('8025583-Libre-1728345415')\" class=\"embed_delete less\" id=\"8025583-Libre-1728345415_delete\"><\/span><\/p>\n<div id=\"8025583-Libre-1728345415_content\" class=\"embed_content\"><img data-recalc-dims=\"1\" loading=\"lazy\" decoding=\"async\" src=\"https:\/\/i0.wp.com\/media.ambito.com\/p\/d6ef8fa9aefc183afab810531e75cc78\/adjuntos\/239\/imagenes\/042\/095\/0042095498\/georgia-meloni-y-elon-musk.jpeg?resize=640%2C359&#038;ssl=1\" alt=\"Elon Musk se mostr\u00f3 partidario de \" m aacute s libertad desde italia title=\"Elon Musk se mostr\u00f3 partidario de \" width=\"640\" height=\"359\" id=\"8025583-Libre-1728345415_embed\"><\/div>\n<div id=\"8025583-Libre-1728345415_epigrafe\" class=\"embed_epigrafe\" readability=\"7\">\n<p> Elon Musk se mostr\u00f3 partidario de &#8220;m\u00e1s libertad&#8221; desde Italia.<\/p>\n<\/div>\n<p>Gentileza: Euronews<\/p>\n<\/div>\n<p class>En su participaci\u00f3n de unos 15 minutos difundida en una pantalla gigante, el jefe de Tesla, SpaceX y la red social X, cercano a la primera ministra italiana Giorgia Meloni, critic\u00f3 de nuevo &#8220;la inmigraci\u00f3n masiva&#8221; que seg\u00fan \u00e9l &#8220;llevar\u00e1 a la destrucci\u00f3n&#8221; de los pa\u00edses que la acepten.<\/p>\n<h2>Donald Trump defendi\u00f3 su pol\u00edtica arancelaria y afirm\u00f3 que golpe\u00f3 m\u00e1s fuerte a China: &#8220;Esto es una revoluci\u00f3n econ\u00f3mica&#8221;<\/h2>\n<p class data-start=\"468\" data-end=\"894\">El presidente de<strong><\/strong><a href=\"https:\/\/www.ambito.com\/aranceles-donald-trump-4-abril\" target=\"_blank\" rel=\"follow noopener\"><strong> Estados Unidos, Donald Trump<\/strong><\/a>, volvi\u00f3 a defender su <strong> estrategia comercial basada en la imposici\u00f3n de aranceles <\/strong>a productos extranjeros y asegur\u00f3 que <strong data-start=\"642\" data-end=\"651\">China<\/strong> result\u00f3 m\u00e1s perjudicada que su pa\u00eds. A trav\u00e9s de un mensaje difundido este s\u00e1bado en su red social <strong data-start=\"751\" data-end=\"767\">Truth Social<\/strong>, el exmandatario insisti\u00f3 en que las medidas est\u00e1n <a href=\"https:\/\/www.ambito.com\/economia\/en-medio-la-caida-los-mercados-la-imposicion-aranceles-donald-trump-aseguro-jamas-cambiare-mis-politicas-n6130952\" target=\"_blank\" rel=\"follow noopener\"> generando una <strong>transformaci\u00f3n sin precedentes <\/strong><\/a> en la econom\u00eda estadounidense.<\/p>\n<p class data-start=\"896\" data-end=\"1459\">\u201c<strong><a href=\"https:\/\/www.ambito.com\/economia\/aranceles-reciprocos-la-medida-anunciada-donald-trump-incrementara-la-tension-eeuu-y-china-n6130336\" target=\"_blank\" rel=\"follow noopener\">China ha sido golpeada mucho m\u00e1s fuerte que EEUU<\/a><\/strong>. Ellos, y muchas otras naciones, <strong> nos han tratado de forma insostenible<\/strong>. Hemos sido el \u2018poste de azotes\u2019 ineficaz e indefenso, pero ya no. Estamos recuperando empleos y negocios como nunca antes\u201d, public\u00f3 en su cuenta oficial.<\/p>\n<p class data-start=\"896\" data-end=\"1459\">Y a\u00f1adi\u00f3: \u201c\u00a1Ya hemos invertido m\u00e1s de <strong>cinco billones de d\u00f3lares<\/strong>, y la cifra sigue aumentando r\u00e1pidamente! Esta es una revoluci\u00f3n econ\u00f3mica, y ganaremos. \u00a1Mant\u00e9nganse firmes, no ser\u00e1 f\u00e1cil, pero<strong> el resultado final ser\u00e1 hist\u00f3rico<\/strong>! \u00a1Haremos que Estados Unidos vuelva a ser grande!\u201d.<\/p>\n<\/p><\/div>\n","protected":false},"excerpt":{"rendered":"<p>El multimillonario Elon Musk, y funcionario de la administraci\u00f3n Trump, declar\u00f3 este s\u00e1bado que espera que Europa y Estados Unidos acuerden una zona de libre comercio, con aranceles nulos. Lo dijo en un congreso en Italia. Elon Musk quiere &#8220;una zona de libre comercio&#8221; entre Europa y EEUU La UE prometi\u00f3 responder a los aranceles [&hellip;]<\/p>\n","protected":false},"author":2,"featured_media":9005,"comment_status":"closed","ping_status":"closed","sticky":false,"template":"","format":"standard","meta":{"jetpack_post_was_ever_published":false,"_jetpack_newsletter_access":"","_jetpack_dont_email_post_to_subs":false,"_jetpack_newsletter_tier_id":0,"_jetpack_memberships_contains_paywalled_content":false,"_jetpack_memberships_contains_paid_content":false,"footnotes":"","jetpack_publicize_message":"","jetpack_publicize_feature_enabled":true,"jetpack_social_post_already_shared":true,"jetpack_social_options":{"image_generator_settings":{"template":"highway","enabled":false},"version":2}},"categories":[20],"tags":[],"class_list":["post-9004","post","type-post","status-publish","format-standard","has-post-thumbnail","hentry","category-mundo"],"jetpack_publicize_connections":[],"jetpack_featured_media_url":"https:\/\/i0.wp.com\/infolanus.com\/wp-content\/uploads\/2025\/04\/elon-musk-confeso-que-quiere-una-zona-de-libre-comercio-entre-europa-y-eeuu.jpg?fit=730%2C410&ssl=1","jetpack_sharing_enabled":true,"jetpack_shortlink":"https:\/\/wp.me\/p9QtMr-2le","_links":{"self":[{"href":"https:\/\/infolanus.com\/index.php\/wp-json\/wp\/v2\/posts\/9004","targetHints":{"allow":["GET"]}}],"collection":[{"href":"https:\/\/infolanus.com\/index.php\/wp-json\/wp\/v2\/posts"}],"about":[{"href":"https:\/\/infolanus.com\/index.php\/wp-json\/wp\/v2\/types\/post"}],"author":[{"embeddable":true,"href":"https:\/\/infolanus.com\/index.php\/wp-json\/wp\/v2\/users\/2"}],"replies":[{"embeddable":true,"href":"https:\/\/infolanus.com\/index.php\/wp-json\/wp\/v2\/comments?post=9004"}],"version-history":[{"count":0,"href":"https:\/\/infolanus.com\/index.php\/wp-json\/wp\/v2\/posts\/9004\/revisions"}],"wp:featuredmedia":[{"embeddable":true,"href":"https:\/\/infolanus.com\/index.php\/wp-json\/wp\/v2\/media\/9005"}],"wp:attachment":[{"href":"https:\/\/infolanus.com\/index.php\/wp-json\/wp\/v2\/media?parent=9004"}],"wp:term":[{"taxonomy":"category","embeddable":true,"href":"https:\/\/infolanus.com\/index.php\/wp-json\/wp\/v2\/categories?post=9004"},{"taxonomy":"post_tag","embeddable":true,"href":"https:\/\/infolanus.com\/index.php\/wp-json\/wp\/v2\/tags?post=9004"}],"curies":[{"name":"wp","href":"https:\/\/api.w.org\/{rel}","templated":true}]}}