{"id":9021,"date":"2025-04-09T10:33:00","date_gmt":"2025-04-09T13:33:00","guid":{"rendered":"https:\/\/www.ambito.com\/c6132586"},"modified":"2025-04-09T10:33:00","modified_gmt":"2025-04-09T13:33:00","slug":"tragedia-en-santo-domingo-ya-son-113-los-muertos-por-el-desplome-del-techo-en-un-boliche","status":"publish","type":"post","link":"https:\/\/infolanus.com\/index.php\/2025\/04\/09\/tragedia-en-santo-domingo-ya-son-113-los-muertos-por-el-desplome-del-techo-en-un-boliche\/","title":{"rendered":"Tragedia en Santo Domingo: ya son 113 los muertos por el desplome del techo en un boliche"},"content":{"rendered":"<div id>\n<p>El <strong>n\u00famero de personas muertas como consecuencia del desplome del techo<\/strong> de un <strong>boliche<\/strong> en<strong> <a href=\"https:\/\/www.ambito.com\/mundo\/tragedia-santo-domingo-se-desplomo-el-techo-un-reconocido-boliche-y-hay-al-menos-15-muertos-n6132132\" target=\"_blank\" rel=\"follow\">Santo Domingo<\/a>, Rep\u00fablica Dominicana, <\/strong>ascend\u00eda a<strong> 113 <\/strong>este mi\u00e9rcoles, informaron medios internacionales.<\/p>\n<\/div>\n<div id>\n<p><strong>Entre las v\u00edctimas fatales est\u00e1 el cantante de merengue Rubby P\u00e9rez<\/strong>, inform\u00f3 el sitio RFI.<\/p>\n<\/div>\n<div id>\n<p>Tras el siniestro, el presidente del pa\u00eds, <strong>Luis Abinader<\/strong>, declar\u00f3 <strong>tres d\u00edas de duelo nacional hasta el jueves, <\/strong>inform\u00f3 la agencia de noticias Xinhua.<\/p>\n<\/div>\n<div id>\n<p><strong>La madrugada de este martes se vino abajo el techo de la discoteca &#8220;Jet Set&#8221;, luego de un apag\u00f3n repentino cuando se presentaba P\u00e9rez<\/strong>.<\/p>\n<\/div>\n<div id>\n<div contenteditable=\"false\" class=\"embed_cont type_imagen\" id=\"8059835-Libre-1295750020_wrap\" readability=\"10.5\">\n<p>Tragedia Santo Domingo 3.jpg <span onclick=\"parent.parent.TinyMCETdcuerpo.preview_embed('8059835-Libre-1295750020')\" class=\"embed_colapse less\" id=\"8059835-Libre-1295750020_colapse\"><\/span> <span onclick=\"parent.parent.TinyMCETdcuerpo.delete_embed('8059835-Libre-1295750020')\" class=\"embed_delete less\" id=\"8059835-Libre-1295750020_delete\"><\/span><\/p>\n<div id=\"8059835-Libre-1295750020_content\" class=\"embed_content\"><img data-recalc-dims=\"1\" loading=\"lazy\" decoding=\"async\" src=\"https:\/\/i0.wp.com\/media.ambito.com\/p\/cb4425e0148454492d53e8850a4cedf0\/adjuntos\/239\/imagenes\/042\/325\/0042325115\/tragedia-santo-domingo-3jpg.jpg?resize=640%2C400&#038;ssl=1\" alt=\"Tras el siniestro, el presidente del pa\u00eds, Luis Abinader, declar\u00f3 tres d\u00edas de duelo nacional hasta el jueves, inform\u00f3 la agencia de noticias Xinhua.\" title=\"Tras el siniestro, el presidente del pa\u00eds, Luis Abinader, declar\u00f3 tres d\u00edas de duelo nacional hasta el jueves, inform\u00f3 la agencia de noticias Xinhua.\" width=\"640\" height=\"400\" id=\"8059835-Libre-1295750020_embed\"><\/div>\n<div id=\"8059835-Libre-1295750020_epigrafe\" class=\"embed_epigrafe\" readability=\"12\">\n<p> Tras el siniestro, el presidente del pa\u00eds, Luis Abinader, declar\u00f3 tres d\u00edas de duelo nacional hasta el jueves, inform\u00f3 la agencia de noticias Xinhua.<\/p>\n<\/div>\n<p>Venevisi\u00f3n<\/p>\n<\/div>\n<h2>Los operativos de rescate en Rep\u00fablica Dominicana<\/h2>\n<p class data-start=\"1224\" data-end=\"1693\">En el lugar del accidente se encuentran equipos de emergencia, incluyendo personal del <strong data-start=\"1311\" data-end=\"1318\">COE<\/strong>, la <strong data-start=\"1323\" data-end=\"1340\">Defensa Civil<\/strong>, la <strong data-start=\"1345\" data-end=\"1365\">Polic\u00eda Nacional<\/strong> y la ministra de Interior y Polic\u00eda, <strong data-start=\"1403\" data-end=\"1419\">Faride Raful<\/strong>, quienes est\u00e1n supervisando las operaciones de rescate.<\/p>\n<p class data-start=\"1224\" data-end=\"1693\">El general retirado <strong data-start=\"1496\" data-end=\"1518\">Juan Manuel M\u00e9ndez<\/strong>, director del <strong data-start=\"1533\" data-end=\"1540\">COE<\/strong>, explic\u00f3 que se implementaron medidas para asegurar la seguridad de los rescatistas y para facilitar el desarrollo efectivo de las tareas de rescate.<\/p>\n<p class data-start=\"1695\" data-end=\"2136\">El general M\u00e9ndez tambi\u00e9n <strong>pidi\u00f3 a los medios de comunicaci\u00f3n que se mantuvieran alejados<\/strong> y se ubicaran en una estaci\u00f3n de servicio cercana, en la avenida Independencia, para evitar que las actividades de los periodistas interfieran con las tareas de rescate.<\/p>\n<p class data-start=\"1695\" data-end=\"2136\">Adem\u00e1s, anunci\u00f3 que <strong>las actualizaciones oficiales se brindar\u00edan cada 30 minutos <\/strong>desde ese punto, con el fin de mantener a la poblaci\u00f3n informada sobre los avances en las operaciones.<\/p>\n<\/div>\n","protected":false},"excerpt":{"rendered":"<p>El n\u00famero de personas muertas como consecuencia del desplome del techo de un boliche en Santo Domingo, Rep\u00fablica Dominicana, ascend\u00eda a 113 este mi\u00e9rcoles, informaron medios internacionales. Entre las v\u00edctimas fatales est\u00e1 el cantante de merengue Rubby P\u00e9rez, inform\u00f3 el sitio RFI. Tras el siniestro, el presidente del pa\u00eds, Luis Abinader, declar\u00f3 tres d\u00edas de [&hellip;]<\/p>\n","protected":false},"author":2,"featured_media":9022,"comment_status":"closed","ping_status":"closed","sticky":false,"template":"","format":"standard","meta":{"jetpack_post_was_ever_published":false,"_jetpack_newsletter_access":"","_jetpack_dont_email_post_to_subs":false,"_jetpack_newsletter_tier_id":0,"_jetpack_memberships_contains_paywalled_content":false,"_jetpack_memberships_contains_paid_content":false,"footnotes":"","jetpack_publicize_message":"","jetpack_publicize_feature_enabled":true,"jetpack_social_post_already_shared":true,"jetpack_social_options":{"image_generator_settings":{"template":"highway","enabled":false},"version":2}},"categories":[20],"tags":[],"class_list":["post-9021","post","type-post","status-publish","format-standard","has-post-thumbnail","hentry","category-mundo"],"jetpack_publicize_connections":[],"jetpack_featured_media_url":"https:\/\/i0.wp.com\/infolanus.com\/wp-content\/uploads\/2025\/04\/tragedia-en-santo-domingo-ya-son-113-los-muertos-por-el-desplome-del-techo-en-un-boliche.jpg?fit=730%2C456&ssl=1","jetpack_sharing_enabled":true,"jetpack_shortlink":"https:\/\/wp.me\/p9QtMr-2lv","_links":{"self":[{"href":"https:\/\/infolanus.com\/index.php\/wp-json\/wp\/v2\/posts\/9021","targetHints":{"allow":["GET"]}}],"collection":[{"href":"https:\/\/infolanus.com\/index.php\/wp-json\/wp\/v2\/posts"}],"about":[{"href":"https:\/\/infolanus.com\/index.php\/wp-json\/wp\/v2\/types\/post"}],"author":[{"embeddable":true,"href":"https:\/\/infolanus.com\/index.php\/wp-json\/wp\/v2\/users\/2"}],"replies":[{"embeddable":true,"href":"https:\/\/infolanus.com\/index.php\/wp-json\/wp\/v2\/comments?post=9021"}],"version-history":[{"count":0,"href":"https:\/\/infolanus.com\/index.php\/wp-json\/wp\/v2\/posts\/9021\/revisions"}],"wp:featuredmedia":[{"embeddable":true,"href":"https:\/\/infolanus.com\/index.php\/wp-json\/wp\/v2\/media\/9022"}],"wp:attachment":[{"href":"https:\/\/infolanus.com\/index.php\/wp-json\/wp\/v2\/media?parent=9021"}],"wp:term":[{"taxonomy":"category","embeddable":true,"href":"https:\/\/infolanus.com\/index.php\/wp-json\/wp\/v2\/categories?post=9021"},{"taxonomy":"post_tag","embeddable":true,"href":"https:\/\/infolanus.com\/index.php\/wp-json\/wp\/v2\/tags?post=9021"}],"curies":[{"name":"wp","href":"https:\/\/api.w.org\/{rel}","templated":true}]}}