{"id":9025,"date":"2025-04-10T09:26:00","date_gmt":"2025-04-10T12:26:00","guid":{"rendered":"https:\/\/www.ambito.com\/c6132985"},"modified":"2025-04-10T09:26:00","modified_gmt":"2025-04-10T12:26:00","slug":"el-vaticano-publico-una-imagen-del-papa-francisco-sin-canulas-de-oxigeno-en-un-encuentro-con-el-rey-carlos-iii-y-camila","status":"publish","type":"post","link":"https:\/\/infolanus.com\/index.php\/2025\/04\/10\/el-vaticano-publico-una-imagen-del-papa-francisco-sin-canulas-de-oxigeno-en-un-encuentro-con-el-rey-carlos-iii-y-camila\/","title":{"rendered":"El Vaticano public\u00f3 una imagen del papa Francisco sin c\u00e1nulas de ox\u00edgeno en un encuentro con el rey Carlos III y Camila"},"content":{"rendered":"<div id>\n<p class data-mrf-recirculation=\"Links inline\">El <strong>Vaticano<\/strong> dio a conocer este jueves una <strong>foto del <a href=\"https:\/\/www.ambito.com\/informacion-general\/el-papa-francisco-reaparecio-la-plaza-san-pedro-feliz-domingo-y-gracias-todos-n6131432\" target=\"_blank\" rel=\"follow\">papa Francisco<\/a><\/strong> en la que aparece sin c\u00e1nulas nasales de ox\u00edgeno. La imagen es de un encuentro privado que sostuvo el mi\u00e9rcoles al recibir a los reyes del <strong>Reino Unido, Carlos III y Camila<\/strong>, quienes visitaron Italia con motivo de su vig\u00e9simo aniversario de matrimonio.<\/p>\n<\/div>\n<div id>\n<p class data-mrf-recirculation=\"Links inline\">En la foto se ve a Francisco sentado en un sill\u00f3n estrechando la mano de la reina Camila, a la par de observar al rey Carlos III, quien sostiene un obsequio y permanece de pie.<\/p>\n<\/div>\n<div id>\n<h2 data-mrf-recirculation=\"Links inline\">La imagen difundida por el Vaticano con el Francisco sin c\u00e1nulas de ox\u00edgeno<\/h2>\n<p class data-mrf-recirculation=\"Links inline\">La locaci\u00f3n del encuentro es el apartamento papal de <strong>Casa Santa Marta<\/strong> y dur\u00f3 cerca de <strong>20 minutos<\/strong>, seg\u00fan indic\u00f3 la oficina de prensa de la Santa Sede. El <strong>Santo Padre<\/strong> sigue en recuperaci\u00f3n tras haber sido hospitalizado durante 38 d\u00edas por una neumon\u00eda doble, que lo llev\u00f3 a suspender agenda p\u00fablica desde fines de febrero.<\/p>\n<\/div>\n<div id>\n<p class data-mrf-recirculation=\"Links inline\">Fue dado de alta el 23 de marzo, y desde entonces permanece convaleciente en el Vaticano. La Santa Sede hab\u00eda cancelado la audiencia oficial prevista con los reyes brit\u00e1nicos, pero Francisco <strong>los invit\u00f3 a una reuni\u00f3n privada<\/strong>, sujeta a su evoluci\u00f3n cl\u00ednica y <strong>se confirm\u00f3 pocas horas antes de celebrarse<\/strong>.<\/p>\n<\/div>\n<div id>\n<div contenteditable=\"false\" class=\"embed_cont type_imagen\" id=\"8054424-Libre-473538245_wrap\" readability=\"6\">\n<p>CALOS Y PAPA.jpg <span onclick=\"parent.parent.TinyMCETdcuerpo.preview_embed('8054424-Libre-473538245')\" class=\"embed_colapse less\" id=\"8054424-Libre-473538245_colapse\"><\/span> <span onclick=\"parent.parent.TinyMCETdcuerpo.delete_embed('8054424-Libre-473538245')\" class=\"embed_delete less\" id=\"8054424-Libre-473538245_delete\"><\/span><\/p>\n<div id=\"8054424-Libre-473538245_content\" class=\"embed_content\"><img data-recalc-dims=\"1\" loading=\"lazy\" decoding=\"async\" src=\"https:\/\/i0.wp.com\/media.ambito.com\/p\/965552d774b6b72c69c963701b6faf66\/adjuntos\/239\/imagenes\/042\/290\/0042290060\/calos-y-papajpg.jpg?resize=640%2C359&#038;ssl=1\" alt=\"Los monarcas visitaron al papa Francisco en el Vaticano el 4 de abril de 2017.\" title=\"Los monarcas visitaron al papa Francisco en el Vaticano el 4 de abril de 2017.\" width=\"640\" height=\"359\" id=\"8054424-Libre-473538245_embed\"><\/div>\n<div id=\"8054424-Libre-473538245_epigrafe\" class=\"embed_epigrafe\" readability=\"7\">\n<p> Los monarcas visitaron al papa Francisco en el Vaticano el 4 de abril de 2017.<\/p>\n<\/div><\/div>\n<p class data-mrf-recirculation=\"Links inline\">En un breve comunicado, el Vaticano se\u00f1al\u00f3 que Francisco expres\u00f3 sus <strong>buenos deseos a los monarcas<\/strong> con motivo de su aniversario, mientras que el rey Carlos III le transmiti\u00f3 al papa \u201cdeseos de pronta recuperaci\u00f3n\u201d.<\/p>\n<p class data-mrf-recirculation=\"Links inline\">Esta fue la <strong>primera imagen oficial<\/strong> difundida desde su alta m\u00e9dica en la que se lo observa sin asistencia respiratoria, lo cual fue interpretado como una se\u00f1al de <strong>mejor\u00eda en su estado de salud<\/strong>, aunque el Vaticano no dio detalles m\u00e9dicos adicionales.<\/p>\n<p class data-mrf-recirculation=\"Links inline\">Los monarcas hab\u00edan visitado el Vaticano el <strong>4 de abril de 2017<\/strong>, durante una visita institucional y <strong>Carlos III<\/strong> se encontr\u00f3 con el pont\u00edfice en octubre de 2019, en el marco de la <strong>canonizaci\u00f3n del cardenal John Henry Newman<\/strong>.<\/p>\n<h2 data-mrf-recirculation=\"Links inline\">El papa Francisco reapareci\u00f3 en la Plaza de San Pedro: &#8220;Feliz domingo y gracias a todos&#8221;<\/h2>\n<p class data-start=\"252\" data-end=\"660\">En un gesto sorpresivo que conmovi\u00f3 a todos los presentes, el <a href=\"https:\/\/www.ambito.com\/informacion-general\/la-salud-papa-francisco-continua-su-mejora-y-el-vaticano-analiza-una-reaparicion-publico-n6131002\" target=\"_blank\" rel=\"follow noopener\">Papa Francisco <\/a>rompi\u00f3 este domingo su aislamiento m\u00e9dico con una breve pero significativa aparici\u00f3n en la Plaza San Pedro, <strong>durante la Jornada del Jubileo de los Enfermos<\/strong>. \u201cBuen domingo a todos. Muchas gracias\u201d, dijo el pont\u00edfice con voz d\u00e9bil, ante una multitud que lo recibi\u00f3 entre aplausos, l\u00e1grimas y emoci\u00f3n.<\/p>\n<p class data-start=\"662\" data-end=\"1119\">La presencia del Papa fue completamente inesperada. Poco antes, hab\u00eda sido le\u00edda su intervenci\u00f3n escrita durante la misa por el arzobispo Rino Fisichella, <strong>sin indicios de que se har\u00eda presente.<\/strong> La aparici\u00f3n repentina del pont\u00edfice \u2014quien atraves\u00f3 la plaza en silla de ruedas, acompa\u00f1ado por su enfermero personal y con c\u00e1nulas de ox\u00edgeno visibles en el rostro\u2014<strong> gener\u00f3 un \u201cgolpe emotivo formidable\u201d, seg\u00fan describieron medios italianos presentes en el lugar.<\/strong><\/p>\n<p class data-start=\"1121\" data-end=\"1421\">Francisco sali\u00f3 discretamente desde la Casa de Santa Marta, donde permanece bajo cuidados m\u00e9dicos desde hace dos semanas por recomendaci\u00f3n de sus m\u00e9dicos. <strong>Antes de llegar a la plaza, entr\u00f3 a la Bas\u00edlica de San Pedro, se confes\u00f3 y atraves\u00f3 la Puerta Santa, uno de los gestos centrales del A\u00f1o Jubilar.<\/strong><\/p>\n<\/p><\/div>\n","protected":false},"excerpt":{"rendered":"<p>El Vaticano dio a conocer este jueves una foto del papa Francisco en la que aparece sin c\u00e1nulas nasales de ox\u00edgeno. La imagen es de un encuentro privado que sostuvo el mi\u00e9rcoles al recibir a los reyes del Reino Unido, Carlos III y Camila, quienes visitaron Italia con motivo de su vig\u00e9simo aniversario de matrimonio. [&hellip;]<\/p>\n","protected":false},"author":2,"featured_media":9026,"comment_status":"closed","ping_status":"closed","sticky":false,"template":"","format":"standard","meta":{"jetpack_post_was_ever_published":false,"_jetpack_newsletter_access":"","_jetpack_dont_email_post_to_subs":false,"_jetpack_newsletter_tier_id":0,"_jetpack_memberships_contains_paywalled_content":false,"_jetpack_memberships_contains_paid_content":false,"footnotes":"","jetpack_publicize_message":"","jetpack_publicize_feature_enabled":true,"jetpack_social_post_already_shared":true,"jetpack_social_options":{"image_generator_settings":{"template":"highway","enabled":false},"version":2}},"categories":[20],"tags":[],"class_list":["post-9025","post","type-post","status-publish","format-standard","has-post-thumbnail","hentry","category-mundo"],"jetpack_publicize_connections":[],"jetpack_featured_media_url":"https:\/\/i0.wp.com\/infolanus.com\/wp-content\/uploads\/2025\/04\/el-vaticano-publico-una-imagen-del-papa-francisco-sin-canulas-de-oxigeno-en-un-encuentro-con-el-rey-carlos-iii-y-camila.jpg?fit=730%2C410&ssl=1","jetpack_sharing_enabled":true,"jetpack_shortlink":"https:\/\/wp.me\/p9QtMr-2lz","_links":{"self":[{"href":"https:\/\/infolanus.com\/index.php\/wp-json\/wp\/v2\/posts\/9025","targetHints":{"allow":["GET"]}}],"collection":[{"href":"https:\/\/infolanus.com\/index.php\/wp-json\/wp\/v2\/posts"}],"about":[{"href":"https:\/\/infolanus.com\/index.php\/wp-json\/wp\/v2\/types\/post"}],"author":[{"embeddable":true,"href":"https:\/\/infolanus.com\/index.php\/wp-json\/wp\/v2\/users\/2"}],"replies":[{"embeddable":true,"href":"https:\/\/infolanus.com\/index.php\/wp-json\/wp\/v2\/comments?post=9025"}],"version-history":[{"count":0,"href":"https:\/\/infolanus.com\/index.php\/wp-json\/wp\/v2\/posts\/9025\/revisions"}],"wp:featuredmedia":[{"embeddable":true,"href":"https:\/\/infolanus.com\/index.php\/wp-json\/wp\/v2\/media\/9026"}],"wp:attachment":[{"href":"https:\/\/infolanus.com\/index.php\/wp-json\/wp\/v2\/media?parent=9025"}],"wp:term":[{"taxonomy":"category","embeddable":true,"href":"https:\/\/infolanus.com\/index.php\/wp-json\/wp\/v2\/categories?post=9025"},{"taxonomy":"post_tag","embeddable":true,"href":"https:\/\/infolanus.com\/index.php\/wp-json\/wp\/v2\/tags?post=9025"}],"curies":[{"name":"wp","href":"https:\/\/api.w.org\/{rel}","templated":true}]}}