{"id":9032,"date":"2025-04-10T19:38:00","date_gmt":"2025-04-10T22:38:00","guid":{"rendered":"https:\/\/www.ambito.com\/c6133344"},"modified":"2025-04-10T19:38:00","modified_gmt":"2025-04-10T22:38:00","slug":"accidente-en-eeuu-dos-aviones-de-american-airlines-chocaron-en-tierra-en-washington","status":"publish","type":"post","link":"https:\/\/infolanus.com\/index.php\/2025\/04\/10\/accidente-en-eeuu-dos-aviones-de-american-airlines-chocaron-en-tierra-en-washington\/","title":{"rendered":"Accidente en EEUU: dos aviones de American Airlines chocaron en tierra en Washington"},"content":{"rendered":"<div><img data-recalc-dims=\"1\" decoding=\"async\" src=\"https:\/\/i0.wp.com\/media.ambito.com\/p\/989d4b713b7e83ae63c30f4ef1237a7f\/adjuntos\/239\/imagenes\/042\/064\/0042064991\/american-airlinesjpg.jpg?w=640&#038;ssl=1\" class=\"ff-og-image-inserted\"><\/div>\n<div id>\n<p>La colisi\u00f3n ocurri\u00f3 este jueves cuando una de las alas de un Bombardier CRJ900 que se dirig\u00eda a Carolina del Sur roz\u00f3 el ala de un Embraer E175 que deb\u00eda partir rumbo al Aeropuerto Internacional JFK en Nueva York.<\/p>\n<\/div>\n<div id>\n<p>La informaci\u00f3n fue difundida en redes sociales por el pol\u00edtico estadounidense<strong> Josh Gottheimer,<\/strong> miembro de la C\u00e1mara de Representantes. &#8220;Mientras esper\u00e1bamos tomar pista en DCA, otro avi\u00f3n golpe\u00f3 nuestra ala. Por suerte todos est\u00e1n bien&#8221;, relat\u00f3. <\/p>\n<\/div>\n<div id>\n<p>En tanto, uno de sus colegas, el congresista<strong> Nick LaLota <\/strong>de Nueva York, tambi\u00e9n brind\u00f3 su testimonio: &#8220;Servir en el Congreso ha tra\u00eddo consigo experiencias de vida \u00fanicas&#8230; como en este momento. Mientras est\u00e1bamos parados en la pista en DCA, otro avi\u00f3n nos golpe\u00f3 en el ala. Vamos de regreso a nuestra puerta, pero por suerte todos est\u00e1n bien&#8221;. <\/p>\n<\/div>\n<div id>\n<h2>Un helic\u00f3ptero se estrell\u00f3 en el r\u00edo Hudson frente a Manhattan<\/h2>\n<p>Un grave accidente ocurri\u00f3 este jueves en la zona de Manhattan, en Nueva York,<a href=\"https:\/\/www.ambito.com\/mundo\/la-nasa-detecto-eeuu-un-evento-climatico-extremo-que-podria-desatar-una-inundacion-historica-n6132782\"> Estados Unidos<\/a>.<strong> Un helic\u00f3ptero perdi\u00f3 el control y se estrell\u00f3 en el r\u00edo Hudson. <\/strong>Murieron al menos tres personas que iban a bordo. Dos personas salvaron sus vidas, pero podr\u00eda haber m\u00e1s v\u00edctimas.<\/p>\n<p><strong>El hecho ocurri\u00f3 alrededor de las 15.30 a cerca de la Estatua Water Soul en Nueva Jersey, enfrente de la &#8220;Gran manzana&#8221;.<\/strong> Las condiciones meteorol\u00f3gicas no eran optimas, estaba nublado y estaba lloviendo. Lo que se sabe hasta ahora es que el helic\u00f3ptero pertenec\u00eda la empresa Meridian Helicopters LLC. <strong>Se cree que viajaba una familia de turistas espa\u00f1oles integrada por tres adultos y dos ni\u00f1os. Hab\u00eda dos pilotos.<\/strong><\/p>\n<p><strong> Efectivos de las polic\u00edas de Nueva Jersey y Nueva York hicieron las tareas de rescate y peritaje para determinar las causas del accidente. <\/strong>Por lo que se puede ver de algunos videos que est\u00e1n circulando en redes sociales. El helic\u00f3ptero perdi\u00f3 el control y empez\u00f3 a dar vueltas hasta estrellarse en el r\u00edo Hudson, parti\u00e9ndose en dos.<\/p>\n<\/div>\n","protected":false},"excerpt":{"rendered":"<p>La colisi\u00f3n ocurri\u00f3 este jueves cuando una de las alas de un Bombardier CRJ900 que se dirig\u00eda a Carolina del Sur roz\u00f3 el ala de un Embraer E175 que deb\u00eda partir rumbo al Aeropuerto Internacional JFK en Nueva York. La informaci\u00f3n fue difundida en redes sociales por el pol\u00edtico estadounidense Josh Gottheimer, miembro de la [&hellip;]<\/p>\n","protected":false},"author":2,"featured_media":9033,"comment_status":"closed","ping_status":"closed","sticky":false,"template":"","format":"standard","meta":{"jetpack_post_was_ever_published":false,"_jetpack_newsletter_access":"","_jetpack_dont_email_post_to_subs":false,"_jetpack_newsletter_tier_id":0,"_jetpack_memberships_contains_paywalled_content":false,"_jetpack_memberships_contains_paid_content":false,"footnotes":"","jetpack_publicize_message":"","jetpack_publicize_feature_enabled":true,"jetpack_social_post_already_shared":true,"jetpack_social_options":{"image_generator_settings":{"template":"highway","enabled":false},"version":2}},"categories":[20],"tags":[],"class_list":["post-9032","post","type-post","status-publish","format-standard","has-post-thumbnail","hentry","category-mundo"],"jetpack_publicize_connections":[],"jetpack_featured_media_url":"https:\/\/i0.wp.com\/infolanus.com\/wp-content\/uploads\/2025\/04\/accidente-en-eeuu-dos-aviones-de-american-airlines-chocaron-en-tierra-en-washington.jpg?fit=1200%2C675&ssl=1","jetpack_sharing_enabled":true,"jetpack_shortlink":"https:\/\/wp.me\/p9QtMr-2lG","_links":{"self":[{"href":"https:\/\/infolanus.com\/index.php\/wp-json\/wp\/v2\/posts\/9032","targetHints":{"allow":["GET"]}}],"collection":[{"href":"https:\/\/infolanus.com\/index.php\/wp-json\/wp\/v2\/posts"}],"about":[{"href":"https:\/\/infolanus.com\/index.php\/wp-json\/wp\/v2\/types\/post"}],"author":[{"embeddable":true,"href":"https:\/\/infolanus.com\/index.php\/wp-json\/wp\/v2\/users\/2"}],"replies":[{"embeddable":true,"href":"https:\/\/infolanus.com\/index.php\/wp-json\/wp\/v2\/comments?post=9032"}],"version-history":[{"count":0,"href":"https:\/\/infolanus.com\/index.php\/wp-json\/wp\/v2\/posts\/9032\/revisions"}],"wp:featuredmedia":[{"embeddable":true,"href":"https:\/\/infolanus.com\/index.php\/wp-json\/wp\/v2\/media\/9033"}],"wp:attachment":[{"href":"https:\/\/infolanus.com\/index.php\/wp-json\/wp\/v2\/media?parent=9032"}],"wp:term":[{"taxonomy":"category","embeddable":true,"href":"https:\/\/infolanus.com\/index.php\/wp-json\/wp\/v2\/categories?post=9032"},{"taxonomy":"post_tag","embeddable":true,"href":"https:\/\/infolanus.com\/index.php\/wp-json\/wp\/v2\/tags?post=9032"}],"curies":[{"name":"wp","href":"https:\/\/api.w.org\/{rel}","templated":true}]}}