{"id":9042,"date":"2025-04-12T15:43:00","date_gmt":"2025-04-12T18:43:00","guid":{"rendered":"https:\/\/www.ambito.com\/c6133988"},"modified":"2025-04-12T15:43:00","modified_gmt":"2025-04-12T18:43:00","slug":"hamas-publico-un-video-de-un-soldado-estadounidense-israeli-que-lleva-mas-de-550-dias-secuestrado","status":"publish","type":"post","link":"https:\/\/infolanus.com\/index.php\/2025\/04\/12\/hamas-publico-un-video-de-un-soldado-estadounidense-israeli-que-lleva-mas-de-550-dias-secuestrado\/","title":{"rendered":"Ham\u00e1s public\u00f3 un video de un soldado estadounidense-israel\u00ed que lleva m\u00e1s de 550 d\u00edas secuestrado"},"content":{"rendered":"<div><img data-recalc-dims=\"1\" decoding=\"async\" src=\"https:\/\/i0.wp.com\/media.ambito.com\/p\/22d872de17b0746dcb9f64ee920b7d6f\/adjuntos\/239\/imagenes\/042\/339\/0042339446\/edan-alexanderjpg.jpg?w=640&#038;ssl=1\" class=\"ff-og-image-inserted\"><\/div>\n<div id>\n<p><strong> Las Brigadas al Qasam &#8211; brazo armado del grupo terrorista Ham\u00e1s <\/strong>&#8211; d<strong>ifundieron este s\u00e1bado un video de Edan Alexander,<\/strong> un soldado estadounidense-israel\u00ed que fue secuestrado durante el ataque del 7 de octubre de 2023. En la filmaci\u00f3n de aproximadamente 3 minutos, puede observarse al secuestrado hablando a c\u00e1mara pidiendo regresar a su casa tras m\u00e1s de <strong>550 d\u00edas en cautiverio.<\/strong><\/p>\n<\/p><\/div>\n<div id>\n<p>Luego de que se dieran a conocer las im\u00e1genes, el <strong>Primer Ministro de Israel, Benjam\u00edn Netanyahu, <\/strong>se comunic\u00f3 con los padres de Alexander y les transmiti\u00f3 los &#8220;enormes esfuerzos&#8221; que est\u00e1n haciendo desde el gobierno para conseguir la liberaci\u00f3n de todos los rehenes. <\/p>\n<\/div>\n<div id>\n<h2>Ham\u00e1s comparti\u00f3 un video de un soldado estadounidense-israel\u00ed secuestrado<\/h2>\n<p>En el video fue compartido este s\u00e1bado puede se observa a Alexander pidiendo volver a su pa\u00eds tras m\u00e1s de 550 d\u00edas secuestrado. <strong>&#8220;Estoy colapsando f\u00edsica y mentalmente&#8221;, asegur\u00f3.<\/strong><\/p>\n<\/p><\/div>\n<div id>\n<p> Durante varios pasajes de la filmaci\u00f3n, el soldado &#8211; visiblemente afectado por su situaci\u00f3n &#8211; critica a las gestiones de Trump y Netanyahu y les exige que aumenten sus esfuerzos para lograr la liberaci\u00f3n de los rehenes. <strong>&#8220;Tres semanas atr\u00e1s, Ham\u00e1s estaba listo para liberarme, pero se rehusaron y me dejaron ac\u00e1&#8221;.<\/strong><\/p>\n<\/p><\/div>\n<div id>\n<div contenteditable=\"false\" class=\"embed_cont type_video\" id=\"8061860-1348174152_wrap\" readability=\"6\">\n<p> EDAN ALEXANDER <span onclick=\"parent.parent.TinyMCETdcuerpo.preview_embed('8061860-1348174152')\" class=\"embed_colapse less\" id=\"8061860-1348174152_colapse\"><\/span> <span onclick=\"parent.parent.TinyMCETdcuerpo.delete_embed('8061860-1348174152')\" class=\"embed_delete less\" id=\"8061860-1348174152_delete\"><\/span><\/p>\n<div id=\"8061860-1348174152_epigrafe\" class=\"embed_epigrafe\" readability=\"7\">\n<p> El video completo del soldado estadounidense-israel\u00ed secuestrado por Ham\u00e1s.<\/p>\n<\/div><\/div>\n<p>&#8220;D\u00edganme, \u00bfpor qu\u00e9? \u00bfPor qu\u00e9 estoy ac\u00e1 y no con mi familia y amigos? \u00bfPor qu\u00e9 estoy filmando mi segundo video de hoy?&#8221;, apunt\u00f3. La familia del reh\u00e9n<strong> permiti\u00f3 la publicaci\u00f3n de una captura de pantalla del video de propaganda divulgado por los terroristas de Hamas.<\/strong><\/p>\n<p>Edan Alexander, de 21 a\u00f1os y que creci\u00f3 en Tenafly, Nueva Jersey, fue secuestrado de su base militar durante el ataque protagonizado el grupo terrorista sobre el sur de Israel el 7 de octubre de 2023, que desat\u00f3 la guerra. Actualmente, es el <strong>\u00faltimo ciudadano estadounidense vivo retenido en la Franja de Gaza.<\/strong><\/p>\n<p>Por su parte, Netanyahu se contact\u00f3 con la familia para comunicarles sus esfuerzos en la b\u00fasqueda de liberar a los rehenes. \u201cEl primer ministro dijo a la familia que<strong> empatiza con su dolor y les inform\u00f3 que actualmente se est\u00e1n realizando enormes esfuerzos<\/strong> para regresar a Edan y al resto de los rehenes\u201d, aseguraron desde el gobierno de Israel a trav\u00e9s de un comunicado.<\/p>\n<h2>Ataque de Israel a Gaza deja 23 muertos y m\u00e1s de 70 heridos y aumenta la tensi\u00f3n en la regi\u00f3n<\/h2>\n<p>Un <strong>nuevo ataque de Israel a la Franja de Gaza <\/strong>dej\u00f3 un saldo de <strong>al menos 23 muertos y m\u00e1s de 70 heridos<\/strong>. La ofensiva fue sobre el barrio Shujaiya, y de esta forma se agrava la situaci\u00f3n que se vive en el territorio palestino.<\/p>\n<p>Seg\u00fan detall\u00f3 el Ministerio de Salud y la Defensa Civil local a trav\u00e9s de la agencia EFE, los cuerpos de las personas muertas fueron trasladados <strong>al hospital Al Ahli de la ciudad<\/strong>, mismo lugar al que fueron enviados 40 de los heridos. Por otro lado, el vocero de la Defensa Civil local, Mahmud Basal, comunic\u00f3 que el bombardeo estuvo dirigido contra un edificio de viviendas, <strong>el cual se encuentra cerca de la mezquita Al Hawashi.<\/strong><\/p>\n<p>Desde las fuerzas israel\u00edes justificaron que el nuevo ataque &#8211; y la entrada en el barrio de Shujaiya &#8211; ten\u00eda por objetivo extender lo que denominaron como <strong>&#8220;zona de seguridad&#8221;, <\/strong>un \u00e1rea donde derribaron edificios e infraestructuras pr\u00f3ximo a la divisoria con Israel.<\/p>\n<p>Ante el nuevo ataque de Israel sobre Franja de Gaza, el <strong>secretario general de la Organizaci\u00f3n de las Naciones Unidas (ONU), Antonio Guterres<\/strong>, adelant\u00f3 este martes que <strong>no aceptar\u00e1 las nuevas condiciones impuestas por Israel para la entrada de ayuda humanitaria en la Franja de Gaza<\/strong>.<\/p>\n<p>&#8220;No vamos a participar en ning\u00fan arreglo que no respete los principios humanitarios: humanidad, imparcialidad, independencia y neutralidad&#8221;, apunt\u00f3 duramente, al tiempo que afirm\u00f3 que esas nuevas condiciones amenazan con <strong>&#8220;limitar cruelmente hasta la \u00faltima calor\u00eda y el \u00faltimo grano de harina&#8221;.<\/strong><\/p>\n<p>En este sentido, el titular de la ONU denunci\u00f3 al gobierno de Israel al asegurar que en Gaza <strong>no entra &#8220;ni una migaja de ayuda&#8221; desde hace un mes<\/strong>, cuando la situaci\u00f3n es cr\u00edtica y se precisa comida, combustible y medicamentos. Guterres asever\u00f3 que se han reabierto las compuertas del horror&#8221; al convertir a Gaza en &#8220;<strong>un campamento de muerte<\/strong>&#8220;.<\/p>\n<\/div>\n","protected":false},"excerpt":{"rendered":"<p>Las Brigadas al Qasam &#8211; brazo armado del grupo terrorista Ham\u00e1s &#8211; difundieron este s\u00e1bado un video de Edan Alexander, un soldado estadounidense-israel\u00ed que fue secuestrado durante el ataque del 7 de octubre de 2023. En la filmaci\u00f3n de aproximadamente 3 minutos, puede observarse al secuestrado hablando a c\u00e1mara pidiendo regresar a su casa tras [&hellip;]<\/p>\n","protected":false},"author":2,"featured_media":9043,"comment_status":"closed","ping_status":"closed","sticky":false,"template":"","format":"standard","meta":{"jetpack_post_was_ever_published":false,"_jetpack_newsletter_access":"","_jetpack_dont_email_post_to_subs":false,"_jetpack_newsletter_tier_id":0,"_jetpack_memberships_contains_paywalled_content":false,"_jetpack_memberships_contains_paid_content":false,"footnotes":"","jetpack_publicize_message":"","jetpack_publicize_feature_enabled":true,"jetpack_social_post_already_shared":true,"jetpack_social_options":{"image_generator_settings":{"template":"highway","enabled":false},"version":2}},"categories":[20],"tags":[],"class_list":["post-9042","post","type-post","status-publish","format-standard","has-post-thumbnail","hentry","category-mundo"],"jetpack_publicize_connections":[],"jetpack_featured_media_url":"https:\/\/i0.wp.com\/infolanus.com\/wp-content\/uploads\/2025\/04\/hamas-publico-un-video-de-un-soldado-estadounidense-israeli-que-lleva-mas-de-550-dias-secuestrado.jpg?fit=1200%2C675&ssl=1","jetpack_sharing_enabled":true,"jetpack_shortlink":"https:\/\/wp.me\/p9QtMr-2lQ","_links":{"self":[{"href":"https:\/\/infolanus.com\/index.php\/wp-json\/wp\/v2\/posts\/9042","targetHints":{"allow":["GET"]}}],"collection":[{"href":"https:\/\/infolanus.com\/index.php\/wp-json\/wp\/v2\/posts"}],"about":[{"href":"https:\/\/infolanus.com\/index.php\/wp-json\/wp\/v2\/types\/post"}],"author":[{"embeddable":true,"href":"https:\/\/infolanus.com\/index.php\/wp-json\/wp\/v2\/users\/2"}],"replies":[{"embeddable":true,"href":"https:\/\/infolanus.com\/index.php\/wp-json\/wp\/v2\/comments?post=9042"}],"version-history":[{"count":0,"href":"https:\/\/infolanus.com\/index.php\/wp-json\/wp\/v2\/posts\/9042\/revisions"}],"wp:featuredmedia":[{"embeddable":true,"href":"https:\/\/infolanus.com\/index.php\/wp-json\/wp\/v2\/media\/9043"}],"wp:attachment":[{"href":"https:\/\/infolanus.com\/index.php\/wp-json\/wp\/v2\/media?parent=9042"}],"wp:term":[{"taxonomy":"category","embeddable":true,"href":"https:\/\/infolanus.com\/index.php\/wp-json\/wp\/v2\/categories?post=9042"},{"taxonomy":"post_tag","embeddable":true,"href":"https:\/\/infolanus.com\/index.php\/wp-json\/wp\/v2\/tags?post=9042"}],"curies":[{"name":"wp","href":"https:\/\/api.w.org\/{rel}","templated":true}]}}