{"id":9047,"date":"2025-04-13T22:12:27","date_gmt":"2025-04-14T01:12:27","guid":{"rendered":"https:\/\/www.ambito.com\/c6134235"},"modified":"2025-04-13T22:12:27","modified_gmt":"2025-04-14T01:12:27","slug":"operaron-a-jair-bolsonaro-en-brasil-por-una-obstruccion-intestinal","status":"publish","type":"post","link":"https:\/\/infolanus.com\/index.php\/2025\/04\/13\/operaron-a-jair-bolsonaro-en-brasil-por-una-obstruccion-intestinal\/","title":{"rendered":"Operaron a Jair Bolsonaro en Brasil por una obstrucci\u00f3n intestinal"},"content":{"rendered":"<div><img data-recalc-dims=\"1\" decoding=\"async\" src=\"https:\/\/i0.wp.com\/media.ambito.com\/p\/2b96bfa0c40d22f2798e20977273f840\/adjuntos\/239\/imagenes\/040\/933\/0040933550\/bolsonaro-hijo.jpg?w=640&#038;ssl=1\" class=\"ff-og-image-inserted\"><\/div>\n<div id>\n<p>El expresidente brasile\u00f1o <strong><a href=\"https:\/\/www.ambito.com\/mundo\/jair-bolsonaro-fue-internado-urgencia-brasil-n6133584\" target=\"_blank\" rel=\"follow\">Jair Bolsonaro<\/a><\/strong> tuvo que ser intervenido quirurgicamente este domingo por una <strong>obstrucci\u00f3n intestinal,<\/strong> producto de las secuelas que le dej\u00f3 la apu\u00f1alada que sufri\u00f3 en el abdomen en septiembre de 2018 y por el que <strong>ya fue operado en varias ocasiones.<\/strong><\/p>\n<\/p><\/div>\n<div id>\n<p>En primer lugar fue ingresado en un hospital de <strong>Santa Cruz,<\/strong> una peque\u00f1a ciudad de <strong>R\u00edo Grande<\/strong> <strong>do Norte,<\/strong> pero luego fue trasladado a la capital estatal, <strong>Natal.<\/strong><\/p>\n<\/p><\/div>\n<div id>\n<p> Seg\u00fan inform\u00f3 <em>AFP<\/em>, el s\u00e1bado su familia pidi\u00f3 el traslado a Brasilia luego de que se confirmara que <strong>deb\u00eda ser operado para eliminar adherencias intestinales y reconstruir la pared abdominal.<\/strong><\/p>\n<\/p><\/div>\n<div id>\n<h2 data-start=\"672\" data-end=\"781\"> Los problemas de salud de Jair Bolsonaro<\/h2>\n<p class data-start=\"1259\" data-end=\"1557\">El ex jefe de Estado arrastra problemas gastrointestinales desde que fue atacado con un cuchillo el <strong data-start=\"1359\" data-end=\"1386\">6 de septiembre de 2018<\/strong> en plena campa\u00f1a electoral, en la ciudad de <strong data-start=\"1431\" data-end=\"1447\">Juiz de Fora<\/strong>, estado de <strong data-start=\"1459\" data-end=\"1475\">Minas Gerais<\/strong>. El autor del atentado fue identificado como un paciente con trastornos mentales.<\/p>\n<p class data-start=\"1559\" data-end=\"1716\">Desde aquella agresi\u00f3n, Bolsonaro fue<strong> sometido a m\u00faltiples cirug\u00edas<\/strong> y atraves\u00f3 diversos episodios m\u00e9dicos vinculados con el est\u00f3mago y el intestino.<\/p>\n<p class data-start=\"1718\" data-end=\"1934\">Las intervenciones m\u00e1s recientes relacionadas con aquella lesi\u00f3n se realizaron en <strong data-start=\"1800\" data-end=\"1822\">septiembre de 2023<\/strong>. Adem\u00e1s, en <strong data-start=\"1835\" data-end=\"1851\">mayo de 2024<\/strong>, permaneci\u00f3 internado durante casi dos semanas debido a una <strong data-start=\"1912\" data-end=\"1933\">infecci\u00f3n cut\u00e1nea<\/strong>.<\/p>\n<h2 data-start=\"1718\" data-end=\"1934\">Bolsonaro encabez\u00f3 una protesta en Brasil para exigir su amnist\u00eda<\/h2>\n<p>Bolsonaro encabez\u00f3 este domingo una movilizaci\u00f3n en San Pablo para reclamar por su <strong>&#8220;amnist\u00eda&#8221;<\/strong> despu\u00e9s de que el <strong>Supremo Tribunal Federal<\/strong> decidiera que deber\u00e1 enfrentar un juicio por el<strong> intento de golpe de Estado<\/strong> contra el gobierno de Lula da Silva tras su derrota en las elecciones de 2022.<\/p>\n<p>La manifestaci\u00f3n comenz\u00f3 a las 14.00 horas con la interpretaci\u00f3n del himno nacional. El <strong>l\u00edder de extrema derecha<\/strong> lleg\u00f3 a la Avenida Paulista minutos antes del inicio y fue la cara visible de una congregaci\u00f3n que pidi\u00f3 no solo por el &#8220;perd\u00f3n&#8221; para el exmandatario sino tambi\u00e9n para los <strong>condenados por el asalto a los poderes p\u00fablicos en Brasilia <\/strong>en enero de 2023.<\/p>\n<p>Bolsonaro estuvo en la carroza acompa\u00f1ado por la ex primera dama <strong>Michelle Bolsonaro<\/strong>, el gobernador de Minas Gerais <strong>Romeu Zema<\/strong> y la senadora <strong>Tereza Cristina<\/strong>, junto a otros parlamentarios cercanos al expresidente. La leyenda \u201cAmnist\u00eda ya\u201d acompa\u00f1aba fotos de los condenados por los hechos de enero de 2023. \u201c\u00a1No hubo golpe!\u201d, entonaba el p\u00fablico al ritmo de una banda de percusi\u00f3n.<\/p>\n<\/p><\/div>\n","protected":false},"excerpt":{"rendered":"<p>El expresidente brasile\u00f1o Jair Bolsonaro tuvo que ser intervenido quirurgicamente este domingo por una obstrucci\u00f3n intestinal, producto de las secuelas que le dej\u00f3 la apu\u00f1alada que sufri\u00f3 en el abdomen en septiembre de 2018 y por el que ya fue operado en varias ocasiones. En primer lugar fue ingresado en un hospital de Santa Cruz, [&hellip;]<\/p>\n","protected":false},"author":2,"featured_media":9048,"comment_status":"closed","ping_status":"closed","sticky":false,"template":"","format":"standard","meta":{"jetpack_post_was_ever_published":false,"_jetpack_newsletter_access":"","_jetpack_dont_email_post_to_subs":false,"_jetpack_newsletter_tier_id":0,"_jetpack_memberships_contains_paywalled_content":false,"_jetpack_memberships_contains_paid_content":false,"footnotes":"","jetpack_publicize_message":"","jetpack_publicize_feature_enabled":true,"jetpack_social_post_already_shared":true,"jetpack_social_options":{"image_generator_settings":{"template":"highway","enabled":false},"version":2}},"categories":[20],"tags":[],"class_list":["post-9047","post","type-post","status-publish","format-standard","has-post-thumbnail","hentry","category-mundo"],"jetpack_publicize_connections":[],"jetpack_featured_media_url":"https:\/\/i0.wp.com\/infolanus.com\/wp-content\/uploads\/2025\/04\/operaron-a-jair-bolsonaro-en-brasil-por-una-obstruccion-intestinal.jpg?fit=1200%2C675&ssl=1","jetpack_sharing_enabled":true,"jetpack_shortlink":"https:\/\/wp.me\/p9QtMr-2lV","_links":{"self":[{"href":"https:\/\/infolanus.com\/index.php\/wp-json\/wp\/v2\/posts\/9047","targetHints":{"allow":["GET"]}}],"collection":[{"href":"https:\/\/infolanus.com\/index.php\/wp-json\/wp\/v2\/posts"}],"about":[{"href":"https:\/\/infolanus.com\/index.php\/wp-json\/wp\/v2\/types\/post"}],"author":[{"embeddable":true,"href":"https:\/\/infolanus.com\/index.php\/wp-json\/wp\/v2\/users\/2"}],"replies":[{"embeddable":true,"href":"https:\/\/infolanus.com\/index.php\/wp-json\/wp\/v2\/comments?post=9047"}],"version-history":[{"count":0,"href":"https:\/\/infolanus.com\/index.php\/wp-json\/wp\/v2\/posts\/9047\/revisions"}],"wp:featuredmedia":[{"embeddable":true,"href":"https:\/\/infolanus.com\/index.php\/wp-json\/wp\/v2\/media\/9048"}],"wp:attachment":[{"href":"https:\/\/infolanus.com\/index.php\/wp-json\/wp\/v2\/media?parent=9047"}],"wp:term":[{"taxonomy":"category","embeddable":true,"href":"https:\/\/infolanus.com\/index.php\/wp-json\/wp\/v2\/categories?post=9047"},{"taxonomy":"post_tag","embeddable":true,"href":"https:\/\/infolanus.com\/index.php\/wp-json\/wp\/v2\/tags?post=9047"}],"curies":[{"name":"wp","href":"https:\/\/api.w.org\/{rel}","templated":true}]}}