{"id":9074,"date":"2025-04-16T22:56:00","date_gmt":"2025-04-17T01:56:00","guid":{"rendered":"https:\/\/www.ambito.com\/c6135630"},"modified":"2025-04-16T22:56:00","modified_gmt":"2025-04-17T01:56:00","slug":"joe-biden-reaparecio-tras-su-salida-de-la-casa-blanca-y-arremetio-contra-donald-trump-ha-causado-mucho-dano","status":"publish","type":"post","link":"https:\/\/infolanus.com\/index.php\/2025\/04\/16\/joe-biden-reaparecio-tras-su-salida-de-la-casa-blanca-y-arremetio-contra-donald-trump-ha-causado-mucho-dano\/","title":{"rendered":"Joe Biden reapareci\u00f3 tras su salida de la Casa Blanca y arremeti\u00f3 contra Donald Trump: &#8220;Ha causado mucho da\u00f1o&#8221;"},"content":{"rendered":"<div><img data-recalc-dims=\"1\" decoding=\"async\" src=\"https:\/\/i0.wp.com\/media.ambito.com\/p\/5deca6f287d3824fd1cd342e1dfe3ae4\/adjuntos\/239\/imagenes\/041\/599\/0041599808\/joe-biden-propuesta-israel-palestinajpg.jpg?w=640&#038;ssl=1\" class=\"ff-og-image-inserted\"><\/div>\n<div id>\n<p>El expresidente de <strong>Estados Unidos<\/strong> <strong><a href=\"https:\/\/www.ambito.com\/uruguay\/joe-biden-advirtio-la-generacion-una-oligarquia-estados-unidos-n6104396\" target=\"_blank\" rel=\"follow\">Joe Biden<\/a><\/strong> reapareci\u00f3 tras haber dejado el cargo el pasado 20 de enero y apunt\u00f3 contra la administraci\u00f3n de su sucesor, <strong><a href=\"https:\/\/www.ambito.com\/finanzas\/en-medio-la-guerra-comercial-donald-trump-derogo-una-ley-cripto-joe-biden-n6133679\" target=\"_blank\" rel=\"follow\">Donald Trump<\/a><\/strong>. \u201cEn menos de 100 d\u00edas, <strong> este nuevo gobierno ha causado mucho da\u00f1o y mucha destrucci\u00f3n. Es algo impresionante<\/strong>\u201d, lanz\u00f3.<\/p>\n<\/div>\n<div id>\n<p>Desde su salida de la <strong>Casa Blanca<\/strong>, el dem\u00f3crata evit\u00f3 hacer muchas apariciones p\u00fablicas y finalmente este martes dio un discurso en la conferencia nacional de Defensores, Consejeros y Representantes para los Discapacitados (ACRD), celebrada en <strong>Chicago.<\/strong> Durante su disertaci\u00f3n, hizo especial hincapi\u00e9 en el denominado <strong>D\u00eda de Acci\u00f3n por la Seguridad Social<\/strong> y advirti\u00f3 que Trump dio un &#8220;hachazo&#8221; a este \u00e1rea.<\/p>\n<\/div>\n<div id>\n<p>A partir del comienzo de la administraci\u00f3n del magnate, con <strong>Elon Musk<\/strong> a cargo del Departamento de Eficiencia Gubernamental, la <strong>Administraci\u00f3n del Seguro Social<\/strong> perdi\u00f3 a miles de empleados, y se prev\u00e9 que a\u00fan m\u00e1s dejen sus puestos. En medio de esta crisis, la agencia enfrent\u00f3 ca\u00eddas de su sitio web, fallas t\u00e9cnicos, l\u00edneas telef\u00f3nicas sin respuesta, intentos de acceso a informaci\u00f3n privada y otros problemas operativos.<\/p>\n<\/div>\n<div id>\n<p>El eje del discurso de <strong>Biden<\/strong> estuvo puesto sobre el mismo punto que el <strong>Partido Dem\u00f3crata<\/strong> viene cuestionando desde el comienzo de la gesti\u00f3n republicana. Criticaron que Trump est\u00e1 llevando adelante un liderazgo err\u00e1tico al frente de la agencia federal que beneficia a m\u00e1s de <strong>70 millones de estadounidenses. <\/strong><\/p>\n<\/p><\/div>\n<div id>\n<p> Tanto republicanos como dem\u00f3cratas coinciden en que la seguridad social se perfila como uno de los temas clave en las elecciones legislativas del pr\u00f3ximo a\u00f1o.<\/p>\n<h2>Donald Trump respondi\u00f3 a las cr\u00edticas de Joe Biden y lo consider\u00f3 el &#8220;peor presidente de la historia&#8221;<\/h2>\n<p>Por su parte, Trump no responde a las cr\u00edticas en esta materia y sigue responsabilizando a Biden de muchos de los conflictos que atraviesan al pa\u00eds.<\/p>\n<p>El republicano no dej\u00f3 pasar las cr\u00edticas del exmandatario y respondi\u00f3 contundentemente a trav\u00e9s de Truth Social, su red social, donde lo acus\u00f3 de permitir la entrada masiva en EEUU.<\/p>\n<p>\u201c&#8217;Sleepy&#8217; Joe Biden, el peor presidente de la historia de Estados Unidos, ha permitido que millones y millones de <strong>criminales<\/strong> \u2014muchos de ellos asesinos, narcotraficantes y personas liberadas de c\u00e1rceles e instituciones mentales de todo el mundo\u2014 <strong>entren a nuestro pa\u00eds a trav\u00e9s de su peligrosa y mal concebida frontera abierta. <\/strong>Lo siento, pero <strong>es mi trabajo sacar de aqu\u00ed a estos asesinos y matones. PARA ESO ME ELIGIERON<\/strong>. \u00a1MAGA!\u201d, cruz\u00f3.<\/p>\n<p>En la misma l\u00ednea se pronunci\u00f3 el vicepresidente JD Vance, quien tambi\u00e9n apunt\u00f3 contra la pol\u00edtica migratoria de Biden. En una publicaci\u00f3n en X, culp\u00f3 al expresidente dem\u00f3crata de permitir \u201cla entrada de <strong>aproximadamente 20 millones de inmigrantes indocumentados<\/strong>\u201d, lo cual, consider\u00f3 que &#8220;sobrecargado los sistemas de salud, educaci\u00f3n y vivienda&#8221;.<\/p>\n<\/p><\/div>\n","protected":false},"excerpt":{"rendered":"<p>El expresidente de Estados Unidos Joe Biden reapareci\u00f3 tras haber dejado el cargo el pasado 20 de enero y apunt\u00f3 contra la administraci\u00f3n de su sucesor, Donald Trump. \u201cEn menos de 100 d\u00edas, este nuevo gobierno ha causado mucho da\u00f1o y mucha destrucci\u00f3n. Es algo impresionante\u201d, lanz\u00f3. Desde su salida de la Casa Blanca, el [&hellip;]<\/p>\n","protected":false},"author":2,"featured_media":9075,"comment_status":"closed","ping_status":"closed","sticky":false,"template":"","format":"standard","meta":{"jetpack_post_was_ever_published":false,"_jetpack_newsletter_access":"","_jetpack_dont_email_post_to_subs":false,"_jetpack_newsletter_tier_id":0,"_jetpack_memberships_contains_paywalled_content":false,"_jetpack_memberships_contains_paid_content":false,"footnotes":"","jetpack_publicize_message":"","jetpack_publicize_feature_enabled":true,"jetpack_social_post_already_shared":true,"jetpack_social_options":{"image_generator_settings":{"template":"highway","enabled":false},"version":2}},"categories":[20],"tags":[],"class_list":["post-9074","post","type-post","status-publish","format-standard","has-post-thumbnail","hentry","category-mundo"],"jetpack_publicize_connections":[],"jetpack_featured_media_url":"https:\/\/i0.wp.com\/infolanus.com\/wp-content\/uploads\/2025\/04\/joe-biden-reaparecio-tras-su-salida-de-la-casa-blanca-y-arremetio-contra-donald-trump-ha-causado-mucho-dano.jpg?fit=1200%2C675&ssl=1","jetpack_sharing_enabled":true,"jetpack_shortlink":"https:\/\/wp.me\/p9QtMr-2mm","_links":{"self":[{"href":"https:\/\/infolanus.com\/index.php\/wp-json\/wp\/v2\/posts\/9074","targetHints":{"allow":["GET"]}}],"collection":[{"href":"https:\/\/infolanus.com\/index.php\/wp-json\/wp\/v2\/posts"}],"about":[{"href":"https:\/\/infolanus.com\/index.php\/wp-json\/wp\/v2\/types\/post"}],"author":[{"embeddable":true,"href":"https:\/\/infolanus.com\/index.php\/wp-json\/wp\/v2\/users\/2"}],"replies":[{"embeddable":true,"href":"https:\/\/infolanus.com\/index.php\/wp-json\/wp\/v2\/comments?post=9074"}],"version-history":[{"count":0,"href":"https:\/\/infolanus.com\/index.php\/wp-json\/wp\/v2\/posts\/9074\/revisions"}],"wp:featuredmedia":[{"embeddable":true,"href":"https:\/\/infolanus.com\/index.php\/wp-json\/wp\/v2\/media\/9075"}],"wp:attachment":[{"href":"https:\/\/infolanus.com\/index.php\/wp-json\/wp\/v2\/media?parent=9074"}],"wp:term":[{"taxonomy":"category","embeddable":true,"href":"https:\/\/infolanus.com\/index.php\/wp-json\/wp\/v2\/categories?post=9074"},{"taxonomy":"post_tag","embeddable":true,"href":"https:\/\/infolanus.com\/index.php\/wp-json\/wp\/v2\/tags?post=9074"}],"curies":[{"name":"wp","href":"https:\/\/api.w.org\/{rel}","templated":true}]}}