{"id":9151,"date":"2025-04-19T16:14:00","date_gmt":"2025-04-19T19:14:00","guid":{"rendered":"https:\/\/www.ambito.com\/c6136275"},"modified":"2025-04-19T16:14:00","modified_gmt":"2025-04-19T19:14:00","slug":"el-papa-francisco-reaparecio-en-silla-de-ruedas-en-la-basilica-de-san-pedro","status":"publish","type":"post","link":"https:\/\/infolanus.com\/index.php\/2025\/04\/19\/el-papa-francisco-reaparecio-en-silla-de-ruedas-en-la-basilica-de-san-pedro\/","title":{"rendered":"El papa Francisco reapareci\u00f3 en silla de ruedas en la Bas\u00edlica de San Pedro"},"content":{"rendered":"<div><img data-recalc-dims=\"1\" decoding=\"async\" src=\"https:\/\/i0.wp.com\/media.ambito.com\/p\/52b62f613925c4f438f37db7306863d6\/adjuntos\/239\/imagenes\/042\/356\/0042356257\/francisco-san-pedro.jpeg?w=640&#038;ssl=1\" class=\"ff-og-image-inserted\"><\/div>\n<div id>\n<p>El <strong><a href=\"https:\/\/www.ambito.com\/mundo\/el-mensaje-del-papa-francisco-el-viernes-santo-la-economia-del-dios-no-mata-ni-aplasta-n6136059\" target=\"_blank\" rel=\"follow\">papa Francisco<\/a><\/strong> volvi\u00f3 a sorprender<strong> al aparecer nuevamente en p\u00fablico <\/strong>durante este s\u00e1bado. El argentino fue visto en silla de ruedas en la entrada de la Bas\u00edlica de San Pedro, donde varios fieles lo saludaron. Su reaparici\u00f3n se da en medio de su per\u00edodo de convalecencia, tras haber sufrido una <strong>neumon\u00eda bilateral.<\/strong><\/p>\n<\/p><\/div>\n<div id>\n<p>El video en el que se lo vio fue captado por el periodista del Vaticano Robert Moynihan. Esta aparici\u00f3n suya de hoy coincide con la visita matutina a la ciudad del <a href=\"https:\/\/www.ambito.com\/mundo\/el-vicepresidente-eeuu-viajo-al-vaticano-pero-no-se-encontro-el-papa-francisco-n6136192\" target=\"_blank\" rel=\"follow\">vicepresidente de EEU JD Vance,<\/a> <strong>con quien existe la incertidumbre de si coordinar\u00e1n un encuentro.<\/strong><\/p>\n<\/p><\/div>\n<div id>\n<h2>La reaparici\u00f3n del papa Francisco<\/h2>\n<p>En el marco de la Semana Santa, el papa Francisco visit\u00f3 la <strong>c\u00e1rcel Regina Coeli para realizar el rito de lavado del lavatorio de pies. <\/strong>All\u00ed, el Sumo Pont\u00edfice visit\u00f3 al menos 70 reclusos de todas las nacionalidades y expres\u00f3: &#8220;Me gusta hacer cada a\u00f1o lo que hizo Jes\u00fas el Jueves Santo, <strong>el lavatorio de los pies, en la c\u00e1rcel&#8221;.<\/strong><\/p>\n<\/p><\/div>\n<div id>\n<div contenteditable=\"false\" class=\"embed_cont type_video\" id=\"8064369-565517373_wrap\" readability=\"8\">\n<p>francisco basilica san pedro <span onclick=\"parent.parent.TinyMCETdcuerpo.preview_embed('8064369-565517373')\" class=\"embed_colapse less\" id=\"8064369-565517373_colapse\"><\/span> <span onclick=\"parent.parent.TinyMCETdcuerpo.delete_embed('8064369-565517373')\" class=\"embed_delete less\" id=\"8064369-565517373_delete\"><\/span><\/p>\n<div id=\"8064369-565517373_epigrafe\" class=\"embed_epigrafe\" readability=\"7\">\n<p> El papa Francisco en silla de ruedas entrando a la Bas\u00edlica de San Pedro.<\/p>\n<\/div>\n<p>Robert Moynihan<\/p>\n<\/div>\n<p>Tras esto, y marcando una nueva aparici\u00f3n p\u00fablica, el argentino fue visto en la entrada en la<strong> Bas\u00edlica de San Pedro<\/strong> para rezar antes de la Vigilia Pascual. <\/p>\n<\/div>\n<div id>\n<p>En el marco de una fecha especial, fuentes del Vaticano aseguran que el Papa desea estar presente este domingo en la misa de <strong>Domingo de Resurrecci\u00f3n<\/strong> y en la bendici\u00f3n Urbi et Orbi, en b\u00fasqueda de retomar lentamente su vida p\u00fablica. Por el momento,<strong> la informaci\u00f3n oficial detalla que la misa ser\u00e1 realizada a partir de las 10.30 <\/strong>en la plaza de San Pedro por el cardenal Angelo Comastri, vicario general em\u00e9rito del Papa.<\/p>\n<h2>El vicepresidente de EEUU viaj\u00f3 al Vaticano pero no se encontr\u00f3 con el papa Francisco<\/h2>\n<p>Luego de ser recibido el viernes por la primera ministra italiana Giorgia Meloni,<strong> el vicepresidente de EEUU JD Vance asisti\u00f3 al Vaticano, aunque sin coincidir con el papa Francisco<\/strong>. All\u00ed tuvo un encuentro en el que se abord\u00f3 la cuesti\u00f3n de los refugiados, a dos meses de que el Santo Padre se mostrara cr\u00edtico con la pol\u00edtica migratoria del pa\u00eds del norte.<\/p>\n<p>Ambas partes mantienen la incertidumbre sobre un posible encuentro que a\u00fan no fue mencionado. Se espera que Vance se vea con Francisco el domingo al margen de la misa de Pascua, aunque su presencia no fue confirmada oficialmente<\/p>\n<h2>El mensaje del papa Francisco por el Viernes Santo: &#8220;La econom\u00eda del Dios no mata, ni aplasta&#8221;<\/h2>\n<p>El <strong><a href=\"https:\/\/www.ambito.com\/mundo\/el-papa-francisco-envio-un-mensaje-la-misa-que-inicia-los-ritos-semana-santa-n6135702\" target=\"_blank\" rel=\"follow noopener\">papa Francisco<\/a><\/strong> no estar\u00e1 presente el tradicional <strong><a href=\"https:\/\/www.ambito.com\/informacion-general\/el-vaticano-prepara-la-semana-santa-pero-la-salud-del-papa-francisco-pone-duda-su-presencia-n6128637\" target=\"_blank\" rel=\"follow noopener\">V\u00eda Crucis de Semana Santa<\/a><\/strong> llevado a cabo en Roma en el Viernes Santo debido a su cuadro de salud, pero comparti\u00f3 las reflexiones escritas que se leer\u00e1n en la celebraci\u00f3n. <strong>&#8220;La econom\u00eda de Dios no mata, no descarta, no aplasta; es humilde, fiel a la tierra&#8221;,<\/strong> asever\u00f3 en su mensaje.<\/p>\n<p><strong>&#8220;T\u00fa eres, Jes\u00fas, el Se\u00f1or de la alegr\u00eda&#8221;<\/strong>, indic\u00f3 en el escrito hecho p\u00fablico, y agreg\u00f3: &#8220;En ti todos nos encontramos y somos llevados a casa, como la \u00fanica oveja que se hab\u00eda perdido. <strong>Deshumana es la econom\u00eda en la que noventa y nueve valen m\u00e1s que uno<\/strong>. Sin embargo, <strong>hemos construido un mundo que funciona de ese modo; un mundo de c\u00e1lculos y algoritmos, de fr\u00edas l\u00f3gicas e intereses implacables. <\/strong>La ley de tu casa, econom\u00eda divina, es otra, Se\u00f1or. Volvernos a ti, que caes y te levantas, es un cambio de ruta y un cambio de paso. Conversi\u00f3n que devuelve alegr\u00eda y nos lleva a casa&#8221;.<\/p>\n<\/div>\n","protected":false},"excerpt":{"rendered":"<p>El papa Francisco volvi\u00f3 a sorprender al aparecer nuevamente en p\u00fablico durante este s\u00e1bado. El argentino fue visto en silla de ruedas en la entrada de la Bas\u00edlica de San Pedro, donde varios fieles lo saludaron. Su reaparici\u00f3n se da en medio de su per\u00edodo de convalecencia, tras haber sufrido una neumon\u00eda bilateral. El video [&hellip;]<\/p>\n","protected":false},"author":2,"featured_media":9152,"comment_status":"closed","ping_status":"closed","sticky":false,"template":"","format":"standard","meta":{"jetpack_post_was_ever_published":false,"_jetpack_newsletter_access":"","_jetpack_dont_email_post_to_subs":false,"_jetpack_newsletter_tier_id":0,"_jetpack_memberships_contains_paywalled_content":false,"_jetpack_memberships_contains_paid_content":false,"footnotes":"","jetpack_publicize_message":"","jetpack_publicize_feature_enabled":true,"jetpack_social_post_already_shared":true,"jetpack_social_options":{"image_generator_settings":{"template":"highway","enabled":false},"version":2}},"categories":[20],"tags":[],"class_list":["post-9151","post","type-post","status-publish","format-standard","has-post-thumbnail","hentry","category-mundo"],"jetpack_publicize_connections":[],"jetpack_featured_media_url":"https:\/\/i0.wp.com\/infolanus.com\/wp-content\/uploads\/2025\/04\/el-papa-francisco-reaparecio-en-silla-de-ruedas-en-la-basilica-de-san-pedro.jpg?fit=1200%2C675&ssl=1","jetpack_sharing_enabled":true,"jetpack_shortlink":"https:\/\/wp.me\/p9QtMr-2nB","_links":{"self":[{"href":"https:\/\/infolanus.com\/index.php\/wp-json\/wp\/v2\/posts\/9151","targetHints":{"allow":["GET"]}}],"collection":[{"href":"https:\/\/infolanus.com\/index.php\/wp-json\/wp\/v2\/posts"}],"about":[{"href":"https:\/\/infolanus.com\/index.php\/wp-json\/wp\/v2\/types\/post"}],"author":[{"embeddable":true,"href":"https:\/\/infolanus.com\/index.php\/wp-json\/wp\/v2\/users\/2"}],"replies":[{"embeddable":true,"href":"https:\/\/infolanus.com\/index.php\/wp-json\/wp\/v2\/comments?post=9151"}],"version-history":[{"count":0,"href":"https:\/\/infolanus.com\/index.php\/wp-json\/wp\/v2\/posts\/9151\/revisions"}],"wp:featuredmedia":[{"embeddable":true,"href":"https:\/\/infolanus.com\/index.php\/wp-json\/wp\/v2\/media\/9152"}],"wp:attachment":[{"href":"https:\/\/infolanus.com\/index.php\/wp-json\/wp\/v2\/media?parent=9151"}],"wp:term":[{"taxonomy":"category","embeddable":true,"href":"https:\/\/infolanus.com\/index.php\/wp-json\/wp\/v2\/categories?post=9151"},{"taxonomy":"post_tag","embeddable":true,"href":"https:\/\/infolanus.com\/index.php\/wp-json\/wp\/v2\/tags?post=9151"}],"curies":[{"name":"wp","href":"https:\/\/api.w.org\/{rel}","templated":true}]}}