{"id":9158,"date":"2025-04-21T10:38:44","date_gmt":"2025-04-21T13:38:44","guid":{"rendered":"https:\/\/infolanus.com\/?p=9158"},"modified":"2025-04-21T10:38:45","modified_gmt":"2025-04-21T13:38:45","slug":"quirofano-movil-en-lanus-ofrece-nuevas-citas-para-castracion-y-vacunacion-de-mascotas","status":"publish","type":"post","link":"https:\/\/infolanus.com\/index.php\/2025\/04\/21\/quirofano-movil-en-lanus-ofrece-nuevas-citas-para-castracion-y-vacunacion-de-mascotas\/","title":{"rendered":"Quir\u00f3fano M\u00f3vil en Lan\u00fas ofrece nuevas citas para castraci\u00f3n y vacunaci\u00f3n de mascotas"},"content":{"rendered":"<p>El Gobierno de Lan\u00fas ha anunciado que el pr\u00f3ximo lunes 21 de abril se habilitar\u00e1n nuevos turnos gratuitos para el Quir\u00f3fano M\u00f3vil. Las personas interesadas en agendar una consulta con un veterinario podr\u00e1n dirigirse al Parque Municipal General San Mart\u00edn, situado en Coronel Sayos 2302, Valent\u00edn Alsina, a partir de las 9 horas. La castraci\u00f3n de mascotas se llevar\u00e1 a cabo entre el martes 22 y el lunes 28 de abril.<\/p>\n<p>Las reservas se realizar\u00e1n siguiendo el orden de llegada hasta completar los cupos disponibles y exclusivamente se otorgar\u00e1n a quienes puedan validar su residencia en el distrito mediante su DNI.<\/p>\n<p>Adem\u00e1s, durante el periodo del lunes 21 al mi\u00e9rcoles 25 de abril, se ofrecer\u00e1 el servicio de vacunaci\u00f3n antirr\u00e1bica. Las aplicaciones se realizar\u00e1n sin necesidad de turno previo de 9 a 12 horas, aunque el operativo se suspender\u00e1 en caso de lluvia.<\/p>\n<p>Previo a cualquier intervenci\u00f3n, los animales ser\u00e1n sometidos a una evaluaci\u00f3n para determinar su estado de salud. Los requisitos para la pr\u00e1ctica veterinaria son los siguientes:<\/p>\n<p><b>Peso:<\/b><\/p>\n<ul>\n<li style=\"list-style-type: none;\">\n<ul>\n<li>Gatos: desde 2 kilos.<\/li>\n<\/ul>\n<\/li>\n<\/ul>\n<ul>\n<li style=\"list-style-type: none;\">\n<ul>\n<li>Perros: de 4 a 25 kilos.<\/li>\n<\/ul>\n<\/li>\n<\/ul>\n<p><b>Edad:<\/b><\/p>\n<ul>\n<li style=\"list-style-type: none;\">\n<ul>\n<li>Gatas y perras: entre 6 meses y 8 a\u00f1os.<\/li>\n<\/ul>\n<\/li>\n<\/ul>\n<ul>\n<li style=\"list-style-type: none;\">\n<ul>\n<li>Gatos y perros: de 8 meses a 8 a\u00f1os.<\/li>\n<\/ul>\n<\/li>\n<\/ul>\n<ul>\n<li style=\"list-style-type: none;\">\n<ul>\n<li>Para gatas y perras en celo: se deben esperar 15 d\u00edas tras el final del periodo.<\/li>\n<\/ul>\n<\/li>\n<\/ul>\n<ul>\n<li style=\"list-style-type: none;\">\n<ul>\n<li>Gatas y perras pre\u00f1adas: aceptadas hasta 30 d\u00edas de gestaci\u00f3n.<\/li>\n<\/ul>\n<\/li>\n<\/ul>\n<ul>\n<li style=\"list-style-type: none;\">\n<ul>\n<li>Gatas y perras en lactancia: se permite realizar la intervenci\u00f3n 2 meses despu\u00e9s de parir.<\/li>\n<\/ul>\n<\/li>\n<\/ul>\n<ul>\n<li style=\"list-style-type: none;\">\n<ul>\n<li>Razas braquic\u00e9falas: no podr\u00e1n ser castradas, ni sus mestizos (como los de trompa chata); algunas razas requerir\u00e1n una consulta previa con el veterinario o una evaluaci\u00f3n prequir\u00fargica.<\/li>\n<\/ul>\n<\/li>\n<\/ul>\n<p>El Quir\u00f3fano M\u00f3vil inici\u00f3 su recorrido en junio de 2024 en la Plaza Auyero y, desde su lanzamiento, ha visitado diversas zonas de Lan\u00fas. Hasta el momento, se han llevado a cabo 85 operativos y se han brindado m\u00e1s de 712 servicios en lo que va del a\u00f1o.<\/p>\n","protected":false},"excerpt":{"rendered":"<p>&#8220;El Gobierno de Lan\u00fas anuncia nuevos turnos gratuitos para el Quir\u00f3fano M\u00f3vil en el Parque Municipal General San Mart\u00edn, del 21 al 28 de abril. Adem\u00e1s, se ofrecer\u00e1 vacunaci\u00f3n antirr\u00e1bica sin turno previo. \u00a1No te pierdas la oportunidad de cuidar la salud de tus mascotas!&#8221;<\/p>\n","protected":false},"author":1,"featured_media":4130,"comment_status":"open","ping_status":"open","sticky":false,"template":"","format":"standard","meta":{"jetpack_post_was_ever_published":false,"_jetpack_newsletter_access":"","_jetpack_dont_email_post_to_subs":false,"_jetpack_newsletter_tier_id":0,"_jetpack_memberships_contains_paywalled_content":false,"_jetpack_memberships_contains_paid_content":false,"footnotes":"","jetpack_publicize_message":"","jetpack_publicize_feature_enabled":true,"jetpack_social_post_already_shared":true,"jetpack_social_options":{"image_generator_settings":{"template":"highway","enabled":false},"version":2}},"categories":[19],"tags":[1857,227],"class_list":["post-9158","post","type-post","status-publish","format-standard","has-post-thumbnail","hentry","category-municipio","tag-quirofano-movil-2","tag-valentin-alsina"],"jetpack_publicize_connections":[],"jetpack_featured_media_url":"https:\/\/i0.wp.com\/infolanus.com\/wp-content\/uploads\/2023\/02\/lanus-castracion-gratuita-de-mascotas.jpg?fit=1200%2C675&ssl=1","jetpack_sharing_enabled":true,"jetpack_shortlink":"https:\/\/wp.me\/p9QtMr-2nI","_links":{"self":[{"href":"https:\/\/infolanus.com\/index.php\/wp-json\/wp\/v2\/posts\/9158","targetHints":{"allow":["GET"]}}],"collection":[{"href":"https:\/\/infolanus.com\/index.php\/wp-json\/wp\/v2\/posts"}],"about":[{"href":"https:\/\/infolanus.com\/index.php\/wp-json\/wp\/v2\/types\/post"}],"author":[{"embeddable":true,"href":"https:\/\/infolanus.com\/index.php\/wp-json\/wp\/v2\/users\/1"}],"replies":[{"embeddable":true,"href":"https:\/\/infolanus.com\/index.php\/wp-json\/wp\/v2\/comments?post=9158"}],"version-history":[{"count":1,"href":"https:\/\/infolanus.com\/index.php\/wp-json\/wp\/v2\/posts\/9158\/revisions"}],"predecessor-version":[{"id":9162,"href":"https:\/\/infolanus.com\/index.php\/wp-json\/wp\/v2\/posts\/9158\/revisions\/9162"}],"wp:featuredmedia":[{"embeddable":true,"href":"https:\/\/infolanus.com\/index.php\/wp-json\/wp\/v2\/media\/4130"}],"wp:attachment":[{"href":"https:\/\/infolanus.com\/index.php\/wp-json\/wp\/v2\/media?parent=9158"}],"wp:term":[{"taxonomy":"category","embeddable":true,"href":"https:\/\/infolanus.com\/index.php\/wp-json\/wp\/v2\/categories?post=9158"},{"taxonomy":"post_tag","embeddable":true,"href":"https:\/\/infolanus.com\/index.php\/wp-json\/wp\/v2\/tags?post=9158"}],"curies":[{"name":"wp","href":"https:\/\/api.w.org\/{rel}","templated":true}]}}