{"id":918,"date":"2018-10-03T15:39:03","date_gmt":"2018-10-03T18:39:03","guid":{"rendered":"http:\/\/infolanus.com\/?p=918"},"modified":"2018-10-03T15:39:03","modified_gmt":"2018-10-03T18:39:03","slug":"concejales-de-unidad-ciudadana-elevaron-un-reclamo-al-municipio-por-los-basurales-de-villa-giardino","status":"publish","type":"post","link":"https:\/\/infolanus.com\/index.php\/2018\/10\/03\/concejales-de-unidad-ciudadana-elevaron-un-reclamo-al-municipio-por-los-basurales-de-villa-giardino\/","title":{"rendered":"Concejales de Unidad Ciudadana elevaron un reclamo al Municipio por los basurales de Villa Giardino"},"content":{"rendered":"<p>El bloque de Concejales de Unidad Ciudadana de Lan\u00fas se hizo eco del pedido de los vecinos de Villa Giardino y present\u00f3 ante el concejo Deliberante una resoluci\u00f3n exigiendo al Poder Ejecutivo Municipal el cumplimiento del servicio de recolecci\u00f3n de residuos del lugar.<\/p>\n<p>Este expediente se formaliz\u00f3 tras la visita de los ed\u00edles de ese espacio pol\u00edtico, donde dialogaron con los vecinos y percibieron el malestar generalizado debido a la <strong>&#8220;ausencia del estado municipal&#8221;<\/strong> y conocieron su gran<strong>&#8220;preocupaci\u00f3n por la contaminaci\u00f3n de la empresa de transporte que arroja materiales t\u00f3xicos y aguas servidas a la calle&#8221;<\/strong>.<\/p>\n<div class=\"tiled-gallery type-square tiled-gallery-unresized\" data-original-width=\"640\" data-carousel-extra='{&quot;blog_id&quot;:1,&quot;permalink&quot;:&quot;https:\\\/\\\/infolanus.com\\\/index.php\\\/2018\\\/10\\\/03\\\/concejales-de-unidad-ciudadana-elevaron-un-reclamo-al-municipio-por-los-basurales-de-villa-giardino\\\/&quot;,&quot;likes_blog_id&quot;:145494559}' itemscope itemtype=\"http:\/\/schema.org\/ImageGallery\" > <div class=\"gallery-row\" style=\"width: 640px; height: 213px;\" data-original-width=\"640\" data-original-height=\"213\" > <div class=\"gallery-group\" style=\"width: 213px; height: 213px;\" data-original-width=\"213\" data-original-height=\"213\" > <div class=\"tiled-gallery-item \" itemprop=\"associatedMedia\" itemscope itemtype=\"http:\/\/schema.org\/ImageObject\"> <a href=\"https:\/\/infolanus.com\/index.php\/2018\/10\/03\/concejales-de-unidad-ciudadana-elevaron-un-reclamo-al-municipio-por-los-basurales-de-villa-giardino\/fb_img_1538497696586\/\" border=\"0\" itemprop=\"url\"> <meta itemprop=\"width\" content=\"209\"> <meta itemprop=\"height\" content=\"209\"> <img decoding=\"async\" class=\"\" data-attachment-id=\"926\" data-orig-file=\"https:\/\/infolanus.com\/wp-content\/uploads\/2018\/10\/FB_IMG_1538497696586.jpg\" data-orig-size=\"720,499\" data-comments-opened=\"1\" data-image-meta=\"{&quot;aperture&quot;:&quot;0&quot;,&quot;credit&quot;:&quot;&quot;,&quot;camera&quot;:&quot;&quot;,&quot;caption&quot;:&quot;&quot;,&quot;created_timestamp&quot;:&quot;0&quot;,&quot;copyright&quot;:&quot;&quot;,&quot;focal_length&quot;:&quot;0&quot;,&quot;iso&quot;:&quot;0&quot;,&quot;shutter_speed&quot;:&quot;0&quot;,&quot;title&quot;:&quot;&quot;,&quot;orientation&quot;:&quot;0&quot;}\" data-image-title=\"FB_IMG_1538497696586\" data-image-description=\"\" data-medium-file=\"https:\/\/i0.wp.com\/infolanus.com\/wp-content\/uploads\/2018\/10\/FB_IMG_1538497696586.jpg?fit=300%2C208&#038;ssl=1\" data-large-file=\"https:\/\/i0.wp.com\/infolanus.com\/wp-content\/uploads\/2018\/10\/FB_IMG_1538497696586.jpg?fit=640%2C444&#038;ssl=1\" src=\"https:\/\/i0.wp.com\/infolanus.com\/wp-content\/uploads\/2018\/10\/FB_IMG_1538497696586.jpg?w=209&#038;h=209&#038;crop=1&#038;ssl=1\" srcset=\"https:\/\/i0.wp.com\/infolanus.com\/wp-content\/uploads\/2018\/10\/FB_IMG_1538497696586.jpg?resize=150%2C150&amp;ssl=1 150w, https:\/\/i0.wp.com\/infolanus.com\/wp-content\/uploads\/2018\/10\/FB_IMG_1538497696586.jpg?zoom=2&amp;resize=209%2C209 418w, https:\/\/i0.wp.com\/infolanus.com\/wp-content\/uploads\/2018\/10\/FB_IMG_1538497696586.jpg?zoom=3&amp;resize=209%2C209 627w\" width=\"209\" height=\"209\" loading=\"lazy\" data-original-width=\"209\" data-original-height=\"209\" itemprop=\"http:\/\/schema.org\/image\" title=\"FB_IMG_1538497696586\" alt=\"FB_IMG_1538497696586\" style=\"width: 209px; height: 209px;\" \/> <\/a> <\/div> <\/div> <div class=\"gallery-group\" style=\"width: 213px; height: 213px;\" data-original-width=\"213\" data-original-height=\"213\" > <div class=\"tiled-gallery-item \" itemprop=\"associatedMedia\" itemscope itemtype=\"http:\/\/schema.org\/ImageObject\"> <a href=\"https:\/\/infolanus.com\/index.php\/2018\/10\/03\/concejales-de-unidad-ciudadana-elevaron-un-reclamo-al-municipio-por-los-basurales-de-villa-giardino\/fb_img_1538497702825\/\" border=\"0\" itemprop=\"url\"> <meta itemprop=\"width\" content=\"209\"> <meta itemprop=\"height\" content=\"209\"> <img decoding=\"async\" class=\"\" data-attachment-id=\"927\" data-orig-file=\"https:\/\/infolanus.com\/wp-content\/uploads\/2018\/10\/FB_IMG_1538497702825.jpg\" data-orig-size=\"1072,1440\" data-comments-opened=\"1\" data-image-meta=\"{&quot;aperture&quot;:&quot;0&quot;,&quot;credit&quot;:&quot;&quot;,&quot;camera&quot;:&quot;&quot;,&quot;caption&quot;:&quot;&quot;,&quot;created_timestamp&quot;:&quot;0&quot;,&quot;copyright&quot;:&quot;&quot;,&quot;focal_length&quot;:&quot;0&quot;,&quot;iso&quot;:&quot;0&quot;,&quot;shutter_speed&quot;:&quot;0&quot;,&quot;title&quot;:&quot;&quot;,&quot;orientation&quot;:&quot;0&quot;}\" data-image-title=\"FB_IMG_1538497702825\" data-image-description=\"\" data-medium-file=\"https:\/\/i0.wp.com\/infolanus.com\/wp-content\/uploads\/2018\/10\/FB_IMG_1538497702825.jpg?fit=223%2C300&#038;ssl=1\" data-large-file=\"https:\/\/i0.wp.com\/infolanus.com\/wp-content\/uploads\/2018\/10\/FB_IMG_1538497702825.jpg?fit=640%2C860&#038;ssl=1\" src=\"https:\/\/i0.wp.com\/infolanus.com\/wp-content\/uploads\/2018\/10\/FB_IMG_1538497702825.jpg?w=209&#038;h=209&#038;crop=1&#038;ssl=1\" srcset=\"https:\/\/i0.wp.com\/infolanus.com\/wp-content\/uploads\/2018\/10\/FB_IMG_1538497702825.jpg?resize=150%2C150&amp;ssl=1 150w, https:\/\/i0.wp.com\/infolanus.com\/wp-content\/uploads\/2018\/10\/FB_IMG_1538497702825.jpg?zoom=2&amp;resize=209%2C209 418w, https:\/\/i0.wp.com\/infolanus.com\/wp-content\/uploads\/2018\/10\/FB_IMG_1538497702825.jpg?zoom=3&amp;resize=209%2C209 627w\" width=\"209\" height=\"209\" loading=\"lazy\" data-original-width=\"209\" data-original-height=\"209\" itemprop=\"http:\/\/schema.org\/image\" title=\"FB_IMG_1538497702825\" alt=\"FB_IMG_1538497702825\" style=\"width: 209px; height: 209px;\" \/> <\/a> <\/div> <\/div> <div class=\"gallery-group\" style=\"width: 213px; height: 213px;\" data-original-width=\"213\" data-original-height=\"213\" > <div class=\"tiled-gallery-item \" itemprop=\"associatedMedia\" itemscope itemtype=\"http:\/\/schema.org\/ImageObject\"> <a href=\"https:\/\/infolanus.com\/index.php\/2018\/10\/03\/concejales-de-unidad-ciudadana-elevaron-un-reclamo-al-municipio-por-los-basurales-de-villa-giardino\/fb_img_1538497707302\/\" border=\"0\" itemprop=\"url\"> <meta itemprop=\"width\" content=\"209\"> <meta itemprop=\"height\" content=\"209\"> <img decoding=\"async\" class=\"\" data-attachment-id=\"928\" data-orig-file=\"https:\/\/infolanus.com\/wp-content\/uploads\/2018\/10\/FB_IMG_1538497707302.jpg\" data-orig-size=\"1072,1440\" data-comments-opened=\"1\" data-image-meta=\"{&quot;aperture&quot;:&quot;0&quot;,&quot;credit&quot;:&quot;&quot;,&quot;camera&quot;:&quot;&quot;,&quot;caption&quot;:&quot;&quot;,&quot;created_timestamp&quot;:&quot;0&quot;,&quot;copyright&quot;:&quot;&quot;,&quot;focal_length&quot;:&quot;0&quot;,&quot;iso&quot;:&quot;0&quot;,&quot;shutter_speed&quot;:&quot;0&quot;,&quot;title&quot;:&quot;&quot;,&quot;orientation&quot;:&quot;0&quot;}\" data-image-title=\"FB_IMG_1538497707302\" data-image-description=\"\" data-medium-file=\"https:\/\/i0.wp.com\/infolanus.com\/wp-content\/uploads\/2018\/10\/FB_IMG_1538497707302.jpg?fit=223%2C300&#038;ssl=1\" data-large-file=\"https:\/\/i0.wp.com\/infolanus.com\/wp-content\/uploads\/2018\/10\/FB_IMG_1538497707302.jpg?fit=640%2C860&#038;ssl=1\" src=\"https:\/\/i0.wp.com\/infolanus.com\/wp-content\/uploads\/2018\/10\/FB_IMG_1538497707302.jpg?w=209&#038;h=209&#038;crop=1&#038;ssl=1\" srcset=\"https:\/\/i0.wp.com\/infolanus.com\/wp-content\/uploads\/2018\/10\/FB_IMG_1538497707302.jpg?resize=150%2C150&amp;ssl=1 150w, https:\/\/i0.wp.com\/infolanus.com\/wp-content\/uploads\/2018\/10\/FB_IMG_1538497707302.jpg?zoom=2&amp;resize=209%2C209 418w, https:\/\/i0.wp.com\/infolanus.com\/wp-content\/uploads\/2018\/10\/FB_IMG_1538497707302.jpg?zoom=3&amp;resize=209%2C209 627w\" width=\"209\" height=\"209\" loading=\"lazy\" data-original-width=\"209\" data-original-height=\"209\" itemprop=\"http:\/\/schema.org\/image\" title=\"FB_IMG_1538497707302\" alt=\"FB_IMG_1538497707302\" style=\"width: 209px; height: 209px;\" \/> <\/a> <\/div> <\/div> <\/div> <\/div>\n","protected":false},"excerpt":{"rendered":"<p>El bloque de Concejales de Unidad Ciudadana de Lan\u00fas se hizo eco del pedido de los vecinos de Villa Giardino y present\u00f3 ante el concejo Deliberante una resoluci\u00f3n exigiendo al Poder Ejecutivo Municipal el cumplimiento del servicio de recolecci\u00f3n de residuos del lugar. Este expediente se formaliz\u00f3 tras la visita de los ed\u00edles de ese [&hellip;]<\/p>\n","protected":false},"author":2,"featured_media":925,"comment_status":"open","ping_status":"open","sticky":false,"template":"","format":"standard","meta":{"jetpack_post_was_ever_published":false,"_jetpack_newsletter_access":"","_jetpack_dont_email_post_to_subs":false,"_jetpack_newsletter_tier_id":0,"_jetpack_memberships_contains_paywalled_content":false,"_jetpack_memberships_contains_paid_content":false,"footnotes":"","jetpack_publicize_message":"Concejales de Unidad Ciudadana elevaron un reclamo al Municipio por los basurales de Villa Giardino  @UniCiudadanaPJ","jetpack_publicize_feature_enabled":true,"jetpack_social_post_already_shared":true,"jetpack_social_options":{"image_generator_settings":{"template":"highway","enabled":false},"version":2}},"categories":[16],"tags":[201,23,99,312,382],"class_list":["post-918","post","type-post","status-publish","format-standard","has-post-thumbnail","hentry","category-politica","tag-concejo-deliberante","tag-lanus","tag-nestor-grindetti","tag-unidad-ciudadana","tag-villa-giardino"],"jetpack_publicize_connections":[],"jetpack_featured_media_url":"https:\/\/i0.wp.com\/infolanus.com\/wp-content\/uploads\/2018\/10\/FB_IMG_1538497690611.jpg?fit=720%2C458&ssl=1","jetpack_sharing_enabled":false,"jetpack_shortlink":"https:\/\/wp.me\/p9QtMr-eO","_links":{"self":[{"href":"https:\/\/infolanus.com\/index.php\/wp-json\/wp\/v2\/posts\/918","targetHints":{"allow":["GET"]}}],"collection":[{"href":"https:\/\/infolanus.com\/index.php\/wp-json\/wp\/v2\/posts"}],"about":[{"href":"https:\/\/infolanus.com\/index.php\/wp-json\/wp\/v2\/types\/post"}],"author":[{"embeddable":true,"href":"https:\/\/infolanus.com\/index.php\/wp-json\/wp\/v2\/users\/2"}],"replies":[{"embeddable":true,"href":"https:\/\/infolanus.com\/index.php\/wp-json\/wp\/v2\/comments?post=918"}],"version-history":[{"count":2,"href":"https:\/\/infolanus.com\/index.php\/wp-json\/wp\/v2\/posts\/918\/revisions"}],"predecessor-version":[{"id":929,"href":"https:\/\/infolanus.com\/index.php\/wp-json\/wp\/v2\/posts\/918\/revisions\/929"}],"wp:featuredmedia":[{"embeddable":true,"href":"https:\/\/infolanus.com\/index.php\/wp-json\/wp\/v2\/media\/925"}],"wp:attachment":[{"href":"https:\/\/infolanus.com\/index.php\/wp-json\/wp\/v2\/media?parent=918"}],"wp:term":[{"taxonomy":"category","embeddable":true,"href":"https:\/\/infolanus.com\/index.php\/wp-json\/wp\/v2\/categories?post=918"},{"taxonomy":"post_tag","embeddable":true,"href":"https:\/\/infolanus.com\/index.php\/wp-json\/wp\/v2\/tags?post=918"}],"curies":[{"name":"wp","href":"https:\/\/api.w.org\/{rel}","templated":true}]}}