{"id":9222,"date":"2025-04-26T17:52:00","date_gmt":"2025-04-26T20:52:00","guid":{"rendered":"https:\/\/www.ambito.com\/mundo\/muerte-papa-francisco-ultimas-noticias-26-abril-2025"},"modified":"2025-04-26T17:52:00","modified_gmt":"2025-04-26T20:52:00","slug":"funeral-del-papa-francisco-revivi-el-minuto-a-minuto-de-una-jornada-historica","status":"publish","type":"post","link":"https:\/\/infolanus.com\/index.php\/2025\/04\/26\/funeral-del-papa-francisco-revivi-el-minuto-a-minuto-de-una-jornada-historica\/","title":{"rendered":"Funeral del papa Francisco: reviv\u00ed el minuto a minuto de una jornada hist\u00f3rica"},"content":{"rendered":"<p><img data-recalc-dims=\"1\" decoding=\"async\" src=\"https:\/\/i0.wp.com\/media.ambito.com\/p\/a4491fbfd37c501f441e9b59c62fbfba\/adjuntos\/239\/imagenes\/042\/378\/0042378240\/funeral-francisco-panoramicajpg.jpg?w=640&#038;ssl=1\"><\/p>\n<div><img data-recalc-dims=\"1\" decoding=\"async\" src=\"https:\/\/i0.wp.com\/media.ambito.com\/p\/a4491fbfd37c501f441e9b59c62fbfba\/adjuntos\/239\/imagenes\/042\/378\/0042378240\/funeral-francisco-panoramicajpg.jpg?w=640&#038;ssl=1\" class=\"ff-og-image-inserted\"><\/div>\n<h2>Funeral del papa Francisco: se espera a miles de fieles, 50 jefes de Estado y 10 soberanos reinantes<\/h2>\n<p>El funeral del papa Francisco comenzar\u00e1 este s\u00e1bado<strong> a partir de las 10, hora local, 5 de la madrugada,<\/strong> hora argentina y estar\u00e1 presidido por el cardenal Giovanni Battista Re, decano del Colegio Cardenalicio.<\/p>\n<p>Ser\u00e1 un <strong>evento multitudinario que contar\u00e1 con un fuerte operativo de seguridad <\/strong>y la presencia de al menos 130 delegaciones, entre ellas unos 50 jefes de Estado y 10 soberanos reinantes.<\/p>\n<p>Las autoridades ser\u00e1n ubicadas seg\u00fan el protocolo oficial. <strong>En la primera fila se encontrar\u00e1n los presidentes Javier Milei y Georgia Meloni,<\/strong> por ser el jefe de Estado del pa\u00eds natal del Papa y la l\u00edder de Italia. Seguir\u00e1n los representantes de las monarqu\u00edas y, luego, los dem\u00e1s jefes de Estado en orden alfab\u00e9tico.<\/p>\n<p>El total de fieles todav\u00eda es dif\u00edcil de calcular.<strong> Algunos vaticinaron 500 mil.<\/strong> Lo cierto es que todos los vuelos y hospedajes a Roma est\u00e1n agotados.<\/p>\n<p>Finalizada la misa, <strong>el cortejo f\u00fanebre no cruzar\u00e1 la Plaza de San Pedro,<\/strong> sino que regresar\u00e1 directamente a la Bas\u00edlica.<\/p>\n<p>M\u00e1s tarde<strong>, un veh\u00edculo adaptado para permitir la visibilidad del f\u00e9retro<\/strong> saldr\u00e1 del Vaticano a trav\u00e9s de la Puerta del Perugino y se dirigir\u00e1 hacia la Bas\u00edlica de Santa Mar\u00eda la Mayor, la elegida por Francisco para su eterno descanso.<\/p>\n<p>El trayecto, de <strong>entre 30 y 40 minutos,<\/strong> se realizar\u00e1 a una velocidad aproximada de 10 kil\u00f3metros por hora. La transmisi\u00f3n en vivo del recorrido ser\u00e1 realizada por Vatican Media y concluir\u00e1 con la llegada del cortejo a la bas\u00edlica liberiana. El rito de inhumaci\u00f3n se celebrar\u00e1 en forma privada.<\/p>\n<p>Como cierre de la jornada, a las 21<strong>, el cardenal Rolandas Makrickas presidir\u00e1 el rezo del Rosario en memoria del Papa Francisco<\/strong>, frente a la Bas\u00edlica.<\/p>\n","protected":false},"excerpt":{"rendered":"<p>Funeral del papa Francisco: se espera a miles de fieles, 50 jefes de Estado y 10 soberanos reinantes El funeral del papa Francisco comenzar\u00e1 este s\u00e1bado a partir de las 10, hora local, 5 de la madrugada, hora argentina y estar\u00e1 presidido por el cardenal Giovanni Battista Re, decano del Colegio Cardenalicio. Ser\u00e1 un evento [&hellip;]<\/p>\n","protected":false},"author":2,"featured_media":9223,"comment_status":"closed","ping_status":"closed","sticky":false,"template":"","format":"standard","meta":{"jetpack_post_was_ever_published":false,"_jetpack_newsletter_access":"","_jetpack_dont_email_post_to_subs":false,"_jetpack_newsletter_tier_id":0,"_jetpack_memberships_contains_paywalled_content":false,"_jetpack_memberships_contains_paid_content":false,"footnotes":"","jetpack_publicize_message":"","jetpack_publicize_feature_enabled":true,"jetpack_social_post_already_shared":true,"jetpack_social_options":{"image_generator_settings":{"template":"highway","enabled":false},"version":2}},"categories":[20],"tags":[1286],"class_list":["post-9222","post","type-post","status-publish","format-standard","has-post-thumbnail","hentry","category-mundo","tag-mundo"],"jetpack_publicize_connections":[],"jetpack_featured_media_url":"https:\/\/i0.wp.com\/infolanus.com\/wp-content\/uploads\/2025\/04\/funeral-del-papa-francisco-revivi-el-minuto-a-minuto-de-una-jornada-historica.jpg?fit=1200%2C675&ssl=1","jetpack_sharing_enabled":true,"jetpack_shortlink":"https:\/\/wp.me\/p9QtMr-2oK","_links":{"self":[{"href":"https:\/\/infolanus.com\/index.php\/wp-json\/wp\/v2\/posts\/9222","targetHints":{"allow":["GET"]}}],"collection":[{"href":"https:\/\/infolanus.com\/index.php\/wp-json\/wp\/v2\/posts"}],"about":[{"href":"https:\/\/infolanus.com\/index.php\/wp-json\/wp\/v2\/types\/post"}],"author":[{"embeddable":true,"href":"https:\/\/infolanus.com\/index.php\/wp-json\/wp\/v2\/users\/2"}],"replies":[{"embeddable":true,"href":"https:\/\/infolanus.com\/index.php\/wp-json\/wp\/v2\/comments?post=9222"}],"version-history":[{"count":0,"href":"https:\/\/infolanus.com\/index.php\/wp-json\/wp\/v2\/posts\/9222\/revisions"}],"wp:featuredmedia":[{"embeddable":true,"href":"https:\/\/infolanus.com\/index.php\/wp-json\/wp\/v2\/media\/9223"}],"wp:attachment":[{"href":"https:\/\/infolanus.com\/index.php\/wp-json\/wp\/v2\/media?parent=9222"}],"wp:term":[{"taxonomy":"category","embeddable":true,"href":"https:\/\/infolanus.com\/index.php\/wp-json\/wp\/v2\/categories?post=9222"},{"taxonomy":"post_tag","embeddable":true,"href":"https:\/\/infolanus.com\/index.php\/wp-json\/wp\/v2\/tags?post=9222"}],"curies":[{"name":"wp","href":"https:\/\/api.w.org\/{rel}","templated":true}]}}