{"id":9314,"date":"2025-05-11T09:42:47","date_gmt":"2025-05-11T12:42:47","guid":{"rendered":"https:\/\/www.ambito.com\/c6143849"},"modified":"2025-05-11T09:42:47","modified_gmt":"2025-05-11T12:42:47","slug":"el-papa-leon-xiv-dio-un-fuerte-mensaje-por-la-paz-y-realizo-su-primer-regina-coeli-nunca-mas-a-la-guerra","status":"publish","type":"post","link":"https:\/\/infolanus.com\/index.php\/2025\/05\/11\/el-papa-leon-xiv-dio-un-fuerte-mensaje-por-la-paz-y-realizo-su-primer-regina-coeli-nunca-mas-a-la-guerra\/","title":{"rendered":"El papa Le\u00f3n XIV di\u00f3 un fuerte mensaje por la paz y realiz\u00f3 su primer Regina Coeli: &#8220;\u00a1Nunca m\u00e1s a la guerra!&#8221;"},"content":{"rendered":"<div><img data-recalc-dims=\"1\" decoding=\"async\" src=\"https:\/\/i0.wp.com\/media.ambito.com\/p\/1d255a6879065ca3371878749536478a\/adjuntos\/239\/imagenes\/042\/413\/0042413787\/1200x675\/smart\/papa-leon-xiv-misajpg.jpg?w=640&#038;ssl=1\" class=\"ff-og-image-inserted\"><\/div>\n<div id>\n<p><strong> <a href=\"https:\/\/www.ambito.com\/informacion-general\/la-iglesia-ya-piensa-una-visita-del-papa-leon-xiv-la-argentina-seguramente-nos-haga-ese-regalo-n6143188\" target=\"_blank\" rel=\"follow\">Le\u00f3n XIV <\/a><\/strong> pidi\u00f3 este domingo 11 de mayo por <strong>el fin de la guerra en Ucrania y en Gaza<\/strong>, y record\u00f3 a Francisco en su segunda aparici\u00f3n p\u00fablica como Papa. Antes de enviar ese mensaje a los principales l\u00edderes mundiales, el <a href=\"https:\/\/www.ambito.com\/mundo\/leon-xiv-y-la-doctrina-social-la-iglesia-que-defiende-esta-corriente-n6143270\" target=\"_blank\" rel=\"follow\">Sumo Pont\u00edfice<\/a> llev\u00f3 adelante el rezo de <strong>Regina Coeli<\/strong>. \u201cRepito el llamamiento de Francisco a los grandes l\u00edderes: nunca m\u00e1s a la guerra\u201d, dijo desde el balc\u00f3n de la <strong>Bas\u00edlica de San Pedro<\/strong> ante miles de fieles.<\/p>\n<\/div>\n<div id>\n<h2>El papa Le\u00f3n XIV y su mensaje contra la guerra en Gaza y Ucrania<\/h2>\n<p>El flamante sumo pont\u00edfice se refiri\u00f3 a la invasi\u00f3n de Rusia a Ucrania y pidi\u00f3 que \u201cse haga lo posible para alcanzar lo antes posible una paz justa, aut\u00e9ntica y duradera\u201d en territorio ucraniano.<\/p>\n<\/div>\n<div id>\n<p>Robert Prevost tambi\u00e9n pidi\u00f3 \u201cque se liberen a todos los prisioneros\u201d y que \u201clos ni\u00f1os puedan regresar con sus familias\u201d. \u201cLlevo en mi coraz\u00f3n el sufrimiento del amado pueblo ucraniano\u201d, agreg\u00f3.<\/p>\n<\/div>\n<div id>\n<p>Luego habl\u00f3 de la guerra en Franja de Gaza: \u201cMe causa mucho dolor lo que est\u00e1 sucediendo. Que cese inmediatamente el fuego, que se preste ayuda humanitaria a la extenuada poblaci\u00f3n civil y que se liberen a todos los rehenes\u201d.<\/p>\n<\/div>\n<div id>\n<p>Ante miles de feligreses que estaban reunidos en la plaza San Pedro, Le\u00f3n XIV dijo que recibi\u00f3 \u201ccon satisfacci\u00f3n el anuncio del cese al fuego entre India y Pakist\u00e1n&#8221;. \u201cDeseo que en las pr\u00f3ximas negociaciones se pueda anunciar un acuerdo duradero\u201d, a\u00f1adi\u00f3.<\/p>\n<h2>El papa Le\u00f3n XIV, en su primer Regina Coeli<\/h2>\n<p>\u201cQueridos hermanos y hermanas, feliz domingo. Considero un don de Dios el hecho de que el primer domingo de mi servicio como obispo de Roma sea el del buen pastor, el cuarto del tiempo de Pascua&#8221;, fueron sus primeras palabras.<\/p>\n<p>En ese contexto, agradeci\u00f3 las constantes muestras de afecto que recibi\u00f3 desde que lo eligieron como flamante sumo pont\u00edfice el jueves pasado: \u201cSaludo con afecto a todos los peregrinos y les doy la gracia por alegrar la fiesta de cristo el buen pastor\u201d.<\/p>\n<p>Le\u00f3n XIV record\u00f3 a Francisco I y mand\u00f3 un mensaje para todos los j\u00f3venes en lo que fue una clara muestra de que continuar\u00e1 con la l\u00ednea episcopal de Bergoglio.<\/p>\n<p>\u201cHagamos nuestra la imitaci\u00f3n que el papa Francisco nos dej\u00f3 en su mensaje para esta jornada. \u00c9l nos ped\u00eda acoger y acompa\u00f1ar a los j\u00f3venes&#8221;, se\u00f1al\u00f3.<\/p>\n<p>Luego, los invit\u00f3 a participar de la Iglesia Cat\u00f3lica: \u201cA los j\u00f3venes les digo que no tengan miedo, que acepten la invitaci\u00f3n de la iglesia y del se\u00f1or\u201d.<\/p>\n<p>El papa mostr\u00f3 un acercamiento a Jorge Bergoglio desde el primer d\u00eda que asumi\u00f3 como autoridad m\u00e1xima de la Santa Sede y as\u00ed lo dej\u00f3 reflejado este s\u00e1bado, cuando visit\u00f3 su tumba en la Bas\u00edlica de Santa Mar\u00eda la Mayor, en Roma.<\/p>\n<p>La visita no era parte de la agenda oficial del Vaticano y fue interpretada como un gesto personal de respeto y continuidad espiritual.<\/p>\n<p>Le\u00f3n XIV lleg\u00f3 al lugar en horas de la ma\u00f1ana, donde fue recibido por fieles que se acercaron para saludarlo. En un video que difundi\u00f3 la agencia oficial del Vaticano se puede ver al pont\u00edfice en silencio ante la tumba de Francisco.<\/p>\n<\/div>\n","protected":false},"excerpt":{"rendered":"<p>Le\u00f3n XIV pidi\u00f3 este domingo 11 de mayo por el fin de la guerra en Ucrania y en Gaza, y record\u00f3 a Francisco en su segunda aparici\u00f3n p\u00fablica como Papa. Antes de enviar ese mensaje a los principales l\u00edderes mundiales, el Sumo Pont\u00edfice llev\u00f3 adelante el rezo de Regina Coeli. \u201cRepito el llamamiento de Francisco [&hellip;]<\/p>\n","protected":false},"author":2,"featured_media":9315,"comment_status":"closed","ping_status":"closed","sticky":false,"template":"","format":"standard","meta":{"jetpack_post_was_ever_published":false,"_jetpack_newsletter_access":"","_jetpack_dont_email_post_to_subs":false,"_jetpack_newsletter_tier_id":0,"_jetpack_memberships_contains_paywalled_content":false,"_jetpack_memberships_contains_paid_content":false,"footnotes":"","jetpack_publicize_message":"","jetpack_publicize_feature_enabled":true,"jetpack_social_post_already_shared":true,"jetpack_social_options":{"image_generator_settings":{"template":"highway","enabled":false},"version":2}},"categories":[20],"tags":[],"class_list":["post-9314","post","type-post","status-publish","format-standard","has-post-thumbnail","hentry","category-mundo"],"jetpack_publicize_connections":[],"jetpack_featured_media_url":"https:\/\/i0.wp.com\/infolanus.com\/wp-content\/uploads\/2025\/05\/el-papa-leon-xiv-dio-un-fuerte-mensaje-por-la-paz-y-realizo-su-primer-regina-coeli-nunca-mas-a-la-guerra.jpg?fit=1200%2C675&ssl=1","jetpack_sharing_enabled":true,"jetpack_shortlink":"https:\/\/wp.me\/p9QtMr-2qe","_links":{"self":[{"href":"https:\/\/infolanus.com\/index.php\/wp-json\/wp\/v2\/posts\/9314","targetHints":{"allow":["GET"]}}],"collection":[{"href":"https:\/\/infolanus.com\/index.php\/wp-json\/wp\/v2\/posts"}],"about":[{"href":"https:\/\/infolanus.com\/index.php\/wp-json\/wp\/v2\/types\/post"}],"author":[{"embeddable":true,"href":"https:\/\/infolanus.com\/index.php\/wp-json\/wp\/v2\/users\/2"}],"replies":[{"embeddable":true,"href":"https:\/\/infolanus.com\/index.php\/wp-json\/wp\/v2\/comments?post=9314"}],"version-history":[{"count":0,"href":"https:\/\/infolanus.com\/index.php\/wp-json\/wp\/v2\/posts\/9314\/revisions"}],"wp:featuredmedia":[{"embeddable":true,"href":"https:\/\/infolanus.com\/index.php\/wp-json\/wp\/v2\/media\/9315"}],"wp:attachment":[{"href":"https:\/\/infolanus.com\/index.php\/wp-json\/wp\/v2\/media?parent=9314"}],"wp:term":[{"taxonomy":"category","embeddable":true,"href":"https:\/\/infolanus.com\/index.php\/wp-json\/wp\/v2\/categories?post=9314"},{"taxonomy":"post_tag","embeddable":true,"href":"https:\/\/infolanus.com\/index.php\/wp-json\/wp\/v2\/tags?post=9314"}],"curies":[{"name":"wp","href":"https:\/\/api.w.org\/{rel}","templated":true}]}}