{"id":9320,"date":"2025-05-12T21:13:00","date_gmt":"2025-05-13T00:13:00","guid":{"rendered":"https:\/\/www.ambito.com\/c6144450"},"modified":"2025-05-12T21:13:00","modified_gmt":"2025-05-13T00:13:00","slug":"china-refuerza-su-relacion-con-latinoamerica-y-remarca-que-no-es-el-patio-trasero-de-nadie","status":"publish","type":"post","link":"https:\/\/infolanus.com\/index.php\/2025\/05\/12\/china-refuerza-su-relacion-con-latinoamerica-y-remarca-que-no-es-el-patio-trasero-de-nadie\/","title":{"rendered":"China refuerza su relaci\u00f3n con Latinoam\u00e9rica y remarca que &#8220;no es el patio trasero de nadie&#8221;"},"content":{"rendered":"<div><img data-recalc-dims=\"1\" decoding=\"async\" src=\"https:\/\/i0.wp.com\/media.ambito.com\/p\/fb17a11c483fb30986d5caecc378ba2e\/adjuntos\/239\/imagenes\/042\/417\/0042417131\/1200x675\/smart\/lula-da-silva-chinajpeg.jpeg?w=640&#038;ssl=1\" class=\"ff-og-image-inserted\"><\/div>\n<div id>\n<p>En un marco de creciente <a href=\"https:\/\/www.ambito.com\/finanzas\/tras-el-acuerdo-eeuu-y-china-vuelan-las-bolsas-del-mundo-se-hunde-el-oro-y-suben-fuerte-el-dolar-y-el-petroleo-n6144049\" target=\"_blank\" rel=\"follow\">competencia con <strong>Estados Unidos<\/strong><\/a>, <strong><a href=\"https:\/\/www.ambito.com\/economia\/china-sorprende-un-fuerte-aumento-exportaciones-pese-la-caida-del-comercio-eeuu-n6143275\" target=\"_blank\" rel=\"follow\"> China<\/a><\/strong> impuls\u00f3 una serie de encuentros diplom\u00e1ticos esta semana con referentes de <strong>Am\u00e9rica Latina<\/strong>, con el objetivo de fortalecer las <strong>relaciones bilaterales<\/strong>. De esta manera, este lunes el presidente <strong>Xi Jinping<\/strong> encabez\u00f3 reuniones con referentes para consolidar su presencia en la regi\u00f3n.<\/p>\n<\/div>\n<div id>\n<p>El encuentro se dio en el marco de la cuarta edici\u00f3n del <strong>Foro Ministerial China-Celac<\/strong> y cont\u00f3 con la participaci\u00f3n del presidente de <strong>Brasil<\/strong>, <strong>Luiz In\u00e1cio Lula da Silva y el de Colombia, Gustavo Petro<\/strong>. Adem\u00e1s hubo reuniones bilaterales con cancilleres y funcionarios de otros pa\u00edses del Caribe y de Am\u00e9rica del Sur.<\/p>\n<\/div>\n<div id>\n<p>\u201cEl objetivo de los pueblos de <strong>Am\u00e9rica Latina y el Caribe<\/strong> es construir su <strong>propia patria<\/strong>, <strong>no ser el patio trasero de ning\u00fan otro pa\u00eds\u201d<\/strong>, sostuvo el viceministro de Relaciones Exteriores chino, <strong>Miao Deyu.<\/strong><\/p>\n<\/p><\/div>\n<div id>\n<p> En ese sentido, agreg\u00f3: \u201cEstamos dispuestos a<strong> trabajar conjuntamente para oponernos al unilateralismo y a la intimidaci\u00f3n econ\u00f3mica<\/strong>\u201d.<\/p>\n<\/div>\n<div id>\n<h2>En medio de la tensi\u00f3n con EEUU, China refuerza sus v\u00ednculos con Latinoam\u00e9rica<\/h2>\n<p>El encuentro se dio en el marco de una creciente tensi\u00f3n entre China y Estados Unidos en los \u00faltimos meses desde la llegada de Donald Trump a la Casa Blanca. El secretario de Estado, <strong>Marco Rubio<\/strong>, asegur\u00f3 que Am\u00e9rica Latina ser\u00e1 una <strong>prioridad geopol\u00edtica bajo su gesti\u00f3n<\/strong> y ya viaj\u00f3 a varios pa\u00edses de la regi\u00f3n para consolidar su presencia.<\/p>\n<p>De todas formas, desde Latinoam\u00e9rica hay posiciones variadas sobre las propuestas de Trump y hay un descontento generalizado por las amenazas de sanciones comerciales y los amagos de controlar el<strong> Canal de Panam\u00e1.<\/strong><\/p>\n<p>Fue el presidente de Brasil, Lula da Silva el primero en rechazar esta postura y dej\u00f3 en claro: \u201cDurante mucho tiempo se pens\u00f3 que <strong>Brasil era el patio trasero de Estados Unidos<\/strong>. Pero <strong>Brasil no es el patio trasero de nadie. <\/strong>Es un pa\u00eds libre y soberano, con intereses propios\u201d, afirm\u00f3 en una conferencia de prensa en Pek\u00edn. \u201cQueremos tratar a Estados Unidos con gran respeto y ser tratados con gran respeto. <strong>Somos un pa\u00eds muy grande, con 213 millones de personas que aman a su pa\u00eds<\/strong>\u201d, remarc\u00f3.<\/p>\n<p>Por otro lado, el mandatario anunci\u00f3 que la empresa china Envision Energy har\u00e1 una inversi\u00f3n de 1.000 millones de d\u00f3lares en su pa\u00eds para desarrollar combustible de aviaci\u00f3n sostenible (SAF) a partir de ca\u00f1a de az\u00facar. Tambi\u00e9n se firmaron acuerdos con la compa\u00f1\u00eda <strong>Windey Technology<\/strong> para la creaci\u00f3n de centros de investigaci\u00f3n conjuntos en energ\u00edas renovables, almacenamiento de energ\u00eda y tecnolog\u00edas limpias, en alianza con el centro tecnol\u00f3gico brasile\u00f1o Senai Cimatec.<\/p>\n<p>Por su parte, el presidente colombiano <strong>Gustavo Petro<\/strong> anunci\u00f3 que Colombia se sumar\u00e1 a la Iniciativa de la<strong> Franja y la Ruta,<\/strong> el megaproyecto global de infraestructura impulsado por Pek\u00edn. \u201cSe trata de una apuesta por el desarrollo industrial, por la apropiaci\u00f3n de nuevas tecnolog\u00edas como la inteligencia artificial, por la infraestructura y por la diversificaci\u00f3n del comercio\u201d, dijo el mandatario luego de una reuni\u00f3n con funcionarios chinos. Adem\u00e1s, propuso organizar una cumbre Celac-Estados Unidos para equilibrar la comunicaci\u00f3n hemisf\u00e9rica.<\/p>\n<p>En 2024, el comercio bilateral entre Pek\u00edn y Am\u00e9rica Latina alcanz\u00f3 los <strong>519.000 millones de d\u00f3lares<\/strong>, el doble que hace diez a\u00f1os. Pek\u00edn importa principalmente materias primas \u2014soja, mineral de hierro, cobre, litio\u2014 y exporta bienes manufacturados, desde autom\u00f3viles hasta semiconductores.<\/p>\n<\/p><\/div>\n","protected":false},"excerpt":{"rendered":"<p>En un marco de creciente competencia con Estados Unidos, China impuls\u00f3 una serie de encuentros diplom\u00e1ticos esta semana con referentes de Am\u00e9rica Latina, con el objetivo de fortalecer las relaciones bilaterales. De esta manera, este lunes el presidente Xi Jinping encabez\u00f3 reuniones con referentes para consolidar su presencia en la regi\u00f3n. El encuentro se dio [&hellip;]<\/p>\n","protected":false},"author":2,"featured_media":9321,"comment_status":"closed","ping_status":"closed","sticky":false,"template":"","format":"standard","meta":{"jetpack_post_was_ever_published":false,"_jetpack_newsletter_access":"","_jetpack_dont_email_post_to_subs":false,"_jetpack_newsletter_tier_id":0,"_jetpack_memberships_contains_paywalled_content":false,"_jetpack_memberships_contains_paid_content":false,"footnotes":"","jetpack_publicize_message":"","jetpack_publicize_feature_enabled":true,"jetpack_social_post_already_shared":true,"jetpack_social_options":{"image_generator_settings":{"template":"highway","enabled":false},"version":2}},"categories":[20],"tags":[],"class_list":["post-9320","post","type-post","status-publish","format-standard","has-post-thumbnail","hentry","category-mundo"],"jetpack_publicize_connections":[],"jetpack_featured_media_url":"https:\/\/i0.wp.com\/infolanus.com\/wp-content\/uploads\/2025\/05\/china-refuerza-su-relacion-con-latinoamerica-y-remarca-que-no-es-el-patio-trasero-de-nadie.jpg?fit=1200%2C675&ssl=1","jetpack_sharing_enabled":true,"jetpack_shortlink":"https:\/\/wp.me\/p9QtMr-2qk","_links":{"self":[{"href":"https:\/\/infolanus.com\/index.php\/wp-json\/wp\/v2\/posts\/9320","targetHints":{"allow":["GET"]}}],"collection":[{"href":"https:\/\/infolanus.com\/index.php\/wp-json\/wp\/v2\/posts"}],"about":[{"href":"https:\/\/infolanus.com\/index.php\/wp-json\/wp\/v2\/types\/post"}],"author":[{"embeddable":true,"href":"https:\/\/infolanus.com\/index.php\/wp-json\/wp\/v2\/users\/2"}],"replies":[{"embeddable":true,"href":"https:\/\/infolanus.com\/index.php\/wp-json\/wp\/v2\/comments?post=9320"}],"version-history":[{"count":0,"href":"https:\/\/infolanus.com\/index.php\/wp-json\/wp\/v2\/posts\/9320\/revisions"}],"wp:featuredmedia":[{"embeddable":true,"href":"https:\/\/infolanus.com\/index.php\/wp-json\/wp\/v2\/media\/9321"}],"wp:attachment":[{"href":"https:\/\/infolanus.com\/index.php\/wp-json\/wp\/v2\/media?parent=9320"}],"wp:term":[{"taxonomy":"category","embeddable":true,"href":"https:\/\/infolanus.com\/index.php\/wp-json\/wp\/v2\/categories?post=9320"},{"taxonomy":"post_tag","embeddable":true,"href":"https:\/\/infolanus.com\/index.php\/wp-json\/wp\/v2\/tags?post=9320"}],"curies":[{"name":"wp","href":"https:\/\/api.w.org\/{rel}","templated":true}]}}