{"id":9328,"date":"2025-05-14T21:21:00","date_gmt":"2025-05-15T00:21:00","guid":{"rendered":"https:\/\/www.ambito.com\/c6145369"},"modified":"2025-05-14T21:21:00","modified_gmt":"2025-05-15T00:21:00","slug":"un-fantasma-en-el-parlamento-italiano-protesta-insolita-contra-el-gobierno-de-giorgia-meloni","status":"publish","type":"post","link":"https:\/\/infolanus.com\/index.php\/2025\/05\/14\/un-fantasma-en-el-parlamento-italiano-protesta-insolita-contra-el-gobierno-de-giorgia-meloni\/","title":{"rendered":"Un fantasma en el Parlamento italiano: protesta ins\u00f3lita contra el gobierno de Giorgia Meloni"},"content":{"rendered":"<p><!-- { REGION4 --> <\/p>\n<header class=\"news-headline\" readability=\"2.3668639053254\">\n<div class=\"news-headline__topics-and-date-wrapper\"> <span class=\"news-headline__publication-date\"> 14 de mayo 2025 &#8211; 21:21 <\/span><\/div>\n<h2 class=\"news-headline__article-summary\" readability=\"25\">\n<p class=\"ignore-parser\">Riccardo Magi, diputado opositor del partido M\u00e1s Europa, irrumpi\u00f3 en el recinto vestido con una s\u00e1bana con la palabra \u201cRefer\u00e9ndum\u201d para denunciar una maniobra del gobierno de Giorgia Meloni.<\/p>\n<\/h2>\n<\/header>\n<div class=\"detail-highlighted-multimedia content-protected-false\">\n<figure class=\"detail-highlighted-multimedia__figure\"> <img data-recalc-dims=\"1\" loading=\"lazy\" decoding=\"async\" src=\"https:\/\/i0.wp.com\/media.ambito.com\/p\/249c84cbf955f843b4a39e5ec4091205\/adjuntos\/239\/imagenes\/042\/424\/0042424013\/italia-fantasmapng.png?resize=640%2C360&#038;ssl=1\" class=\"detail-highlighted-multimedia__figure-img img-fluid\" alt=\"&amp;nbsp;Pese a su corta duraci\u00f3n, la protesta dej\u00f3 una fuerte marca en el debate pol\u00edtico y visibiliz\u00f3 un reclamo que, de otro modo, podr\u00eda haber pasado desapercibido.\" width=\"640\" height=\"360\"><figcaption class=\"detail-highlighted-multimedia__figcaption\" readability=\"-22\"> <\/figcaption><\/figure>\n<\/p><\/div>\n<article class=\"article-body article-body--first-paragraph content-protected-false\" data-td-script-src=\"https:\/\/www.ambito.com\/td\/modulos\/encuestas\/js\/function-embeds-min-version-1747195676.js\" readability=\"31.006042296073\">\n<p data-start=\"420\" data-end=\"769\">En una escena tan ins\u00f3lita como llamativa, <a href=\"https:\/\/www.ambito.com\/informacion-general\/ciudadania-italiana-un-fallo-le-da-esperanza-miles-argentinos-n6144200\" target=\"_blank\" rel=\"follow\">el diputado italiano<\/a> <strong data-start=\"484\" data-end=\"501\">Riccardo Magi<\/strong>, representante del partido opositor <strong data-start=\"538\" data-end=\"552\">M\u00e1s Europa<\/strong>, irrumpi\u00f3 este <strong data-start=\"568\" data-end=\"592\">mi\u00e9rcoles <\/strong>en el Parlamento <strong data-start=\"610\" data-end=\"638\">vestido como un fantasma<\/strong>. Su aparici\u00f3n gener\u00f3 sorpresa inmediata entre los legisladores y no pas\u00f3 desapercibida para las c\u00e1maras que registraban la sesi\u00f3n.<\/p>\n<\/article>\n<article class=\"article-body article-body--second-paragraph content-protected-false\" readability=\"35\">\n<p data-start=\"771\" data-end=\"1341\">Con una s\u00e1bana blanca cubri\u00e9ndole el cuerpo, a la que le hab\u00eda recortado dos orificios a la altura de los ojos, y la palabra <strong data-start=\"896\" data-end=\"912\">\u201cRefer\u00e9ndum\u201d<\/strong> escrita en grandes letras, <strong data-start=\"940\" data-end=\"982\">Magi ocup\u00f3 su banca y comenz\u00f3 a gritar<\/strong>, interrumpiendo una intervenci\u00f3n de la primera ministra <strong data-start=\"1039\" data-end=\"1057\">Giorgia Meloni<\/strong>. La mandataria incluso grab\u00f3 la escena con su celular. La protesta fue parte de una denuncia contra lo que su espacio pol\u00edtico interpreta como un <strong data-start=\"1204\" data-end=\"1257\">intento del gobierno de bloquear cinco referendos<\/strong> programados para el 8 y 9 de junio, a trav\u00e9s de una estrategia de apat\u00eda electoral.<\/p>\n<\/article>\n<section class=\"related-news\"> <span class=\"related-news__title\">Informate m\u00e1s<\/span> <\/p>\n<div class=\"row row--eq-height\">\n<div class=\"col-12 col-md-6\">\n<article class=\"news-article news-article--landscape-news news-article--landscape-news\">\n<figure class=\"news-article__figure figure\"> <a href=\"https:\/\/www.ambito.com\/informacion-general\/el-celular-dios-descubrieron-un-smartphone-mas-1000-anos-n6143698\" target title=\"\u00e1mbito.com | El celular de Dios: descubrieron un smartphone de m\u00e1s de 1.000 a\u00f1os\" alt=\"\u00e1mbito.com | El celular de Dios: descubrieron un smartphone de m\u00e1s de 1.000 a\u00f1os\" rel=\"noindex nofollow noreferrer\"> <img loading=\"lazy\" decoding=\"async\" src=\"https:\/\/www.ambito.com\/css-custom\/239\/lazy.svg\" data-td-src-property=\"https:\/\/media.ambito.com\/p\/196483a7ab9485a070a07c2c30fabaa8\/adjuntos\/239\/imagenes\/042\/412\/0042412640\/celular-roto.jpeg\" alt=\"El dispositivo data del siglo III a.C.\" title=\"El dispositivo data del siglo III a.C.\" width=\"93\" height=\"52\" class=\"news-article__figure-img figure-img img-fluid\"> <\/a><\/figure>\n<\/article><\/div>\n<div class=\"col-12 col-md-6\">\n<article class=\"news-article news-article--landscape-news news-article--landscape-news\">\n<figure class=\"news-article__figure figure\"> <a href=\"https:\/\/www.ambito.com\/mundo\/crimen-la-tiktoker-mexico-la-fiscalia-confirmo-que-se-realizara-la-autopsia-n6145354\" target title=\"\u00e1mbito.com | Crimen de la tiktoker en M\u00e9xico: la Fiscal\u00eda confirm\u00f3 que se realizar\u00e1 la autopsia\" alt=\"\u00e1mbito.com | Crimen de la tiktoker en M\u00e9xico: la Fiscal\u00eda confirm\u00f3 que se realizar\u00e1 la autopsia\" rel=\"noindex nofollow noreferrer\"> <img loading=\"lazy\" decoding=\"async\" src=\"https:\/\/www.ambito.com\/css-custom\/239\/lazy.svg\" data-td-src-property=\"https:\/\/media.ambito.com\/p\/94fa3fdecf43533405abc40e1b0c5b8e\/adjuntos\/239\/imagenes\/042\/423\/0042423905\/93x52\/smart\/valeria-marquezjpg.jpg\" alt=\"Valeria M\u00e1rzquez fue asesinada este mi\u00e9rcoles en Jalisco, M\u00e9xico.\" title=\"Valeria M\u00e1rzquez fue asesinada este mi\u00e9rcoles en Jalisco, M\u00e9xico.\" width=\"93\" height=\"52\" class=\"news-article__figure-img figure-img img-fluid\"> <\/a><\/figure>\n<\/article><\/div>\n<\/div>\n<\/section>\n<article class=\"article-body article-body--third-paragraph content-protected-false\" readability=\"32\">\n<p data-start=\"1343\" data-end=\"1745\">El incidente ocurri\u00f3 mientras el diputado oficialista <strong data-start=\"1397\" data-end=\"1418\">Riccardo Molinari<\/strong>, integrante de <strong data-start=\"1434\" data-end=\"1445\">La Liga<\/strong> -socio de coalici\u00f3n de Meloni- hablaba sobre las pol\u00edticas de seguridad del Ejecutivo. Molinari no tard\u00f3 en condenar el accionar de Magi: <strong data-start=\"1586\" data-end=\"1724\">\u201cLo ha hecho mientras hablamos de las fuerzas del orden. Esto deja claro qui\u00e9n las respeta y qui\u00e9n no. Se ha descalificado a s\u00ed mismo\u201d<\/strong>, expres\u00f3 con dureza.<\/p>\n<\/article>\n<article class=\"article-body article-body--fourth-paragraph content-protected-false\" readability=\"32\">\n<p data-start=\"1747\" data-end=\"2091\">Los referendos en cuesti\u00f3n abordan tem\u00e1ticas de alto impacto: desde la posible <strong data-start=\"1826\" data-end=\"1904\">reducci\u00f3n de diez a cinco a\u00f1os del plazo para pedir la ciudadan\u00eda italiana<\/strong>, hasta la <strong data-start=\"1915\" data-end=\"1981\">derogaci\u00f3n de aspectos centrales de la Reforma Laboral de 2015<\/strong>, incluyendo el que impide la <strong data-start=\"2011\" data-end=\"2090\">reincorporaci\u00f3n autom\u00e1tica de trabajadores despedidos de forma improcedente<\/strong>.<\/p>\n<\/article>\n<article class=\"article-body article-body--remaining-paragraph content-protected-false\" readability=\"49\">\n<div contenteditable=\"false\" class=\"embed_cont type_video\" id=\"8074917-1055119762_wrap\">\n<p>fantasma.mp4 <span onclick=\"parent.parent.TinyMCETdcuerpo.preview_embed('8074917-1055119762')\" class=\"embed_colapse less\" id=\"8074917-1055119762_colapse\"><\/span> <span onclick=\"parent.parent.TinyMCETdcuerpo.delete_embed('8074917-1055119762')\" class=\"embed_delete less\" id=\"8074917-1055119762_delete\"><\/span><\/p>\n<\/p><\/div>\n<h2 data-start=\"1747\" data-end=\"2091\">La ins\u00f3lita escena qued\u00f3 grabada<\/h2>\n<p data-start=\"2093\" data-end=\"2753\">La imagen del <strong data-start=\"2107\" data-end=\"2158\">\u201cfantasma\u201d recorriendo el recinto parlamentario<\/strong> fue r\u00e1pidamente capturada por otros diputados con sus celulares y <strong data-start=\"2225\" data-end=\"2258\">se viraliz\u00f3 en redes sociales<\/strong>. Magi explic\u00f3 que su disfraz buscaba alertar sobre lo que considera una maniobra del oficialismo para evitar el debate democr\u00e1tico. <strong data-start=\"2393\" data-end=\"2424\">\u201cTemen la voluntad popular\u201d<\/strong>, escribi\u00f3 luego en sus redes.<\/p>\n<p><strong data-start=\"2457\" data-end=\"2744\">\u201cPueden sacar al fantasma del refer\u00e9ndum del recinto, pero no lograr\u00e1n detenernos en nuestro intento de informar a los italianos. Solo pedimos que la presidenta del Consejo informe a los ciudadanos sobre la votaci\u00f3n referendaria. No le estamos pidiendo un favor: es su deber preciso\u201d<\/strong>, a\u00f1adi\u00f3.<\/p>\n<p data-start=\"2755\" data-end=\"3093\">La intervenci\u00f3n fue breve: el presidente de la C\u00e1mara de Diputados, <strong data-start=\"2823\" data-end=\"2842\">Lorenzo Fontana<\/strong>, orden\u00f3 su <strong data-start=\"2854\" data-end=\"2877\">expulsi\u00f3n inmediata<\/strong>, y cinco ujieres lo escoltaron fuera del hemiciclo. Pese a su corta duraci\u00f3n, <strong data-start=\"2956\" data-end=\"3015\">la protesta dej\u00f3 una fuerte marca en el debate pol\u00edtico<\/strong> y visibiliz\u00f3 un reclamo que, de otro modo, podr\u00eda haber pasado desapercibido.<\/p>\n<\/article>\n<p> <!-- REGION4 } --> <\/p>\n","protected":false},"excerpt":{"rendered":"<p>14 de mayo 2025 &#8211; 21:21 Riccardo Magi, diputado opositor del partido M\u00e1s Europa, irrumpi\u00f3 en el recinto vestido con una s\u00e1bana con la palabra \u201cRefer\u00e9ndum\u201d para denunciar una maniobra del gobierno de Giorgia Meloni. En una escena tan ins\u00f3lita como llamativa, el diputado italiano Riccardo Magi, representante del partido opositor M\u00e1s Europa, irrumpi\u00f3 este [&hellip;]<\/p>\n","protected":false},"author":2,"featured_media":9329,"comment_status":"closed","ping_status":"closed","sticky":false,"template":"","format":"standard","meta":{"jetpack_post_was_ever_published":false,"_jetpack_newsletter_access":"","_jetpack_dont_email_post_to_subs":false,"_jetpack_newsletter_tier_id":0,"_jetpack_memberships_contains_paywalled_content":false,"_jetpack_memberships_contains_paid_content":false,"footnotes":"","jetpack_publicize_message":"","jetpack_publicize_feature_enabled":true,"jetpack_social_post_already_shared":true,"jetpack_social_options":{"image_generator_settings":{"template":"highway","enabled":false},"version":2}},"categories":[20],"tags":[],"class_list":["post-9328","post","type-post","status-publish","format-standard","has-post-thumbnail","hentry","category-mundo"],"jetpack_publicize_connections":[],"jetpack_featured_media_url":"https:\/\/i0.wp.com\/infolanus.com\/wp-content\/uploads\/2025\/05\/un-fantasma-en-el-parlamento-italiano-protesta-insolita-contra-el-gobierno-de-giorgia-meloni.jpg?fit=655%2C368&ssl=1","jetpack_sharing_enabled":true,"jetpack_shortlink":"https:\/\/wp.me\/p9QtMr-2qs","_links":{"self":[{"href":"https:\/\/infolanus.com\/index.php\/wp-json\/wp\/v2\/posts\/9328","targetHints":{"allow":["GET"]}}],"collection":[{"href":"https:\/\/infolanus.com\/index.php\/wp-json\/wp\/v2\/posts"}],"about":[{"href":"https:\/\/infolanus.com\/index.php\/wp-json\/wp\/v2\/types\/post"}],"author":[{"embeddable":true,"href":"https:\/\/infolanus.com\/index.php\/wp-json\/wp\/v2\/users\/2"}],"replies":[{"embeddable":true,"href":"https:\/\/infolanus.com\/index.php\/wp-json\/wp\/v2\/comments?post=9328"}],"version-history":[{"count":0,"href":"https:\/\/infolanus.com\/index.php\/wp-json\/wp\/v2\/posts\/9328\/revisions"}],"wp:featuredmedia":[{"embeddable":true,"href":"https:\/\/infolanus.com\/index.php\/wp-json\/wp\/v2\/media\/9329"}],"wp:attachment":[{"href":"https:\/\/infolanus.com\/index.php\/wp-json\/wp\/v2\/media?parent=9328"}],"wp:term":[{"taxonomy":"category","embeddable":true,"href":"https:\/\/infolanus.com\/index.php\/wp-json\/wp\/v2\/categories?post=9328"},{"taxonomy":"post_tag","embeddable":true,"href":"https:\/\/infolanus.com\/index.php\/wp-json\/wp\/v2\/tags?post=9328"}],"curies":[{"name":"wp","href":"https:\/\/api.w.org\/{rel}","templated":true}]}}