{"id":9587,"date":"2025-06-20T12:01:50","date_gmt":"2025-06-20T15:01:50","guid":{"rendered":"https:\/\/www.inforegion.com.ar\/?p=336152"},"modified":"2025-06-20T12:01:50","modified_gmt":"2025-06-20T15:01:50","slug":"lanus-cambio-en-paradas-de-colectivos","status":"publish","type":"post","link":"https:\/\/infolanus.com\/index.php\/2025\/06\/20\/lanus-cambio-en-paradas-de-colectivos\/","title":{"rendered":"Lan\u00fas: Cambio en paradas de colectivos"},"content":{"rendered":"<div><img data-recalc-dims=\"1\" decoding=\"async\" src=\"https:\/\/i0.wp.com\/www.inforegion.com.ar\/wp-content\/uploads\/2025\/06\/paradascoleclanus.jpg?w=640&#038;ssl=1\" class=\"ff-og-image-inserted\"><\/div>\n<p>El Municipio de Lan\u00fas inform\u00f3 que a partir de hoy <strong>se modifican distintas paradas de colectivos por las obras que se realizan en el centro de trasbordo<\/strong>. Debido a las obras, se fueron modificando de forma <a href=\"https:\/\/www.inforegion.com.ar\/2025\/06\/01\/lanus-cambios-temporales-en-paradas-de-colectivos-del-2-al-6-de-junio\/\">temporal <\/a>desde hace varias semanas.<\/p>\n<p>\u201cDel 20 junio al 27 de julio pondremos en marcha la <strong>etapa final de la puesta en valor de nuestra <a href=\"https:\/\/www.inforegion.com.ar\/2025\/02\/17\/comienzan-las-obras-del-centro-de-trasbordo-en-lanus-donde-paran-los-colectivos\/\">estaci\u00f3n<\/a><\/strong>\u201c, informan desde el Palacio Municipal.<\/p>\n<h2 class=\"wp-block-heading\">Cambio de paradas<\/h2>\n<ul>\n<li>L\u00ednea 179: se trasladar\u00e1 a Juan Pi\u00f1eiro, entre Del Valle Iberlucea y Doctor Melo.<\/li>\n<li>L\u00ednea 283 B1: pasa a Gobernador Irigoyen, esquina Hip\u00f3lito Yrigoyen.<\/li>\n<li>L\u00ednea 283 B2 y B2: Hip\u00f3lito Yrigoyen, esquina gobernador Irigoyen.<\/li>\n<li>L\u00ednea 520 B1 y B2: Juan Pi\u00f1eiro, entre Del Valle Iberlucea e Hip\u00f3lito Yrigoyen.<\/li>\n<li>L\u00ednea 523: Hip\u00f3lito Yrigoyen, entre 25 de Mayo y Carlos Gardel.<\/li>\n<\/ul>\n<p><strong>Las obras en el centro de trasbordo comenzaron en febrero<\/strong> y contemplan nuevas d\u00e1rsenas de colectivos y accesos peatonales.<\/p>\n","protected":false},"excerpt":{"rendered":"<p>El Municipio de Lan\u00fas inform\u00f3 que a partir de hoy se modifican distintas paradas de colectivos por las obras que se realizan en el centro de trasbordo. Debido a las obras, se fueron modificando de forma temporal desde hace varias semanas. \u201cDel 20 junio al 27 de julio pondremos en marcha la etapa final de [&hellip;]<\/p>\n","protected":false},"author":2,"featured_media":9588,"comment_status":"closed","ping_status":"closed","sticky":false,"template":"","format":"standard","meta":{"jetpack_post_was_ever_published":false,"_jetpack_newsletter_access":"","_jetpack_dont_email_post_to_subs":false,"_jetpack_newsletter_tier_id":0,"_jetpack_memberships_contains_paywalled_content":false,"_jetpack_memberships_contains_paid_content":false,"footnotes":"","jetpack_publicize_message":"","jetpack_publicize_feature_enabled":true,"jetpack_social_post_already_shared":true,"jetpack_social_options":{"image_generator_settings":{"template":"highway","enabled":false},"version":2}},"categories":[19],"tags":[1890,773,774,23,1891,788],"class_list":["post-9587","post","type-post","status-publish","format-standard","has-post-thumbnail","hentry","category-municipio","tag-cambios","tag-centrales","tag-destacadas","tag-lanus","tag-parada-de-colectivo","tag-sociedad"],"jetpack_publicize_connections":[],"jetpack_featured_media_url":"https:\/\/i0.wp.com\/infolanus.com\/wp-content\/uploads\/2025\/06\/lanus-cambio-en-paradas-de-colectivos.jpg?fit=1200%2C675&ssl=1","jetpack_sharing_enabled":true,"jetpack_shortlink":"https:\/\/wp.me\/p9QtMr-2uD","_links":{"self":[{"href":"https:\/\/infolanus.com\/index.php\/wp-json\/wp\/v2\/posts\/9587","targetHints":{"allow":["GET"]}}],"collection":[{"href":"https:\/\/infolanus.com\/index.php\/wp-json\/wp\/v2\/posts"}],"about":[{"href":"https:\/\/infolanus.com\/index.php\/wp-json\/wp\/v2\/types\/post"}],"author":[{"embeddable":true,"href":"https:\/\/infolanus.com\/index.php\/wp-json\/wp\/v2\/users\/2"}],"replies":[{"embeddable":true,"href":"https:\/\/infolanus.com\/index.php\/wp-json\/wp\/v2\/comments?post=9587"}],"version-history":[{"count":0,"href":"https:\/\/infolanus.com\/index.php\/wp-json\/wp\/v2\/posts\/9587\/revisions"}],"wp:featuredmedia":[{"embeddable":true,"href":"https:\/\/infolanus.com\/index.php\/wp-json\/wp\/v2\/media\/9588"}],"wp:attachment":[{"href":"https:\/\/infolanus.com\/index.php\/wp-json\/wp\/v2\/media?parent=9587"}],"wp:term":[{"taxonomy":"category","embeddable":true,"href":"https:\/\/infolanus.com\/index.php\/wp-json\/wp\/v2\/categories?post=9587"},{"taxonomy":"post_tag","embeddable":true,"href":"https:\/\/infolanus.com\/index.php\/wp-json\/wp\/v2\/tags?post=9587"}],"curies":[{"name":"wp","href":"https:\/\/api.w.org\/{rel}","templated":true}]}}