{"id":9680,"date":"2025-06-30T21:44:00","date_gmt":"2025-07-01T00:44:00","guid":{"rendered":"https:\/\/www.ambito.com\/c6162186"},"modified":"2025-06-30T21:44:00","modified_gmt":"2025-07-01T00:44:00","slug":"donald-trump-se-reunira-con-benjamin-netanyahu-en-washington","status":"publish","type":"post","link":"https:\/\/infolanus.com\/index.php\/2025\/06\/30\/donald-trump-se-reunira-con-benjamin-netanyahu-en-washington\/","title":{"rendered":"Donald Trump se reunir\u00e1 con Benjam\u00edn Netanyahu en Washington"},"content":{"rendered":"<div><img data-recalc-dims=\"1\" decoding=\"async\" src=\"https:\/\/i0.wp.com\/media.ambito.com\/p\/ceb381f7d59c37c96c8204138b0b24c7\/adjuntos\/239\/imagenes\/042\/467\/0042467068\/1200x675\/smart\/donald-trump-y-benjamin-netanyahuwebp.png?w=640&#038;ssl=1\" class=\"ff-og-image-inserted\"><\/div>\n<div id>\n<p>Mientras empieza a <a href=\"https:\/\/www.ambito.com\/mundo\/iran-desconfia-del-alto-al-fuego-israel-y-advierte-que-esta-listo-responder-n6161676\" target=\"_blank\" rel=\"follow\">bajar la tensi\u00f3n por el conflicto con <strong>Ir\u00e1n<\/strong><\/a><strong>,<\/strong> el presidente de <strong>Estados Unidos<\/strong>, <strong><a href=\"https:\/\/www.ambito.com\/economia\/el-mundo-vilo-los-aranceles-donald-trump-avanzan-las-negociaciones-mientras-se-acerca-la-fecha-limite-n6161778\" target=\"_blank\" rel=\"follow\">Donald Trump<\/a><\/strong>, recibir\u00e1 al primer ministro de Israel, <strong> Benjam\u00edn Netanyahu<\/strong>, en Washington con el objetivo de seguir avanzando en las negociaciones por un alto el fuego en la franja de <strong>Gaza.<\/strong><\/p>\n<\/p><\/div>\n<div id>\n<p>La reuni\u00f3n fue confirmada por un alto funcionario del gobierno de <strong>Trump <\/strong>a EFE y, seg\u00fan precis\u00f3 el portal especializado Jewish Insider tendr\u00e1 lugar el lunes. El encuentro se da en <strong>medio de presiones del presidente republicano de <\/strong><a href=\"https:\/\/www.ambito.com\/mundo\/un-ataque-aereo-israel-una-cafeteria-frente-al-mar-gaza-deja-mas-40-muertos-n6162149\" target=\"_blank\" rel=\"follow\">ponerle fin a la guerra en el enclave palestino. <\/a><\/p>\n<\/p><\/div>\n<div id>\n<p>Trump hizo una publicaci\u00f3n el domingo en su red social Truth Social donde pidi\u00f3 un acuerdo inmediato para dar fin al conflicto y &#8220;soltar a los rehenes&#8221;. El viernes pasado ya se hab\u00eda pronunciado en el mismo sentido y hab\u00eda asegurado que se podr\u00eda alcanzar una soluci\u00f3n al conflicto en Palestina tan pronto como esta semana.<\/p>\n<\/div>\n<div id>\n<p>&#8220;Estamos trabajando en Gaza y tratando de solucionarlo. Nosotros estamos suministrando mucho dinero y muchos alimentos a esa zona porque tenemos que hacerlo&#8221;, sostuvo el mandatario en un acto en Washington.<\/p>\n<\/div>\n<div id>\n<p>Adem\u00e1s, Trump tambi\u00e9n respald\u00f3 a <strong>Netanyahu,<\/strong> un aliado clave, a pesar de que el israel\u00ed est\u00e1 atravesando un proceso judicial donde est\u00e1 <strong>imputado por soborno, fraude y abuso de confianza en tres causas penales distintas.<\/strong><\/p>\n<h2>Israel intensifica los ataques en Gaza<\/h2>\n<p>A casi dos a\u00f1os del inicio del conflicto contra el grupo terrorista Ham\u00e1s,<a href=\"https:\/\/www.ambito.com\/mundo\/un-ataque-aereo-israel-una-cafeteria-frente-al-mar-gaza-deja-mas-40-muertos-n6162149\" target=\"_blank\" rel=\"follow\"> Israel mantiene su ofensiva en Gaza y recrudece la guerra que deja decenas de muertos todos los d\u00edas.<\/a><\/p>\n<p>El domingo pasado, orden\u00f3 la evacuaci\u00f3n forzosa de residentes en varios barrios de la capital gazat\u00ed y de la ciudad norte\u00f1a de Yabalia e intensific\u00f3 sus ataques en el norte de la Franja.<\/p>\n<p>Desde el 7 de octubre de 2023, al menos <strong>56.259 palestinos murieron <\/strong>y m\u00e1s de <strong>132.000 fueron heridos<\/strong> por fuego israel\u00ed, seg\u00fan cifras del Ministerio de Sanidad del Gobierno de Ham\u00e1s.<\/p>\n<\/div>\n","protected":false},"excerpt":{"rendered":"<p>Mientras empieza a bajar la tensi\u00f3n por el conflicto con Ir\u00e1n, el presidente de Estados Unidos, Donald Trump, recibir\u00e1 al primer ministro de Israel, Benjam\u00edn Netanyahu, en Washington con el objetivo de seguir avanzando en las negociaciones por un alto el fuego en la franja de Gaza. La reuni\u00f3n fue confirmada por un alto funcionario [&hellip;]<\/p>\n","protected":false},"author":2,"featured_media":9681,"comment_status":"closed","ping_status":"closed","sticky":false,"template":"","format":"standard","meta":{"jetpack_post_was_ever_published":false,"_jetpack_newsletter_access":"","_jetpack_dont_email_post_to_subs":false,"_jetpack_newsletter_tier_id":0,"_jetpack_memberships_contains_paywalled_content":false,"_jetpack_memberships_contains_paid_content":false,"footnotes":"","jetpack_publicize_message":"","jetpack_publicize_feature_enabled":true,"jetpack_social_post_already_shared":true,"jetpack_social_options":{"image_generator_settings":{"template":"highway","enabled":false},"version":2}},"categories":[20],"tags":[],"class_list":["post-9680","post","type-post","status-publish","format-standard","has-post-thumbnail","hentry","category-mundo"],"jetpack_publicize_connections":[],"jetpack_featured_media_url":"https:\/\/i0.wp.com\/infolanus.com\/wp-content\/uploads\/2025\/07\/donald-trump-se-reunira-con-benjamin-netanyahu-en-washington.png?fit=1200%2C675&ssl=1","jetpack_sharing_enabled":true,"jetpack_shortlink":"https:\/\/wp.me\/p9QtMr-2w8","_links":{"self":[{"href":"https:\/\/infolanus.com\/index.php\/wp-json\/wp\/v2\/posts\/9680","targetHints":{"allow":["GET"]}}],"collection":[{"href":"https:\/\/infolanus.com\/index.php\/wp-json\/wp\/v2\/posts"}],"about":[{"href":"https:\/\/infolanus.com\/index.php\/wp-json\/wp\/v2\/types\/post"}],"author":[{"embeddable":true,"href":"https:\/\/infolanus.com\/index.php\/wp-json\/wp\/v2\/users\/2"}],"replies":[{"embeddable":true,"href":"https:\/\/infolanus.com\/index.php\/wp-json\/wp\/v2\/comments?post=9680"}],"version-history":[{"count":0,"href":"https:\/\/infolanus.com\/index.php\/wp-json\/wp\/v2\/posts\/9680\/revisions"}],"wp:featuredmedia":[{"embeddable":true,"href":"https:\/\/infolanus.com\/index.php\/wp-json\/wp\/v2\/media\/9681"}],"wp:attachment":[{"href":"https:\/\/infolanus.com\/index.php\/wp-json\/wp\/v2\/media?parent=9680"}],"wp:term":[{"taxonomy":"category","embeddable":true,"href":"https:\/\/infolanus.com\/index.php\/wp-json\/wp\/v2\/categories?post=9680"},{"taxonomy":"post_tag","embeddable":true,"href":"https:\/\/infolanus.com\/index.php\/wp-json\/wp\/v2\/tags?post=9680"}],"curies":[{"name":"wp","href":"https:\/\/api.w.org\/{rel}","templated":true}]}}