{"id":9697,"date":"2025-07-02T23:22:52","date_gmt":"2025-07-03T02:22:52","guid":{"rendered":"https:\/\/www.ambito.com\/c6163142"},"modified":"2025-07-02T23:22:52","modified_gmt":"2025-07-03T02:22:52","slug":"bolivia-evo-morales-exigio-al-tribunal-electoral-ser-habilitado-para-las-elecciones","status":"publish","type":"post","link":"https:\/\/infolanus.com\/index.php\/2025\/07\/02\/bolivia-evo-morales-exigio-al-tribunal-electoral-ser-habilitado-para-las-elecciones\/","title":{"rendered":"Bolivia: Evo Morales exigi\u00f3 al Tribunal Electoral ser habilitado para las elecciones"},"content":{"rendered":"<p><!-- { REGION4 --> <\/p>\n<header class=\"news-headline\" readability=\"1.3963963963964\">\n<div class=\"news-headline__topics-and-date-wrapper\"> <span class=\"news-headline__publication-date\"> 2 de julio 2025 &#8211; 23:22 <\/span><\/div>\n<h2 class=\"news-headline__article-summary\" readability=\"23\">\n<p class=\"ignore-parser\">El expresidente boliviano pidi\u00f3 por carta que se le permita competir en los comicios de agosto. Tambi\u00e9n reclam\u00f3 el reconocimiento de su dirigencia y del partido Pan-Bol como veh\u00edculo electoral.<\/p>\n<\/h2>\n<\/header>\n<div class=\"detail-highlighted-multimedia content-protected-false\">\n<figure class=\"detail-highlighted-multimedia__figure\"> <img data-recalc-dims=\"1\" loading=\"lazy\" decoding=\"async\" src=\"https:\/\/i0.wp.com\/media.ambito.com\/p\/f90b922f48564a1a67ae805c02c4ee87\/adjuntos\/239\/imagenes\/041\/954\/0041954262\/655x368\/smart\/1731160137290-evo-moralesjpg-1jpg.jpg?resize=640%2C360&#038;ssl=1\" class=\"detail-highlighted-multimedia__figure-img img-fluid\" alt=\"Evo Morales exigi\u00f3 su habilitaci\u00f3n como candidato en las pr\u00f3ximas elecciones.\" width=\"640\" height=\"360\"><figcaption class=\"detail-highlighted-multimedia__figcaption\" readability=\"-24\"> <\/figcaption><\/figure>\n<\/p><\/div>\n<article class=\"article-body article-body--first-paragraph content-protected-false\" data-td-script-src=\"https:\/\/www.ambito.com\/td\/modulos\/encuestas\/js\/function-embeds-min-version-1747541270.js\" readability=\"22.695652173913\">\n<p data-start=\"553\" data-end=\"788\">El expresidente de <a href=\"https:\/\/www.ambito.com\/mundo\/el-gobierno-bolivia-denuncio-evo-morales-terrorismo-medio-protestas-n6153605\" target=\"_blank\" rel=\"follow\">Bolivia<\/a> <strong data-start=\"580\" data-end=\"595\"><a href=\"https:\/\/www.ambito.com\/mundo\/crece-la-tension-bolivia-hay-cinco-muertos-las-confrontaciones-policias-y-partidarios-evo-morales-n6156179\" target=\"_blank\" rel=\"follow\">Evo Morales<\/a><\/strong> (2006\u20132019) present\u00f3 este mi\u00e9rcoles una carta ante el <strong data-start=\"650\" data-end=\"686\"><a href=\"https:\/\/www.ambito.com\/mundo\/bolivia-la-justicia-rechazo-la-candidatura-evo-morales-y-no-podra-participar-las-elecciones-n6147475\" target=\"_blank\" rel=\"follow\">Tribunal Supremo Electoral (TSE)<\/a><\/strong> en la que exigi\u00f3 su <strong data-start=\"707\" data-end=\"787\">habilitaci\u00f3n como candidato para las elecciones nacionales de agosto pr\u00f3ximo<\/strong>.<\/p>\n<\/article>\n<article class=\"article-body article-body--second-paragraph content-protected-false\" readability=\"34\">\n<p data-start=\"790\" data-end=\"1035\">\u201c<strong data-start=\"791\" data-end=\"918\">D\u00e9jennos participar, dejen que el pueblo decida en las urnas. Si no nos eligen, lo respetamos. Pero no pueden proscribirnos<\/strong>\u201d, declar\u00f3 <strong data-start=\"929\" data-end=\"948\">Wilfredo Ch\u00e1vez<\/strong>, abogado del exmandatario, tras entregar el escrito en las oficinas del TSE en La Paz.<\/p>\n<\/article>\n<section class=\"related-news\"> <span class=\"related-news__title\">Informate m\u00e1s<\/span> <\/p>\n<div class=\"row row--eq-height\">\n<div class=\"col-12 col-md-6\">\n<article class=\"news-article news-article--landscape-news news-article--landscape-news\">\n<figure class=\"news-article__figure figure\"> <a href=\"https:\/\/www.ambito.com\/mundo\/plan-motosierra-donald-trump-el-proyecto-ajuste-y-recorte-del-presupuesto-se-enfrenta-al-voto-decisivo-n6162759\" target title=\"\u00e1mbito.com | El proyecto Trump de ajuste y recorte del presupuesto enfrenta al voto decisivo en el Congreso\" alt=\"\u00e1mbito.com | El proyecto Trump de ajuste y recorte del presupuesto enfrenta al voto decisivo en el Congreso\" rel=\"noindex nofollow noreferrer\"> <img loading=\"lazy\" decoding=\"async\" src=\"https:\/\/www.ambito.com\/css-custom\/239\/lazy.svg\" data-td-src-property=\"https:\/\/media.ambito.com\/p\/b641bcf65d4a6e11fff97ef777b1981e\/adjuntos\/239\/imagenes\/042\/550\/0042550243\/93x52\/smart\/donald-trump-2avif.avif\" alt=\"El paquete cumple con muchas de las promesas electorales de Trump, entre ellas el aumento del gasto militar y financiamiento a una campa\u00f1a de deportaci\u00f3n de migrantes\" title=\"El paquete cumple con muchas de las promesas electorales de Trump, entre ellas el aumento del gasto militar y financiamiento a una campa\u00f1a de deportaci\u00f3n de migrantes\" width=\"93\" height=\"52\" class=\"news-article__figure-img figure-img img-fluid\"> <\/a><\/figure>\n<\/article><\/div>\n<div class=\"col-12 col-md-6\">\n<article class=\"news-article news-article--landscape-news news-article--landscape-news\">\n<figure class=\"news-article__figure figure\"> <a href=\"https:\/\/www.ambito.com\/mundo\/surinam-amenaza-el-cambio-climatico-intensifica-medidas-frenar-la-erosion-costera-n6162725\" target title=\"\u00e1mbito.com | Surinam bajo amenaza por el cambio clim\u00e1tico, intensifica medidas para frenar la erosi\u00f3n costera\" alt=\"\u00e1mbito.com | Surinam bajo amenaza por el cambio clim\u00e1tico, intensifica medidas para frenar la erosi\u00f3n costera\" rel=\"noindex nofollow noreferrer\"> <img loading=\"lazy\" decoding=\"async\" src=\"https:\/\/www.ambito.com\/css-custom\/239\/lazy.svg\" data-td-src-property=\"https:\/\/media.ambito.com\/p\/a9a518d6632d600d98e96d251ec58903\/adjuntos\/239\/imagenes\/042\/555\/0042555603\/surinam-erupcion-costera-2jpg.jpg\" alt=\"surinam bajo amenaza por el cambio climatico, intensifica medidas para frenar la erosion costera\" title=\"surinam bajo amenaza por el cambio climatico, intensifica medidas para frenar la erosion costera\" width=\"93\" height=\"52\" class=\"news-article__figure-img figure-img img-fluid\"> <\/a><\/figure>\n<\/article><\/div>\n<\/div>\n<\/section>\n<article class=\"article-body article-body--third-paragraph content-protected-false\" readability=\"31\">\n<h2 data-start=\"1037\" data-end=\"1099\">Evo Morales pidi\u00f3 al TSE la aceptaci\u00f3n formal de su candidatura presidencial<\/h2>\n<p data-start=\"1101\" data-end=\"1363\">La misiva plantea tres demandas centrales: el <strong data-start=\"1147\" data-end=\"1192\">restablecimiento de la dirigencia del MAS<\/strong> af\u00edn a Morales, la <strong data-start=\"1212\" data-end=\"1279\">habilitaci\u00f3n del Partido de Acci\u00f3n Nacional Boliviano (Pan-Bol)<\/strong> como veh\u00edculo electoral, y la <strong data-start=\"1310\" data-end=\"1362\">aceptaci\u00f3n formal de su candidatura presidencial<\/strong>.<\/p>\n<\/article>\n<article class=\"article-body article-body--fourth-paragraph content-protected-false\" readability=\"32\">\n<p data-start=\"1365\" data-end=\"1677\">El texto insta al TSE a respetar la <strong data-start=\"1401\" data-end=\"1423\">resoluci\u00f3n 140\/125<\/strong> de la Sala Cuarta del Tribunal Departamental de Justicia del Beni, que reconoce la personer\u00eda jur\u00eddica de <strong data-start=\"1530\" data-end=\"1541\">Pan-Bol<\/strong>, partido que el sector &#8220;evista&#8221; pretende utilizar para competir ante la imposibilidad de hacerlo bajo las actuales autoridades del MAS.<\/p>\n<\/article>\n<article class=\"article-body article-body--remaining-paragraph content-protected-false\" readability=\"41\">\n<p data-start=\"1679\" data-end=\"1912\">Actualmente, Morales <strong data-start=\"1700\" data-end=\"1723\">no puede postularse<\/strong> debido a que <strong data-start=\"1737\" data-end=\"1775\">no cuenta con una sigla habilitada<\/strong> y enfrenta restricciones constitucionales que <strong data-start=\"1822\" data-end=\"1878\">proh\u00edben la reelecci\u00f3n presidencial m\u00e1s de dos veces<\/strong>, de forma continua o discontinua.<\/p>\n<p data-start=\"1914\" data-end=\"2081\">Ch\u00e1vez advirti\u00f3 que el entorno de Morales espera una <strong data-start=\"1967\" data-end=\"1998\">respuesta inmediata del TSE<\/strong> antes de considerar \u201c<strong data-start=\"2020\" data-end=\"2048\">otro tipo de expresiones<\/strong>\u201d, sin detallar posibles medidas.<\/p>\n<p data-start=\"2083\" data-end=\"2431\">El pedido ocurre en un contexto de <strong data-start=\"2118\" data-end=\"2148\">creciente tensi\u00f3n pol\u00edtica<\/strong>, con el calendario electoral ya avanzado y el <strong data-start=\"2195\" data-end=\"2234\">Movimiento Al Socialismo fracturado<\/strong> entre el liderazgo de Morales y el ala renovadora alineada con el actual presidente <strong>Luis Arce.<\/strong> La disputa amenaza con <strong data-start=\"2353\" data-end=\"2384\">dividir el voto oficialista<\/strong> y debilitar sus posibilidades en los comicios.<\/p>\n<\/article>\n<p> <!-- REGION4 } --> <\/p>\n","protected":false},"excerpt":{"rendered":"<p>2 de julio 2025 &#8211; 23:22 El expresidente boliviano pidi\u00f3 por carta que se le permita competir en los comicios de agosto. Tambi\u00e9n reclam\u00f3 el reconocimiento de su dirigencia y del partido Pan-Bol como veh\u00edculo electoral. El expresidente de Bolivia Evo Morales (2006\u20132019) present\u00f3 este mi\u00e9rcoles una carta ante el Tribunal Supremo Electoral (TSE) en [&hellip;]<\/p>\n","protected":false},"author":2,"featured_media":9698,"comment_status":"closed","ping_status":"closed","sticky":false,"template":"","format":"standard","meta":{"jetpack_post_was_ever_published":false,"_jetpack_newsletter_access":"","_jetpack_dont_email_post_to_subs":false,"_jetpack_newsletter_tier_id":0,"_jetpack_memberships_contains_paywalled_content":false,"_jetpack_memberships_contains_paid_content":false,"footnotes":"","jetpack_publicize_message":"","jetpack_publicize_feature_enabled":true,"jetpack_social_post_already_shared":true,"jetpack_social_options":{"image_generator_settings":{"template":"highway","enabled":false},"version":2}},"categories":[20],"tags":[],"class_list":["post-9697","post","type-post","status-publish","format-standard","has-post-thumbnail","hentry","category-mundo"],"jetpack_publicize_connections":[],"jetpack_featured_media_url":"https:\/\/i0.wp.com\/infolanus.com\/wp-content\/uploads\/2025\/07\/bolivia-evo-morales-exigio-al-tribunal-electoral-ser-habilitado-para-las-elecciones.jpg?fit=655%2C368&ssl=1","jetpack_sharing_enabled":true,"jetpack_shortlink":"https:\/\/wp.me\/p9QtMr-2wp","_links":{"self":[{"href":"https:\/\/infolanus.com\/index.php\/wp-json\/wp\/v2\/posts\/9697","targetHints":{"allow":["GET"]}}],"collection":[{"href":"https:\/\/infolanus.com\/index.php\/wp-json\/wp\/v2\/posts"}],"about":[{"href":"https:\/\/infolanus.com\/index.php\/wp-json\/wp\/v2\/types\/post"}],"author":[{"embeddable":true,"href":"https:\/\/infolanus.com\/index.php\/wp-json\/wp\/v2\/users\/2"}],"replies":[{"embeddable":true,"href":"https:\/\/infolanus.com\/index.php\/wp-json\/wp\/v2\/comments?post=9697"}],"version-history":[{"count":0,"href":"https:\/\/infolanus.com\/index.php\/wp-json\/wp\/v2\/posts\/9697\/revisions"}],"wp:featuredmedia":[{"embeddable":true,"href":"https:\/\/infolanus.com\/index.php\/wp-json\/wp\/v2\/media\/9698"}],"wp:attachment":[{"href":"https:\/\/infolanus.com\/index.php\/wp-json\/wp\/v2\/media?parent=9697"}],"wp:term":[{"taxonomy":"category","embeddable":true,"href":"https:\/\/infolanus.com\/index.php\/wp-json\/wp\/v2\/categories?post=9697"},{"taxonomy":"post_tag","embeddable":true,"href":"https:\/\/infolanus.com\/index.php\/wp-json\/wp\/v2\/tags?post=9697"}],"curies":[{"name":"wp","href":"https:\/\/api.w.org\/{rel}","templated":true}]}}