{"id":9705,"date":"2025-07-04T00:04:14","date_gmt":"2025-07-04T03:04:14","guid":{"rendered":"https:\/\/www.ambito.com\/c6163637"},"modified":"2025-07-04T00:04:14","modified_gmt":"2025-07-04T03:04:14","slug":"detuvieron-al-boxeador-julio-cesar-chavez-jr-en-eeuu-por-un-presunto-vinculo-con-el-cartel-de-sinaloa","status":"publish","type":"post","link":"https:\/\/infolanus.com\/index.php\/2025\/07\/04\/detuvieron-al-boxeador-julio-cesar-chavez-jr-en-eeuu-por-un-presunto-vinculo-con-el-cartel-de-sinaloa\/","title":{"rendered":"Detuvieron al boxeador Julio C\u00e9sar Ch\u00e1vez Jr. en EEUU por un presunto v\u00ednculo con el Cartel de Sinaloa"},"content":{"rendered":"<div><img data-recalc-dims=\"1\" decoding=\"async\" src=\"https:\/\/i0.wp.com\/media.ambito.com\/p\/f29c9a17d0dd37f3416e95d2340bc9a7\/adjuntos\/239\/imagenes\/042\/563\/0042563256\/1200x675\/smart\/julio-cesar-chavez-jrwebp.png?w=640&#038;ssl=1\" class=\"ff-og-image-inserted\"><\/div>\n<div id>\n<p>La subsecretaria del Departamento de Seguridad Nacional (DHS), Tricia McLaughlin, se\u00f1al\u00f3 en un comunicado que est\u00e1 &#8220;afiliado del Cartel de Sinaloa&#8221; y agreg\u00f3 que el arresto fue por &#8220;por<strong> tr\u00e1fico de armas, municiones y explosivos<\/strong>&#8220;. La detenci\u00f3n fue concretada por el Servicio de Inmigraci\u00f3n y Control de Aduanas de Estados Unidos (ICE). Tambi\u00e9n informaron que ten\u00eda una <strong>orden de arresto activa en M\u00e9xico por su participaci\u00f3n en el crimen organizado y el tr\u00e1fico de armas, algo confirmado por la Fiscal\u00eda General de la Rep\u00fablica (FGR).<\/strong><\/p>\n<\/p><\/div>\n<div id>\n<p>La semana pasada, Ch\u00e1vez Jr. protagoniz\u00f3 una pelea con el boxeador estadounidense <strong>Jake Paul en Los \u00c1ngeles<\/strong> (California) y fue arrestado este mi\u00e9rcoles en la ciudad de Studio City (California). <\/p>\n<\/div>\n<div id>\n<p>&#8220;Bajo la presidencia de Trump, <strong>nadie est\u00e1 por encima de la ley<\/strong>, ni siquiera los atletas de fama mundial. Nuestro mensaje a cualquier afiliado a un cartel en Estados Unidos es claro: <strong>los encontraremos y enfrentar\u00e1n las consecuencias.<\/strong> <strong>Se acabaron los d\u00edas de violencia desenfrenada de los carteles&#8221;, destac\u00f3 la funcionaria de Donald Trump<\/strong>.<\/p>\n<\/div>\n<div id>\n<p>&#8220;Se cree que <strong>Ch\u00e1vez tambi\u00e9n est\u00e1 afiliado al C\u00e1rtel de Sinaloa<\/strong>&#8220;, se\u00f1ala el texto. <\/p>\n<p>El reconocido boxeador solicit\u00f3 la residencia permanente en Estados Unidos en 2023 a partir de su matrimonio con una ciudadana norteamericana que est\u00e1 &#8220;<strong>vinculada al Cartel de Sinaloa a trav\u00e9s de una relaci\u00f3n previa con el hijo, ya fallecido, del conocido l\u00edder del cartel, Joaqu\u00edn \u2018El Chapo\u2019 Guzm\u00e1n<\/strong>&#8220;, explic\u00f3 el DHS.<\/p>\n<p>En diciembre de 2024, el Servicio de Ciudadan\u00eda e Inmigraci\u00f3n estadounidense lo declar\u00f3 como <strong>&#8220;una grave amenaza para la seguridad p\u00fablica&#8221;, aunque se determin\u00f3 que su caso no era prioritario.<\/strong><\/p>\n<p>Finalmente, este a\u00f1o determinaron que la solicitud de residencia ten\u00eda declaraciones permanentes y <strong>por ende estaba ilegalmente en el pa\u00eds. De esta manera, habilitaron su deportaci\u00f3n a partir del 27 de junio. <\/strong><\/p>\n<h2>El comunicado de la familia de <strong>Julio C\u00e9sar Ch\u00e1vez Jr.<\/strong><\/h2>\n<p>Pese a las acusaciones del gobierno estadounidense, la familia de Ch\u00e1vez public\u00f3 una declaraci\u00f3n de confianza en la inocencia del excampe\u00f3n del mundo. <\/p>\n<p>&#8220;Nuestra familia se encuentra profundamente <strong>consternada por la situaci\u00f3n actual<\/strong>. En estos momentos dif\u00edciles, <strong>reiteramos nuestro total e incondicional apoyo a Julio<\/strong>. Confiamos plenamente en su inocencia y en su calidad humana&#8221;, expres\u00f3 la familia.<\/p>\n<p>El hijo del legendario Julio C\u00e9sar Ch\u00e1vez <strong>ser\u00e1 deportado a M\u00e9xico por no tener documentos que le permitan permanecer en Estados Unidos<\/strong>, y por tener una orden de arresto en su pa\u00eds natal.<\/p>\n<p>&#8220;Confiamos en la justicia de M\u00e9xico como de los Estados Unidos en quienes depositamos nuestra esperanza para que esta situaci\u00f3n se aclare conforme a derecho y a la verdad&#8221;, cerr\u00f3 la familia Ch\u00e1vez.<\/p>\n<\/p><\/div>\n","protected":false},"excerpt":{"rendered":"<p>La subsecretaria del Departamento de Seguridad Nacional (DHS), Tricia McLaughlin, se\u00f1al\u00f3 en un comunicado que est\u00e1 &#8220;afiliado del Cartel de Sinaloa&#8221; y agreg\u00f3 que el arresto fue por &#8220;por tr\u00e1fico de armas, municiones y explosivos&#8220;. La detenci\u00f3n fue concretada por el Servicio de Inmigraci\u00f3n y Control de Aduanas de Estados Unidos (ICE). Tambi\u00e9n informaron que [&hellip;]<\/p>\n","protected":false},"author":2,"featured_media":9706,"comment_status":"closed","ping_status":"closed","sticky":false,"template":"","format":"standard","meta":{"jetpack_post_was_ever_published":false,"_jetpack_newsletter_access":"","_jetpack_dont_email_post_to_subs":false,"_jetpack_newsletter_tier_id":0,"_jetpack_memberships_contains_paywalled_content":false,"_jetpack_memberships_contains_paid_content":false,"footnotes":"","jetpack_publicize_message":"","jetpack_publicize_feature_enabled":true,"jetpack_social_post_already_shared":true,"jetpack_social_options":{"image_generator_settings":{"template":"highway","enabled":false},"version":2}},"categories":[20],"tags":[],"class_list":["post-9705","post","type-post","status-publish","format-standard","has-post-thumbnail","hentry","category-mundo"],"jetpack_publicize_connections":[],"jetpack_featured_media_url":"https:\/\/i0.wp.com\/infolanus.com\/wp-content\/uploads\/2025\/07\/detuvieron-al-boxeador-julio-cesar-chavez-jr-en-eeuu-por-un-presunto-vinculo-con-el-cartel-de-sinaloa.png?fit=1200%2C675&ssl=1","jetpack_sharing_enabled":true,"jetpack_shortlink":"https:\/\/wp.me\/p9QtMr-2wx","_links":{"self":[{"href":"https:\/\/infolanus.com\/index.php\/wp-json\/wp\/v2\/posts\/9705","targetHints":{"allow":["GET"]}}],"collection":[{"href":"https:\/\/infolanus.com\/index.php\/wp-json\/wp\/v2\/posts"}],"about":[{"href":"https:\/\/infolanus.com\/index.php\/wp-json\/wp\/v2\/types\/post"}],"author":[{"embeddable":true,"href":"https:\/\/infolanus.com\/index.php\/wp-json\/wp\/v2\/users\/2"}],"replies":[{"embeddable":true,"href":"https:\/\/infolanus.com\/index.php\/wp-json\/wp\/v2\/comments?post=9705"}],"version-history":[{"count":0,"href":"https:\/\/infolanus.com\/index.php\/wp-json\/wp\/v2\/posts\/9705\/revisions"}],"wp:featuredmedia":[{"embeddable":true,"href":"https:\/\/infolanus.com\/index.php\/wp-json\/wp\/v2\/media\/9706"}],"wp:attachment":[{"href":"https:\/\/infolanus.com\/index.php\/wp-json\/wp\/v2\/media?parent=9705"}],"wp:term":[{"taxonomy":"category","embeddable":true,"href":"https:\/\/infolanus.com\/index.php\/wp-json\/wp\/v2\/categories?post=9705"},{"taxonomy":"post_tag","embeddable":true,"href":"https:\/\/infolanus.com\/index.php\/wp-json\/wp\/v2\/tags?post=9705"}],"curies":[{"name":"wp","href":"https:\/\/api.w.org\/{rel}","templated":true}]}}