{"id":9709,"date":"2025-07-04T18:56:04","date_gmt":"2025-07-04T21:56:04","guid":{"rendered":"https:\/\/infolanus.com\/index.php\/2025\/07\/04\/lagrimas-que-lo-dijeron-todo-cancelo-y-neves-quebrados-en-el-homenaje-a-diogo-jota\/"},"modified":"2025-07-04T18:56:04","modified_gmt":"2025-07-04T21:56:04","slug":"lagrimas-que-lo-dijeron-todo-cancelo-y-neves-quebrados-en-el-homenaje-a-diogo-jota","status":"publish","type":"post","link":"https:\/\/infolanus.com\/index.php\/2025\/07\/04\/lagrimas-que-lo-dijeron-todo-cancelo-y-neves-quebrados-en-el-homenaje-a-diogo-jota\/","title":{"rendered":"L\u00e1grimas que lo dijeron todo: Cancelo y Neves, quebrados en el homenaje a Diogo Jota"},"content":{"rendered":"<div class=\"media_block\"><\/div>\n<p>En la antesala de lo que fue el&nbsp;duelo entre <a target=\"_blank\" href=\"https:\/\/442.perfil.com\/noticias\/futbol\/fluminense-vs-al-hilal-por-el-mundial-de-clubes.phtml\"><strong>Fluminense y Al-Hilal <\/strong><\/a>por los cuartos de final del <a target=\"_blank\" href=\"https:\/\/442.perfil.com\/noticias\/futbol\/mundial-de-clubes-2025-estos-son-los-partidos-que-se-jugaran-el-viernes-4-de-julio.phtml\"><strong>Mundial de Clubes<\/strong><\/a>, se vivi\u00f3 un momento profundamente conmovedor: <strong>se realiz\u00f3 un emotivo minuto de silencio <\/strong>en homenaje a<strong> <a target=\"_blank\" href=\"https:\/\/442.perfil.com\/noticias\/fuera-de-juego\/las-impactantes-fotos-del-accidente-fatal-de-diogo-jota.phtml\">Diogo Jota y su hermano Andr\u00e9 Teixeira da Silva<\/a>, futbolistas que fallecieron el pasado jueves.<\/strong><\/p>\n<p>Antes de que el \u00e1rbitro neerland\u00e9s Danny Makkelie diera inicio al partido, la emoci\u00f3n se apoder\u00f3 del Camping World Stadium de Orlando. Las c\u00e1maras se centraron en las l\u00e1grimas de <strong>Jo\u00e3o Cancelo y R\u00faben Neves<\/strong>, visiblemente conmovidos.<\/p>\n<p>Ambos futbolistas, excompa\u00f1eros de los fallecidos en la selecci\u00f3n de Portugal, no pudieron contener la emoci\u00f3n, que se reflejaba claramente en sus rostros mientras el estadio guardaba un respetuoso minuto de silencio.<\/p>\n<p>Neves y Cancelo celebraron recientemente la conquista de la Nations League junto a Diogo Jota y compartieron grandes momentos en el combinado <em>Luso<\/em>. Por eso, recibir la noticia de su fallecimiento y participar en el minuto de silencio los conmovi\u00f3 profundamente.<\/p>\n<h2><strong>\u00bfQu\u00e9 fue lo que pas\u00f3&nbsp;con Diogo Jota y Andr\u00e9 da Silva?<\/strong><\/h2>\n<p>Los futbolistas&nbsp;<strong>Diogo Jota<\/strong>&nbsp;y&nbsp;<strong>Andr\u00e9 Silva<\/strong>&nbsp;transitaban por la autov\u00eda del municipio de&nbsp;<strong>Cernadilla<\/strong>, en la provincia espa\u00f1ola&nbsp;<strong>Zamora<\/strong>, cuando sufrieron el&nbsp;<a target=\"_blank\" href=\"https:\/\/442.perfil.com\/noticias\/futbol\/conmocion-en-el-futbol-mundial-diogo-jota-murio-en-un-accidente-de-transito-junto-a-su-hermano.phtml\">tr\u00e1gico accidente&nbsp;<\/a>alrededor de las 00:35 (hora local) del jueves.<\/p>\n<p><strong>Diogo Jota<\/strong>&nbsp;manejaba el potente&nbsp;<strong>Lamborghini Urus<\/strong>&nbsp;que se sali\u00f3 del camino y se prendi\u00f3 fuego luego del impacto, generando la muerte de sus dos ocupantes. Los primeros reportes policiales informaron que el despiste fue consecuencia de la rotura de un neum\u00e1tico.<\/p>\n<div>\n<figure class=\"image\"><img data-recalc-dims=\"1\" decoding=\"async\" alt=\"Jota\" height=\"359\" src=\"https:\/\/i0.wp.com\/fotos.perfil.com\/\/\/2025\/07\/03\/900\/0\/diogo-jota-2054549.jpg?resize=640%2C359&#038;ssl=1\" width=\"640\" loading=\"lazy\"><figcaption>Diogo Jota y Andr\u00e9 Silva<\/figcaption><\/figure>\n<\/div>\n<p> <!-- tags --> <\/p>\n","protected":false},"excerpt":{"rendered":"<p>En la antesala de lo que fue el&nbsp;duelo entre Fluminense y Al-Hilal por los cuartos de final del Mundial de Clubes, se vivi\u00f3 un momento profundamente conmovedor: se realiz\u00f3 un emotivo minuto de silencio en homenaje a Diogo Jota y su hermano Andr\u00e9 Teixeira da Silva, futbolistas que fallecieron el pasado jueves. Antes de que [&hellip;]<\/p>\n","protected":false},"author":2,"featured_media":9710,"comment_status":"closed","ping_status":"closed","sticky":false,"template":"","format":"standard","meta":{"jetpack_post_was_ever_published":false,"_jetpack_newsletter_access":"","_jetpack_dont_email_post_to_subs":false,"_jetpack_newsletter_tier_id":0,"_jetpack_memberships_contains_paywalled_content":false,"_jetpack_memberships_contains_paid_content":false,"footnotes":"","jetpack_publicize_message":"","jetpack_publicize_feature_enabled":true,"jetpack_social_post_already_shared":true,"jetpack_social_options":{"image_generator_settings":{"template":"highway","enabled":false},"version":2}},"categories":[17],"tags":[],"class_list":["post-9709","post","type-post","status-publish","format-standard","has-post-thumbnail","hentry","category-deportes"],"jetpack_publicize_connections":[],"jetpack_featured_media_url":"https:\/\/i0.wp.com\/infolanus.com\/wp-content\/uploads\/2025\/07\/lagrimas-que-lo-dijeron-todo-cancelo-y-neves-quebrados-en-el-homenaje-a-diogo-jota.jpg?fit=862%2C484&ssl=1","jetpack_sharing_enabled":true,"jetpack_shortlink":"https:\/\/wp.me\/p9QtMr-2wB","_links":{"self":[{"href":"https:\/\/infolanus.com\/index.php\/wp-json\/wp\/v2\/posts\/9709","targetHints":{"allow":["GET"]}}],"collection":[{"href":"https:\/\/infolanus.com\/index.php\/wp-json\/wp\/v2\/posts"}],"about":[{"href":"https:\/\/infolanus.com\/index.php\/wp-json\/wp\/v2\/types\/post"}],"author":[{"embeddable":true,"href":"https:\/\/infolanus.com\/index.php\/wp-json\/wp\/v2\/users\/2"}],"replies":[{"embeddable":true,"href":"https:\/\/infolanus.com\/index.php\/wp-json\/wp\/v2\/comments?post=9709"}],"version-history":[{"count":0,"href":"https:\/\/infolanus.com\/index.php\/wp-json\/wp\/v2\/posts\/9709\/revisions"}],"wp:featuredmedia":[{"embeddable":true,"href":"https:\/\/infolanus.com\/index.php\/wp-json\/wp\/v2\/media\/9710"}],"wp:attachment":[{"href":"https:\/\/infolanus.com\/index.php\/wp-json\/wp\/v2\/media?parent=9709"}],"wp:term":[{"taxonomy":"category","embeddable":true,"href":"https:\/\/infolanus.com\/index.php\/wp-json\/wp\/v2\/categories?post=9709"},{"taxonomy":"post_tag","embeddable":true,"href":"https:\/\/infolanus.com\/index.php\/wp-json\/wp\/v2\/tags?post=9709"}],"curies":[{"name":"wp","href":"https:\/\/api.w.org\/{rel}","templated":true}]}}