{"id":9713,"date":"2025-07-04T21:09:00","date_gmt":"2025-07-05T00:09:00","guid":{"rendered":"https:\/\/www.ambito.com\/c6164030"},"modified":"2025-07-04T21:09:00","modified_gmt":"2025-07-05T00:09:00","slug":"donald-trump-celebro-el-4-de-julio-con-la-promulgacion-de-su-ley-de-recorte-fiscal","status":"publish","type":"post","link":"https:\/\/infolanus.com\/index.php\/2025\/07\/04\/donald-trump-celebro-el-4-de-julio-con-la-promulgacion-de-su-ley-de-recorte-fiscal\/","title":{"rendered":"Donald Trump celebr\u00f3 el 4 de julio con la promulgaci\u00f3n de su ley de recorte fiscal"},"content":{"rendered":"<div><img data-recalc-dims=\"1\" decoding=\"async\" src=\"https:\/\/i0.wp.com\/media.ambito.com\/p\/036a208efcb36b66de9dff43d0e53a70\/adjuntos\/239\/imagenes\/042\/566\/0042566500\/trump-promulgajpg.jpg?w=640&#038;ssl=1\" class=\"ff-og-image-inserted\"><\/div>\n<div id>\n<p data-start=\"243\" data-end=\"592\">El presidente de Estados Unidos,<strong> Donald Trump<\/strong>, promulg\u00f3 este viernes un ambicioso <a href=\"https:\/\/www.ambito.com\/mundo\/donald-trump-consigue-una-ajustada-victoria-el-congreso-su-nuevo-paquete-recortes-fiscales-n6163539\" target=\"_blank\" rel=\"follow\">paquete de recortes fiscales y ajustes al gasto p\u00fablico<\/a>, tras conseguir un respaldo casi total del Partido Republicano en el Congreso. La medida representa una de sus principales prioridades en pol\u00edtica interna y podr\u00eda consolidar el legado de su segundo mandato.<\/p>\n<\/div>\n<div id>\n<p data-start=\"594\" data-end=\"933\">Acompa\u00f1ado por legisladores republicanos y miembros de su gabinete, Trump rubric\u00f3 la ley \u2014de varios billones de d\u00f3lares\u2014 en un acto al aire libre frente a la Casa Blanca el mismo d\u00eda que se celebra en el pa\u00eds el D\u00eda de la Independencia. Luego, levant\u00f3 el mazo que le hab\u00eda obsequiado el presidente de la C\u00e1mara de Representantes, <strong>Mike Johnson<\/strong>, el mismo que se utiliz\u00f3 durante la votaci\u00f3n final del jueves.<\/p>\n<\/div>\n<div id>\n<p data-start=\"935\" data-end=\"1350\">Aviones militares, entre ellos un bombardero furtivo, sobrevolaron la residencia presidencial durante el picnic anual del 4 de Julio, mientras el mandatario y la primera dama, Melania Trump, saludaban desde el balc\u00f3n.<\/p>\n<\/div>\n<div id>\n<p data-start=\"1352\" data-end=\"1640\"><strong>&#8220;Estados Unidos est\u00e1 ganando, ganando, ganando como nunca antes&#8221;,<\/strong> proclam\u00f3 Trump, aludiendo a los ataques a\u00e9reos del mes pasado contra el programa nuclear iran\u00ed. Seg\u00fan explic\u00f3, los sobrevuelos conmemoraban esa ofensiva. \u201cPromesas hechas, promesas cumplidas y las hemos cumplido\u201d, asegur\u00f3.<\/p>\n<\/div>\n<div id>\n<p data-start=\"1642\" data-end=\"1992\">La Casa Blanca fue decorada con los tradicionales colores patrios, y la Banda de la Marina de EEUU interpret\u00f3 marchas militares y tambi\u00e9n, en un gui\u00f1o t\u00edpico del estilo de Trump, canciones de \u00edconos pop de los a\u00f1os 80 como Chaka Khan y Huey Lewis. Los sobrevuelos se realizaron al comienzo y al final del discurso presidencial y del himno nacional.<\/p>\n<h2 data-start=\"1642\" data-end=\"1992\">Las cr\u00edticas de la oposici\u00f3n dem\u00f3crata al proyecto<\/h2>\n<p data-start=\"1994\" data-end=\"2270\">Desde la oposici\u00f3n, <strong>los dem\u00f3cratas rechazaron duramente el proyecto<\/strong>, al que calificaron como un <strong>beneficio para los sectores m\u00e1s ricos<\/strong> que dejar\u00e1 desprotegidos a millones de personas con bajos ingresos, afectando su cobertura m\u00e9dica, acceso a alimentos y estabilidad econ\u00f3mica.<\/p>\n<p data-start=\"2272\" data-end=\"2612\"><strong>\u201cNunca pens\u00e9 que estar\u00eda en el piso de la C\u00e1mara de Representantes diciendo que esta es una escena del crimen\u201d,<\/strong> afirm\u00f3 el l\u00edder dem\u00f3crata<strong> Hakeem Jeffries<\/strong> durante una intervenci\u00f3n marat\u00f3nica que posterg\u00f3 la votaci\u00f3n por m\u00e1s de ocho horas. \u201cEs una escena del crimen, el atacar la salud, la seguridad y el bienestar del pueblo estadounidense\u201d.<\/p>\n<p data-start=\"2614\" data-end=\"3023\">La legislaci\u00f3n ampl\u00eda los recortes fiscales introducidos por Trump en 2017 y <strong>contempla una reducci\u00f3n de u$s1,2 billones en Medicaid y asistencia alimentaria. <\/strong>Tambi\u00e9n establece un aumento significativo de las pol\u00edticas de control migratorio. Seg\u00fan el organismo no partidista encargado de los registros del Congreso, la norma podr\u00eda dejar sin cobertura m\u00e9dica a casi 12 millones de personas adicionales.<\/p>\n<\/div>\n","protected":false},"excerpt":{"rendered":"<p>El presidente de Estados Unidos, Donald Trump, promulg\u00f3 este viernes un ambicioso paquete de recortes fiscales y ajustes al gasto p\u00fablico, tras conseguir un respaldo casi total del Partido Republicano en el Congreso. La medida representa una de sus principales prioridades en pol\u00edtica interna y podr\u00eda consolidar el legado de su segundo mandato. Acompa\u00f1ado por [&hellip;]<\/p>\n","protected":false},"author":2,"featured_media":9714,"comment_status":"closed","ping_status":"closed","sticky":false,"template":"","format":"standard","meta":{"jetpack_post_was_ever_published":false,"_jetpack_newsletter_access":"","_jetpack_dont_email_post_to_subs":false,"_jetpack_newsletter_tier_id":0,"_jetpack_memberships_contains_paywalled_content":false,"_jetpack_memberships_contains_paid_content":false,"footnotes":"","jetpack_publicize_message":"","jetpack_publicize_feature_enabled":true,"jetpack_social_post_already_shared":true,"jetpack_social_options":{"image_generator_settings":{"template":"highway","enabled":false},"version":2}},"categories":[20],"tags":[],"class_list":["post-9713","post","type-post","status-publish","format-standard","has-post-thumbnail","hentry","category-mundo"],"jetpack_publicize_connections":[],"jetpack_featured_media_url":"https:\/\/i0.wp.com\/infolanus.com\/wp-content\/uploads\/2025\/07\/donald-trump-celebro-el-4-de-julio-con-la-promulgacion-de-su-ley-de-recorte-fiscal.jpg?fit=1200%2C675&ssl=1","jetpack_sharing_enabled":true,"jetpack_shortlink":"https:\/\/wp.me\/p9QtMr-2wF","_links":{"self":[{"href":"https:\/\/infolanus.com\/index.php\/wp-json\/wp\/v2\/posts\/9713","targetHints":{"allow":["GET"]}}],"collection":[{"href":"https:\/\/infolanus.com\/index.php\/wp-json\/wp\/v2\/posts"}],"about":[{"href":"https:\/\/infolanus.com\/index.php\/wp-json\/wp\/v2\/types\/post"}],"author":[{"embeddable":true,"href":"https:\/\/infolanus.com\/index.php\/wp-json\/wp\/v2\/users\/2"}],"replies":[{"embeddable":true,"href":"https:\/\/infolanus.com\/index.php\/wp-json\/wp\/v2\/comments?post=9713"}],"version-history":[{"count":0,"href":"https:\/\/infolanus.com\/index.php\/wp-json\/wp\/v2\/posts\/9713\/revisions"}],"wp:featuredmedia":[{"embeddable":true,"href":"https:\/\/infolanus.com\/index.php\/wp-json\/wp\/v2\/media\/9714"}],"wp:attachment":[{"href":"https:\/\/infolanus.com\/index.php\/wp-json\/wp\/v2\/media?parent=9713"}],"wp:term":[{"taxonomy":"category","embeddable":true,"href":"https:\/\/infolanus.com\/index.php\/wp-json\/wp\/v2\/categories?post=9713"},{"taxonomy":"post_tag","embeddable":true,"href":"https:\/\/infolanus.com\/index.php\/wp-json\/wp\/v2\/tags?post=9713"}],"curies":[{"name":"wp","href":"https:\/\/api.w.org\/{rel}","templated":true}]}}