{"id":9747,"date":"2025-07-08T10:31:46","date_gmt":"2025-07-08T13:31:46","guid":{"rendered":"https:\/\/infolanus.com\/index.php\/2025\/07\/08\/estudiantes-vs-velez-por-la-supercopa-internacional\/"},"modified":"2025-07-08T10:31:46","modified_gmt":"2025-07-08T13:31:46","slug":"estudiantes-vs-velez-por-la-supercopa-internacional","status":"publish","type":"post","link":"https:\/\/infolanus.com\/index.php\/2025\/07\/08\/estudiantes-vs-velez-por-la-supercopa-internacional\/","title":{"rendered":"Estudiantes vs. V\u00e9lez, por la Supercopa Internacional"},"content":{"rendered":"<div class=\"media_block\"><\/div>\n<p>Esta noche,&nbsp;<a target=\"_blank\" href=\"http:\/\/https:\/\/442.perfil.com\/noticias\/futbol\/tension-en-estudiantes-lp-la-manager-brasilena-respaldada-por-veron-respondio-a-las-criticas-y-aclaro-que-no-es-estafadora.phtml\"><strong>Estudiantes<\/strong><\/a> y<strong> <a target=\"_blank\" href=\"https:\/\/442.perfil.com\/noticias\/futbol\/velez-tambien-quiere-a-su-campeon-del-mundo-y-llamo-a-otamendi-busca-repatriarlo-para-la-copa-libertadores.phtml\">V\u00e9lez<\/a><\/strong> se enfrentan desde las <strong>20.30 horas<\/strong>&nbsp;en el <strong>Libertadores de Am\u00e9rica \u2013 Ricardo Enrique Bochini<\/strong>, de Avellaneda, por la <strong>Supercopa Internacional 2025<\/strong>.&nbsp;El ganador se sumar\u00e1 a los ya campeones Racing y Talleres, quienes vencieron a Boca y River, respectivamente, en las dos ediciones anteriores.&nbsp;<\/p>\n<p>El<em> Pincha<\/em> lleg\u00f3 por ser el campe\u00f3n del Trofeo de Campeones 2024, mientras que el <em>Fort\u00edn<\/em> fue el primer equipo de la Tabla General 2024. Ahora, entre ellos saldr\u00e1 un nuevo campe\u00f3n del f\u00fatbol argentino. El encuentro ser\u00e1 dirigido por <strong>Dar\u00edo Herrera<\/strong> y podr\u00e1 verse en vivo por las pantallas de&nbsp;<strong><em>Disney +.<\/em><\/strong><\/p>\n<p>Vale destacar que, en caso de igualdad en los 90 minutos reglamentarios, se recurrir\u00e1 a un tiempo suplementario de 30 minutos, dividido en dos parcialidades de 15 minutos. De persistir la paridad, se definir\u00e1 por penales.<\/p>\n<h2><strong>C\u00f3mo llega Estudiantes a la final de la Supercopa Internacional<\/strong><\/h2>\n<p>El equipo platense tuvo su \u00faltima presentaci\u00f3n hace poco m\u00e1s de un mes cuando cay\u00f3 4-2 en penales con Aldosivi de Mar del Plata, tras el 1-1 en el tiempo reglamentario, y qued\u00f3 eliminado de la Copa Argentina en los dieciseisavos de final.<\/p>\n<p>De cara a este semestre que inicia con doble competencia entre Torneo Clausura y octavos de final de Copa Libertadores donde enfrentar\u00e1 a Cerro Porte\u00f1o de Paraguay, el conjunto dirigido por<strong> Eduardo Dom\u00ednguez <\/strong>se reforz\u00f3 con un arquero mundialista <strong>Fernando Muslera<\/strong>, proveniente del Galatasaray de Turqu\u00eda. Adem\u00e1s, sum\u00f3 a <strong>Mat\u00edas Godoy<\/strong> de Central C\u00f3rdoba de Santiago del Estero y a <strong>Juan Cruz Guasone<\/strong> del Salernitana de Italia, ambos retornando tras ser cedidos.<\/p>\n<div>\n<figure class=\"image\"><img data-recalc-dims=\"1\" decoding=\"async\" alt=\"Estudiantes\" src=\"https:\/\/i0.wp.com\/fotos.perfil.com\/\/2025\/04\/02\/900\/0\/estudiantes-1996337.jpg?w=640&#038;ssl=1\" loading=\"lazy\"><figcaption>Estudiantes de La Plata<\/figcaption><\/figure>\n<\/div>\n<h2><strong>C\u00f3mo llega V\u00e9lez a la final de la Supercopa Internacional<\/strong><\/h2>\n<p>El <em>Fort\u00edn&nbsp;<\/em>disput\u00f3 su \u00faltimo partido el 29 de mayo pasado cuando empat\u00f3 0-0 con Pe\u00f1arol de Uruguay por la \u00faltima fecha del Grupo H de la Copa Libertadores de Am\u00e9rica y se clasific\u00f3 para octavos de final como l\u00edder de su zona.<\/p>\n<p>Con vistas a los octavos de final de la Copa Libertadores ante Fortaleza de Brasil, el equipo de Liniers se reforz\u00f3 con tres jugadores: el mediocampista chileno <strong>Diego Valdes <\/strong>que llega libre desde Am\u00e9rica de M\u00e9xico, el defensor central <strong>Lisandro Magall\u00e1n<\/strong> con el pase en su poder desde Pumas UNAM y el brasile\u00f1o <strong>Lenny Lobato <\/strong>que retorna de su cesi\u00f3n en Sport Recife de Brasil.<\/p>\n<div>\n<figure class=\"image\"><img data-recalc-dims=\"1\" decoding=\"async\" alt=\"V\u00e9lez\" src=\"https:\/\/i0.wp.com\/fotos.perfil.com\/\/2025\/05\/08\/900\/0\/velez-2019444.jpg?w=640&#038;ssl=1\" loading=\"lazy\"><figcaption>V\u00e9lez Sarsfield<\/figcaption><\/figure>\n<\/div>\n<p class=\"destacadoNota\"><a target=\"_blank\" href=\"http:\/\/https:\/\/442.perfil.com\/noticias\/futbol\/velez-sarsfield-se-consagro-campeon-del-torneo-proyeccion-tras-derrotar-a-san-lorenzo-en-la-final-por-3-1.phtml\">V\u00e9lez Sarsfield se consagr\u00f3 campe\u00f3n del Torneo Proyecci\u00f3n tras derrotar a San Lorenzo en la final por 3-1<\/a><\/p>\n<h2><strong>Estudiantes vs. V\u00e9lez: las posibles formaciones<\/strong><\/h2>\n<p><strong>Estudiantes:<\/strong> Fernando Muslera; Eric Meza, Santiago N\u00fa\u00f1ez; Ramiro Funes Mori, Nicol\u00e1s Benedetti; Ezequiel Piovi, Santiago Ascacibar, Cristian Medina; Facundo Far\u00edas, Tiago Palacios y Guido Carrillo. DT: Eduardo Dom\u00ednguez.<\/p>\n<p><strong>V\u00e9lez:<\/strong> Tom\u00e1s Marchiori; Agust\u00edn Lagos, Emanuel Mammana, Valentin G\u00f3mez, Elias G\u00f3mez; Tob\u00edas Andrada, Claudio Baeza, Agust\u00edn Bouzat; Maher Carrizo, Braian Romero y Francisco Pizzini. DT: Guillermo Barros Schelotto<\/p>\n<h2><strong>Estad\u00edsticas y minuto a minuto<\/strong><\/h2>\n<p>BP<\/p>\n<p> <!-- tags --> <\/p>\n","protected":false},"excerpt":{"rendered":"<p>Esta noche,&nbsp;Estudiantes y V\u00e9lez se enfrentan desde las 20.30 horas&nbsp;en el Libertadores de Am\u00e9rica \u2013 Ricardo Enrique Bochini, de Avellaneda, por la Supercopa Internacional 2025.&nbsp;El ganador se sumar\u00e1 a los ya campeones Racing y Talleres, quienes vencieron a Boca y River, respectivamente, en las dos ediciones anteriores.&nbsp; El Pincha lleg\u00f3 por ser el campe\u00f3n del [&hellip;]<\/p>\n","protected":false},"author":2,"featured_media":9748,"comment_status":"closed","ping_status":"closed","sticky":false,"template":"","format":"standard","meta":{"jetpack_post_was_ever_published":false,"_jetpack_newsletter_access":"","_jetpack_dont_email_post_to_subs":false,"_jetpack_newsletter_tier_id":0,"_jetpack_memberships_contains_paywalled_content":false,"_jetpack_memberships_contains_paid_content":false,"footnotes":"","jetpack_publicize_message":"","jetpack_publicize_feature_enabled":true,"jetpack_social_post_already_shared":true,"jetpack_social_options":{"image_generator_settings":{"template":"highway","enabled":false},"version":2}},"categories":[17],"tags":[],"class_list":["post-9747","post","type-post","status-publish","format-standard","has-post-thumbnail","hentry","category-deportes"],"jetpack_publicize_connections":[],"jetpack_featured_media_url":"https:\/\/i0.wp.com\/infolanus.com\/wp-content\/uploads\/2025\/07\/estudiantes-vs-velez-por-la-supercopa-internacional.jpg?fit=900%2C485&ssl=1","jetpack_sharing_enabled":true,"jetpack_shortlink":"https:\/\/wp.me\/p9QtMr-2xd","_links":{"self":[{"href":"https:\/\/infolanus.com\/index.php\/wp-json\/wp\/v2\/posts\/9747","targetHints":{"allow":["GET"]}}],"collection":[{"href":"https:\/\/infolanus.com\/index.php\/wp-json\/wp\/v2\/posts"}],"about":[{"href":"https:\/\/infolanus.com\/index.php\/wp-json\/wp\/v2\/types\/post"}],"author":[{"embeddable":true,"href":"https:\/\/infolanus.com\/index.php\/wp-json\/wp\/v2\/users\/2"}],"replies":[{"embeddable":true,"href":"https:\/\/infolanus.com\/index.php\/wp-json\/wp\/v2\/comments?post=9747"}],"version-history":[{"count":0,"href":"https:\/\/infolanus.com\/index.php\/wp-json\/wp\/v2\/posts\/9747\/revisions"}],"wp:featuredmedia":[{"embeddable":true,"href":"https:\/\/infolanus.com\/index.php\/wp-json\/wp\/v2\/media\/9748"}],"wp:attachment":[{"href":"https:\/\/infolanus.com\/index.php\/wp-json\/wp\/v2\/media?parent=9747"}],"wp:term":[{"taxonomy":"category","embeddable":true,"href":"https:\/\/infolanus.com\/index.php\/wp-json\/wp\/v2\/categories?post=9747"},{"taxonomy":"post_tag","embeddable":true,"href":"https:\/\/infolanus.com\/index.php\/wp-json\/wp\/v2\/tags?post=9747"}],"curies":[{"name":"wp","href":"https:\/\/api.w.org\/{rel}","templated":true}]}}