{"id":9759,"date":"2025-07-09T23:50:55","date_gmt":"2025-07-10T02:50:55","guid":{"rendered":"https:\/\/infolanus.com\/index.php\/2025\/07\/09\/primera-baja-en-river-adam-bareiro-fue-presentado-en-fortaleza\/"},"modified":"2025-07-09T23:50:55","modified_gmt":"2025-07-10T02:50:55","slug":"primera-baja-en-river-adam-bareiro-fue-presentado-en-fortaleza","status":"publish","type":"post","link":"https:\/\/infolanus.com\/index.php\/2025\/07\/09\/primera-baja-en-river-adam-bareiro-fue-presentado-en-fortaleza\/","title":{"rendered":"Primera baja en River: Adam Bareiro fue presentado en Fortaleza"},"content":{"rendered":"<div class=\"media_block\"><\/div>\n<p>Luego de varios idas y vueltas, este mi\u00e9rcoles se confirm\u00f3 la primera baja en <a target=\"_blank\" href=\"https:\/\/442.perfil.com\/noticias\/futbol\/gallardo-le-dijo-que-no-el-mediocampista-de-river-que-ya-tendria-acordada-su-salida.phtml\"><strong>River<\/strong><\/a>:<strong> <a target=\"_blank\" href=\"https:\/\/442.perfil.com\/noticias\/futbol\/el-mensaje-de-adam-bareiro-luego-de-abandonar-la-pretemporada-con-river-siento-tristeza-porque-toca-irme-rpido.phtml\">Adam Bareiro<\/a> fue presentado oficialmente en el Fortaleza de Brasil.<\/strong><\/p>\n<p><strong>La instituci\u00f3n oriunda del noroeste brasilero pag\u00f3 1.8 millones de d\u00f3lares por el 50% del pase del futbolista<\/strong> y podr\u00eda pagar 1.7 millones m\u00e1s en caso de que se cumplan algunos objetivos preestablecidos.<\/p>\n<p><strong>&#8220;Soy el primer paraguayo en usar la camiseta de Fortaleza y eso es muy lindo. Otra gran similitud es que la bandera del club es tricolor como la de Paraguay. Tuve la chance de vestir la camiseta de mi selecci\u00f3n y es un orgullo estar ac\u00e1.&nbsp;Espero dejar una buena imagen, dar lo mejor y eso es lo que van a ver los hinchas dentro del campo. Es un lindo desaf\u00edo&#8221;,&nbsp;<\/strong>declar\u00f3 el centrodelantero en el video de su presentaci\u00f3n.<\/p>\n<p>Cabe recordar que el ex San Lorenzo <strong>lleg\u00f3 a River por 4,5 millones de d\u00f3lares<\/strong> y no cumpli\u00f3 con las expectativas: <strong>disput\u00f3 un total de 16 partidos y no convirti\u00f3 ning\u00fan gol.<\/strong><\/p>\n<p><img data-recalc-dims=\"1\" decoding=\"async\" alt=\"bareiro\" height=\"359\" src=\"https:\/\/i0.wp.com\/fotos.perfil.com\/\/\/2024\/12\/30\/900\/0\/adam-bareiro-river-1939476.jpg?resize=640%2C359&#038;ssl=1\" width=\"640\" loading=\"lazy\"><\/p>\n<p>El paraguayo podr\u00eda ser un gran refuerzo para los brasileros, quienes est\u00e1n atravesando un presente m\u00e1s que irregular:<strong> con diez puntos en doce partidos, los brasileros marchan 18\u00b0 en el Brasileirao y en zona de descenso.<\/strong><\/p>\n<p>FMZ<\/p>\n<p> <!-- tags --> <\/p>\n","protected":false},"excerpt":{"rendered":"<p>Luego de varios idas y vueltas, este mi\u00e9rcoles se confirm\u00f3 la primera baja en River: Adam Bareiro fue presentado oficialmente en el Fortaleza de Brasil. La instituci\u00f3n oriunda del noroeste brasilero pag\u00f3 1.8 millones de d\u00f3lares por el 50% del pase del futbolista y podr\u00eda pagar 1.7 millones m\u00e1s en caso de que se cumplan [&hellip;]<\/p>\n","protected":false},"author":2,"featured_media":9760,"comment_status":"closed","ping_status":"closed","sticky":false,"template":"","format":"standard","meta":{"jetpack_post_was_ever_published":false,"_jetpack_newsletter_access":"","_jetpack_dont_email_post_to_subs":false,"_jetpack_newsletter_tier_id":0,"_jetpack_memberships_contains_paywalled_content":false,"_jetpack_memberships_contains_paid_content":false,"footnotes":"","jetpack_publicize_message":"","jetpack_publicize_feature_enabled":true,"jetpack_social_post_already_shared":true,"jetpack_social_options":{"image_generator_settings":{"template":"highway","enabled":false},"version":2}},"categories":[17],"tags":[],"class_list":["post-9759","post","type-post","status-publish","format-standard","has-post-thumbnail","hentry","category-deportes"],"jetpack_publicize_connections":[],"jetpack_featured_media_url":"https:\/\/i0.wp.com\/infolanus.com\/wp-content\/uploads\/2025\/07\/primera-baja-en-river-adam-bareiro-fue-presentado-en-fortaleza.jpg?fit=900%2C505&ssl=1","jetpack_sharing_enabled":true,"jetpack_shortlink":"https:\/\/wp.me\/p9QtMr-2xp","_links":{"self":[{"href":"https:\/\/infolanus.com\/index.php\/wp-json\/wp\/v2\/posts\/9759","targetHints":{"allow":["GET"]}}],"collection":[{"href":"https:\/\/infolanus.com\/index.php\/wp-json\/wp\/v2\/posts"}],"about":[{"href":"https:\/\/infolanus.com\/index.php\/wp-json\/wp\/v2\/types\/post"}],"author":[{"embeddable":true,"href":"https:\/\/infolanus.com\/index.php\/wp-json\/wp\/v2\/users\/2"}],"replies":[{"embeddable":true,"href":"https:\/\/infolanus.com\/index.php\/wp-json\/wp\/v2\/comments?post=9759"}],"version-history":[{"count":0,"href":"https:\/\/infolanus.com\/index.php\/wp-json\/wp\/v2\/posts\/9759\/revisions"}],"wp:featuredmedia":[{"embeddable":true,"href":"https:\/\/infolanus.com\/index.php\/wp-json\/wp\/v2\/media\/9760"}],"wp:attachment":[{"href":"https:\/\/infolanus.com\/index.php\/wp-json\/wp\/v2\/media?parent=9759"}],"wp:term":[{"taxonomy":"category","embeddable":true,"href":"https:\/\/infolanus.com\/index.php\/wp-json\/wp\/v2\/categories?post=9759"},{"taxonomy":"post_tag","embeddable":true,"href":"https:\/\/infolanus.com\/index.php\/wp-json\/wp\/v2\/tags?post=9759"}],"curies":[{"name":"wp","href":"https:\/\/api.w.org\/{rel}","templated":true}]}}