{"id":9775,"date":"2025-07-12T00:05:17","date_gmt":"2025-07-12T03:05:17","guid":{"rendered":"https:\/\/infolanus.com\/index.php\/2025\/07\/12\/salas-se-puso-la-de-river-y-les-dejo-un-mensaje-a-los-hinchas-es-un-sueno-para-mi-estar-aca\/"},"modified":"2025-07-12T00:05:17","modified_gmt":"2025-07-12T03:05:17","slug":"salas-se-puso-la-de-river-y-les-dejo-un-mensaje-a-los-hinchas-es-un-sueno-para-mi-estar-aca","status":"publish","type":"post","link":"https:\/\/infolanus.com\/index.php\/2025\/07\/12\/salas-se-puso-la-de-river-y-les-dejo-un-mensaje-a-los-hinchas-es-un-sueno-para-mi-estar-aca\/","title":{"rendered":"Salas se puso la de River y les dej\u00f3 un mensaje a los hinchas: &#8220;Es un sue\u00f1o para m\u00ed estar ac\u00e1&#8221;"},"content":{"rendered":"<div class=\"media_block\"><\/div>\n<p><strong><a target=\"_blank\" href=\"https:\/\/442.perfil.com\/noticias\/futbol\/salas-se-despidio-de-racing-pero-exploto-contra-la-dirigencia-nunca-me-quisieron-aumentar-un-solo-peso.phtml\">Despu\u00e9s de una conflictiva salida de Racing<\/a> <\/strong>y de una novela que se hizo eterna en el mercado de pases,<strong> <a target=\"_blank\" href=\"https:\/\/442.perfil.com\/noticias\/futbol\/se-termino-la-novela-river-presento-a-salas-como-su-primer-refuerzo.phtml\">Maximiliano Salas fue presentado como nuevo refuerzo de River Plate.<\/a><\/strong><\/p>\n<p>Posando con la n\u00famero 7 en el Estadio Monumental, el delantero de 27 a\u00f1os<strong> dej\u00f3 sus primeras palabras para el hincha <em>Millonario <\/em><\/strong>con un video en redes sociales&nbsp;y expres\u00f3 que jugar en N\u00fa\u00f1ez <strong>&#8220;es un sue\u00f1o&#8221;.<\/strong><\/p>\n<p><strong>&#8220;La verdad que es un sue\u00f1o para m\u00ed, estar ac\u00e1, en River. Siempre lo so\u00f1\u00e9 y hoy se est\u00e1 cumpliendo el sue\u00f1o. Muy contento y feliz&#8221;<\/strong>, arranc\u00f3 el ex Academia.<\/p>\n<p>Luego, Salas le coment\u00f3 a la gente&nbsp;de La Banda que <strong>&#8220;se quede tranquila&#8221;<\/strong> debido a que va a <strong>&#8220;dejar todo por esta camiseta&#8221;<\/strong>, con la cual podr\u00eda debutar el pr\u00f3ximo domingo ante Platense.<\/p>\n<div>\n<figure class=\"image\"><img data-recalc-dims=\"1\" decoding=\"async\" alt=\"salas\" height=\"705\" src=\"https:\/\/i0.wp.com\/fotos.perfil.com\/\/\/2025\/07\/12\/900\/0\/salas-2060122.jpg?resize=470%2C705&#038;ssl=1\" width=\"470\" loading=\"lazy\"><figcaption>El nuevo fichaje &#8220;Millonario&#8221; podr\u00eda debutar el pr\u00f3ximo domingo<\/figcaption><\/figure>\n<\/div>\n<p><strong>&#8220;Tratar\u00e9 de dar lo mejor en lo que me toca en este club y dejar a River en lo m\u00e1s alto de lo que podamos dejarlo&#8221;<\/strong>, agreg\u00f3 el futbolista por el cual se desembols\u00f3 8 millones de euros.<\/p>\n<p>El ex Racing no olvid\u00f3 el sacrificio que tuvo que hacer para arribar al Millo y coment\u00f3: &#8220;<strong>No es f\u00e1cil llegar hasta donde llegu\u00e9 hoy, pero nada es imposible. Siempre con humildad, trabajo y respeto.&nbsp;Siempre lo m\u00edo es el presente, partido tras partido, jugarlo y vivirlo como lo viven los hinchas&#8221;.<\/strong><\/p>\n<div>\n<figure class=\"image\"><img data-recalc-dims=\"1\" decoding=\"async\" alt=\"salas\" height=\"741\" src=\"https:\/\/i0.wp.com\/fotos.perfil.com\/\/\/2025\/07\/12\/900\/0\/salas-2060121.jpg?resize=443%2C741&#038;ssl=1\" width=\"443\" loading=\"lazy\"><figcaption>Salas posando con la n\u00famero 7 bajo su espalda<\/figcaption><\/figure>\n<\/div>\n<p>Por \u00faltimo, pero no menos importante, Salas destac\u00f3 que ya tuvo su primer entrenamiento con el plantel y que<strong> &#8220;hay un lindo grupo, todos entrenan al 100, dejan todo.&nbsp;Si estamos unidos y bien fuertes, entrenando con humildad y mucho trabajo, es el momento para poder hacer historia en el club&#8221;.<\/strong><\/p>\n<p>FMZ<\/p>\n<p> <!-- tags --> <\/p>\n","protected":false},"excerpt":{"rendered":"<p>Despu\u00e9s de una conflictiva salida de Racing y de una novela que se hizo eterna en el mercado de pases, Maximiliano Salas fue presentado como nuevo refuerzo de River Plate. Posando con la n\u00famero 7 en el Estadio Monumental, el delantero de 27 a\u00f1os dej\u00f3 sus primeras palabras para el hincha Millonario con un video [&hellip;]<\/p>\n","protected":false},"author":2,"featured_media":9776,"comment_status":"closed","ping_status":"closed","sticky":false,"template":"","format":"standard","meta":{"jetpack_post_was_ever_published":false,"_jetpack_newsletter_access":"","_jetpack_dont_email_post_to_subs":false,"_jetpack_newsletter_tier_id":0,"_jetpack_memberships_contains_paywalled_content":false,"_jetpack_memberships_contains_paid_content":false,"footnotes":"","jetpack_publicize_message":"","jetpack_publicize_feature_enabled":true,"jetpack_social_post_already_shared":true,"jetpack_social_options":{"image_generator_settings":{"template":"highway","enabled":false},"version":2}},"categories":[17],"tags":[],"class_list":["post-9775","post","type-post","status-publish","format-standard","has-post-thumbnail","hentry","category-deportes"],"jetpack_publicize_connections":[],"jetpack_featured_media_url":"https:\/\/i0.wp.com\/infolanus.com\/wp-content\/uploads\/2025\/07\/salas-se-puso-la-de-river-y-les-dejo-un-mensaje-a-los-hinchas-es-un-sueno-para-mi-estar-aca.jpg?fit=900%2C1349&ssl=1","jetpack_sharing_enabled":true,"jetpack_shortlink":"https:\/\/wp.me\/p9QtMr-2xF","_links":{"self":[{"href":"https:\/\/infolanus.com\/index.php\/wp-json\/wp\/v2\/posts\/9775","targetHints":{"allow":["GET"]}}],"collection":[{"href":"https:\/\/infolanus.com\/index.php\/wp-json\/wp\/v2\/posts"}],"about":[{"href":"https:\/\/infolanus.com\/index.php\/wp-json\/wp\/v2\/types\/post"}],"author":[{"embeddable":true,"href":"https:\/\/infolanus.com\/index.php\/wp-json\/wp\/v2\/users\/2"}],"replies":[{"embeddable":true,"href":"https:\/\/infolanus.com\/index.php\/wp-json\/wp\/v2\/comments?post=9775"}],"version-history":[{"count":0,"href":"https:\/\/infolanus.com\/index.php\/wp-json\/wp\/v2\/posts\/9775\/revisions"}],"wp:featuredmedia":[{"embeddable":true,"href":"https:\/\/infolanus.com\/index.php\/wp-json\/wp\/v2\/media\/9776"}],"wp:attachment":[{"href":"https:\/\/infolanus.com\/index.php\/wp-json\/wp\/v2\/media?parent=9775"}],"wp:term":[{"taxonomy":"category","embeddable":true,"href":"https:\/\/infolanus.com\/index.php\/wp-json\/wp\/v2\/categories?post=9775"},{"taxonomy":"post_tag","embeddable":true,"href":"https:\/\/infolanus.com\/index.php\/wp-json\/wp\/v2\/tags?post=9775"}],"curies":[{"name":"wp","href":"https:\/\/api.w.org\/{rel}","templated":true}]}}