{"id":9779,"date":"2025-07-12T22:43:00","date_gmt":"2025-07-13T01:43:00","guid":{"rendered":"https:\/\/infolanus.com\/index.php\/2025\/07\/12\/las-campeonas-de-instituto-invictas-de-la-liga-cordobesa\/"},"modified":"2025-07-12T22:43:00","modified_gmt":"2025-07-13T01:43:00","slug":"las-campeonas-de-instituto-invictas-de-la-liga-cordobesa","status":"publish","type":"post","link":"https:\/\/infolanus.com\/index.php\/2025\/07\/12\/las-campeonas-de-instituto-invictas-de-la-liga-cordobesa\/","title":{"rendered":"Las campeonas de Instituto, invictas de la Liga Cordobesa"},"content":{"rendered":"<div class=\"media_block\"><\/div>\n<p>Las remeras vuelan como banderas improvisadas en un cielo que amenaza con llorar. Pero esta vez, las \u00fanicas l\u00e1grimas que valen son las que corren por mejillas curtidas de goles esquivos, de tardes sin tribuna, de sue\u00f1os que parec\u00edan vencidos antes de llegar a la cancha. El viento helado de C\u00f3rdoba se cuela entre abrazos calientes, entre gritos que no piden permiso: \u201c\u00a1Dale la Gloria!\u201d.<\/p>\n<p>Las campeonas \u2013s\u00ed, campeonas\u2013 ya no corren. Se quedan quietas un instante para saborear lo que parec\u00eda imposible:<strong> Instituto es campe\u00f3n del f\u00fatbol femenino de la Liga Cordobesa. <\/strong>Y ellas, <strong>Las Gloriosas<\/strong>, se permiten festejar como lo hacen los que saben lo que cuesta llegar: con los brazos en alto, con los botines gastados de tanto insistir, con la mirada fija en un futuro que, por fin, las tiene como protagonistas.<\/p>\n<p>No es solo una copa lo que levantan. Es el derecho a so\u00f1ar en voz alta. Es la revancha de las que nunca se rindieron. Es el campeonato que se celebra con rabia dulce, con amor antiguo y con la certeza de que esta vez, el f\u00fatbol tambi\u00e9n es de ellas.<\/p>\n<p>\u201cLo que recuerdo es esperar que el \u00e1rbitro termine el partido, as\u00ed pod\u00edamos juntarnos y festejar y cantar todas juntas, las que estuvimos ah\u00ed y las que pudieron viajar de todo el plantel. <strong>Recuerdo la felicidad de ese momento\u201d, le relat\u00f3 Candela Valenzuela a Perfil C\u00f3rdoba<\/strong>, describiendo las emociones. La futbolista agreg\u00f3: \u201cFue un momento muy muy lindo, que lo vamos a guardar siempre nosotras y toda la gente que se sum\u00f3 al festejo. Fue hermoso\u201d.<\/p>\n<p>Las Gloriosas se consagraron campeonas invictas de la Liga Cordobesa, luego de golear 4-1 al Atl\u00e9tico Carlos Paz como visitante una fecha antes del cierre del torneo. Y ayer finalizaron la campa\u00f1a venciendo por 2-0 a Las Palmas. <strong>Las dirigidas por Eduardo Sancassani acumularon 12 victorias y dos igualdades. Sumaron 38 puntos, escoltadas por El Carmen de Montecristo.<\/strong><\/p>\n<p class=\"destacadoNota\"><a target=\"_blank\" href=\"https:\/\/www.perfil.com\/noticias\/cordoba\/sofi-corte-la-semilla-que-florecio-en-general-paz-juniors.phtml\">&#8216;Sofi&#8217; Corte, la semilla que floreci\u00f3 en General Paz Juniors<\/a><\/p>\n<p>Una gran campa\u00f1a, que tiene un sabor m\u00e1s que especial. \u201cEste t\u00edtulo significa para todo el plantel una recompensa por todo el esfuerzo que hemos estado poniendo desde principio de a\u00f1o. La verdad que dio su fruto tanto esfuerzo y significa much\u00edsimo, much\u00edsimo para nosotras. Es una gran, gran alegr\u00eda. Estamos muy contentas\u201d, sostuvo \u2018Cande\u2019.<\/p>\n<p>En la misma sinton\u00eda, <strong>Lourdes \u2018Luli\u2019 Francioni,<\/strong> exclam\u00f3: \u201cEste logro es fruto de nuestro esfuerzo, de a\u00f1os de sacrificio y lucha para el crecimiento del f\u00fatbol femenino en Instituto\u201d, al tiempo que destac\u00f3: \u201cLo mejor que tiene el equipo es la uni\u00f3n y la voluntad de siempre ir para adelante\u201d.<\/p>\n<p class=\"destacadoNota\"><a target=\"_blank\" href=\"https:\/\/www.perfil.com\/noticias\/cordoba\/es-el-mejor-trabajo-que-he-tenido.phtml\">\u201cEs el mejor trabajo que he tenido\u201d<\/a><\/p>\n<h2>Con visi\u00f3n de futuro<\/h2>\n<p>Por su parte, <strong>Damian Bizzi<\/strong>, integrante de la Comisi\u00f3n directiva de la \u2018Gloria\u2019, analiz\u00f3 esta conquista en di\u00e1logo con este medio y dijo que: \u201cEsto es parte del proceso del que siempre habla nuestro presidente <strong>Juan Manuel Cavagliatto<\/strong>. En el que, si hacemos las cosas bien, los logros deportivos en alg\u00fan momento llegan y esto es parte de ese proceso. Es similar lo que pas\u00f3 en el b\u00e1squet, tanto masculino como femenino, y en el v\u00f3ley, empezando desde la liga de origen y clasificando\u201d. Adem\u00e1s, sobre el proyecto y pensando en alg\u00fan momento estar compitiendo en AFA, el dirigente expres\u00f3: \u201cEste a\u00f1o se entren\u00f3 en el gimnasio de juveniles que es de primer nivel y que se inaugur\u00f3 este a\u00f1o. Se unific\u00f3 la indumentaria con la misma que tiene el plantel superior de f\u00fatbol masculino. Se trabaj\u00f3 en cuestiones nutricionales y de salud. Y se mejoraron much\u00edsimo las canchas donde entrenan. De esta manera <strong>se dan las herramientas para dar pasos seguros.<\/strong> Este fin de semana tenemos un partido dur\u00edsimo en Santiago del Estero, en el Regional que estamos jugando. Desde el club el compromiso con nuestra camiseta siempre est\u00e1. Estamos en una etapa clasificatoria para alcanzar objetivos. El partido en Santiago del Estero es parte de eso\u201d.<\/p>\n<p>Sancassani, DT de las albirrojas, tambi\u00e9n est\u00e1 plet\u00f3rico. \u00c9l se sum\u00f3 a principios del a\u00f1o con un esp\u00edritu renovador, y en el sitio oficial del club destac\u00f3 al personal del club que acompa\u00f1a el proyecto del femenino. \u201cEl apoyo del club en cuanto a la infraestructura, elementos y la libertad para trabajar fue fundamental tambi\u00e9n. Con el soporte de Daniel Primo, Paulo Garletti, Alejando Molina, Marcos Flores y Roberto Moran, el camino fue m\u00e1s f\u00e1cil para recorrer. P\u00e1rrafo aparte para Juan Ignacio Bruno, el PF, que hizo un trabajo excelente. No me quiero olvidar por supuesto de Santos Turza que siempre estar\u00e1 en nuestra memoria\u201d. <strong>Hay trabajo, hay uni\u00f3n, hay reconocimiento a quienes acompa\u00f1aron y hay proyecci\u00f3n a futuro.<\/strong><\/p>\n<blockquote readability=\"7\">\n<p><em><strong>Las Gloriosas jugar\u00e1n hoy en Santiago del Estero por la Copa Federal Amateur, un torneo organizado por el Consejo Federal que da cupos para la Copa Federal femenina.<\/strong><\/em><\/p>\n<\/blockquote>\n<p><picture><source media=\"(max-width: 440px)\" srcset=\"https:\/\/fotos.perfil.com\/\/2025\/07\/12\/440\/0\/candela-2060341.png?webp\"><source media=\"(max-width: 1019px)\" srcset=\"https:\/\/fotos.perfil.com\/\/2025\/07\/12\/712\/0\/candela-2060341.png?webp\"><img data-recalc-dims=\"1\" decoding=\"async\" alt=\"Candela\" src=\"https:\/\/i0.wp.com\/fotos.perfil.com\/\/2025\/07\/12\/900\/0\/candela-2060341.png?w=640&#038;ssl=1\" loading=\"lazy\"><\/picture><\/p>\n<h2>\u2018Cande\u2019, loca por el f\u00fatbol<\/h2>\n<p>\u201cLo que m\u00e1s me gusta del f\u00fatbol es la pasi\u00f3n que genera. Lo que uno siente por el f\u00fatbol no lo encontr\u00e1s en ning\u00fan otro lado. La verdad que es mi cable a tierra y que no lo cambiar\u00eda por nada\u201d, reflexiona Candela Valenzuela, que es una de las referentes del plantel campe\u00f3n de Instituto, junto con Sofia Belmar, Lourdes Francioni, Mayra Oliva y Cintia Rojo. El f\u00fatbol es tan importante para \u2018Cande\u2019. \u201cDesde donde est\u00e9, el d\u00eda de ma\u00f1ana seguir\u00e9 conectada al f\u00fatbol porque es una pasi\u00f3n \u00fanica. Disfruto mucho jugar y me encanta, me encanta. Soy muy loca por el f\u00fatbol y donde sea que est\u00e9 siempre voy a estar conectada al f\u00fatbol\u201d, relat\u00f3 la mediocampista que antes de llegar al f\u00fatbol \u2013a los 18 a\u00f1os\u2013, jugaba al hockey. Pero a ella siempre le gust\u00f3 el f\u00fatbol e hizo una gran carrera. Arranc\u00f3 en Quilmes de Villa Allende, despu\u00e9s pas\u00f3 por Atalaya, luego lleg\u00f3 a Instituto. De la \u2018Gloria\u2019 tuvo un gran paso por Belgrano, anduvo por Universitario y Talleres, y hace un tiempo regres\u00f3 a la \u2018Gloria\u2019 para poder gritar campeona.<br \/><strong>\u2013A prop\u00f3sito de haber estado en Talleres y Belgrano, \u00bfhay mucha distancia entre la estructura de esos clubes en lo femenino con respecto a Instituto?<\/strong><br \/>\u2013Hasta el a\u00f1o pasado s\u00ed, hab\u00eda una gran diferencia, no voy a mentir. Yo me fui de Instituto buscando algo mejor en su momento porque no se daban las cosas, el club la verdad que no daba mucha bola, esto te lo digo, no era una prioridad, el femenino nunca lo fue. Me fui a Belgrano, que fue el contraste m\u00e1s grande que tuve, porque es el club donde m\u00e1s le daban bola al femenino y era muy grande la diferencia, en Belgrano te trataban como profesional sin serlo, te daban la importancia que merec\u00edas y ah\u00ed est\u00e1n los resultados tambi\u00e9n. Por algo fue Belgrano tantos a\u00f1os el equipo m\u00e1s ganador de Liga Cordobesa, porque tambi\u00e9n ten\u00edan lo que correspond\u00eda. Pero es cierto que Instituto este a\u00f1o creci\u00f3 a pasos agigantados. Desde el a\u00f1o pasado se ve\u00edan de a poco los pasos y este a\u00f1o hubo un gran salto a nivel institucional. Ahora ya tenemos el gimnasio, cancha siempre, ahora al femenino se le ha dado much\u00edsima m\u00e1s bola y eso creo se ve reflejado con estos resultados.<\/p>\n<p><picture><source media=\"(max-width: 440px)\" srcset=\"https:\/\/fotos.perfil.com\/\/2025\/07\/12\/440\/0\/instituto-femenino-2060340.jpg?webp\"><source media=\"(max-width: 1019px)\" srcset=\"https:\/\/fotos.perfil.com\/\/2025\/07\/12\/712\/0\/instituto-femenino-2060340.jpg?webp\"><img data-recalc-dims=\"1\" decoding=\"async\" alt=\"Instituto femenino\" src=\"https:\/\/i0.wp.com\/fotos.perfil.com\/\/2025\/07\/12\/900\/0\/instituto-femenino-2060340.jpg?w=640&#038;ssl=1\" loading=\"lazy\"><\/picture><\/p>\n<ul>\n<li>\n<h2>PLANTEL CAMPE\u00d3N<\/h2>\n<\/li>\n<li>*Arqueras: Aldana Godoy, Micaela Pereyra y Julieta Peralta.<\/li>\n<li>*Defensoras: Celeste Oca\u00f1o, Magal\u00ed Quevedo, Karen Astrada, Macarena Oliva, Lourdes Francioni, Valentina Ovejero, Agustina Catal\u00e1n, Natalia Mart\u00ednez, Candela Coronel, Ludmila Aguilera, Amorina Lazarte, Caterina Flores y Sofia Britos.<\/li>\n<li>*Mediocampistas: Gabriela Ayala, Mayra Oliva, Sof\u00eda Belmar, Candela Valenzuela, Ingrid Romero, Jennifer Godoy, Laura Inga, Luz Mart\u00ednez, Priscila Costa, Dana Heredia y Camila Montenegro.<\/li>\n<li>*Delanteras: Gianella Maitini, Daira Figueroa, Sasha Herrera, Aldana Peralta, Sofia Loyola, Cintia Rojo y Melani Zurita.<\/li>\n<li>*DT: Eduardo Sancassani. PF: Juan Ignacio Bruno.<\/li>\n<\/ul>\n","protected":false},"excerpt":{"rendered":"<p>Las remeras vuelan como banderas improvisadas en un cielo que amenaza con llorar. Pero esta vez, las \u00fanicas l\u00e1grimas que valen son las que corren por mejillas curtidas de goles esquivos, de tardes sin tribuna, de sue\u00f1os que parec\u00edan vencidos antes de llegar a la cancha. El viento helado de C\u00f3rdoba se cuela entre abrazos [&hellip;]<\/p>\n","protected":false},"author":2,"featured_media":9780,"comment_status":"closed","ping_status":"closed","sticky":false,"template":"","format":"standard","meta":{"jetpack_post_was_ever_published":false,"_jetpack_newsletter_access":"","_jetpack_dont_email_post_to_subs":false,"_jetpack_newsletter_tier_id":0,"_jetpack_memberships_contains_paywalled_content":false,"_jetpack_memberships_contains_paid_content":false,"footnotes":"","jetpack_publicize_message":"","jetpack_publicize_feature_enabled":true,"jetpack_social_post_already_shared":true,"jetpack_social_options":{"image_generator_settings":{"template":"highway","enabled":false},"version":2}},"categories":[17],"tags":[],"class_list":["post-9779","post","type-post","status-publish","format-standard","has-post-thumbnail","hentry","category-deportes"],"jetpack_publicize_connections":[],"jetpack_featured_media_url":"https:\/\/i0.wp.com\/infolanus.com\/wp-content\/uploads\/2025\/07\/las-campeonas-de-instituto-invictas-de-la-liga-cordobesa.jpg?fit=511%2C255&ssl=1","jetpack_sharing_enabled":true,"jetpack_shortlink":"https:\/\/wp.me\/p9QtMr-2xJ","_links":{"self":[{"href":"https:\/\/infolanus.com\/index.php\/wp-json\/wp\/v2\/posts\/9779","targetHints":{"allow":["GET"]}}],"collection":[{"href":"https:\/\/infolanus.com\/index.php\/wp-json\/wp\/v2\/posts"}],"about":[{"href":"https:\/\/infolanus.com\/index.php\/wp-json\/wp\/v2\/types\/post"}],"author":[{"embeddable":true,"href":"https:\/\/infolanus.com\/index.php\/wp-json\/wp\/v2\/users\/2"}],"replies":[{"embeddable":true,"href":"https:\/\/infolanus.com\/index.php\/wp-json\/wp\/v2\/comments?post=9779"}],"version-history":[{"count":0,"href":"https:\/\/infolanus.com\/index.php\/wp-json\/wp\/v2\/posts\/9779\/revisions"}],"wp:featuredmedia":[{"embeddable":true,"href":"https:\/\/infolanus.com\/index.php\/wp-json\/wp\/v2\/media\/9780"}],"wp:attachment":[{"href":"https:\/\/infolanus.com\/index.php\/wp-json\/wp\/v2\/media?parent=9779"}],"wp:term":[{"taxonomy":"category","embeddable":true,"href":"https:\/\/infolanus.com\/index.php\/wp-json\/wp\/v2\/categories?post=9779"},{"taxonomy":"post_tag","embeddable":true,"href":"https:\/\/infolanus.com\/index.php\/wp-json\/wp\/v2\/tags?post=9779"}],"curies":[{"name":"wp","href":"https:\/\/api.w.org\/{rel}","templated":true}]}}