{"id":9788,"date":"2025-07-14T17:27:22","date_gmt":"2025-07-14T20:27:22","guid":{"rendered":"https:\/\/infolanus.com\/index.php\/2025\/07\/14\/polemica-por-la-fiesta-de-lamine-yamal-lo-acusan-de-contratar-personas-con-enanismo-como-entretenimiento\/"},"modified":"2025-07-14T17:27:22","modified_gmt":"2025-07-14T20:27:22","slug":"polemica-por-la-fiesta-de-lamine-yamal-lo-acusan-de-contratar-personas-con-enanismo-como-entretenimiento","status":"publish","type":"post","link":"https:\/\/infolanus.com\/index.php\/2025\/07\/14\/polemica-por-la-fiesta-de-lamine-yamal-lo-acusan-de-contratar-personas-con-enanismo-como-entretenimiento\/","title":{"rendered":"Pol\u00e9mica por la fiesta de Lamine Yamal: lo acusan de contratar personas con enanismo como &#8220;entretenimiento&#8221;"},"content":{"rendered":"<div class=\"media_block\"><\/div>\n<p><a target=\"_blank\" href=\"https:\/\/442.perfil.com\/noticias\/copa-america-2024\/la-historia-detras-de-la-foto-viral-de-messi-con-lamine-yamal-bebe.phtml\"><strong>Lamine Yamal<\/strong><\/a>, la joven figura&nbsp;del Barcelona y la selecci\u00f3n espa\u00f1ola, volvi\u00f3 a quedar en el ojo de la tormenta, esta vez por el festejo de su cumplea\u00f1os n\u00famero 18.<\/p>\n<p>Lo que deb\u00eda ser un evento privado y exclusivo, con m\u00e1s de 200 invitados y la presencia de artistas como Bizarrap, Duki y Luk Ra, termin\u00f3 en una <strong>grave denuncia por parte de la Asociaci\u00f3n de Personas con Acondroplasia y Otras Displasias Esquel\u00e9ticas con Enanismo<\/strong> (ADEE).<\/p>\n<h2><strong>Por qu\u00e9 denunciaron a Lamine Yamal<\/strong><\/h2>\n<p>Seg\u00fan lo expuesto por la organizaci\u00f3n, durante la fiesta \u2014que ten\u00eda prohibido el uso de c\u00e1maras o celulares\u2014<strong> se contrat\u00f3 a personas con talla baja como parte del entretenimiento<\/strong>, algo que la asociaci\u00f3n calific\u00f3 como una clara vulneraci\u00f3n a los derechos y la dignidad de este colectivo.<\/p>\n<p>A trav\u00e9s de un comunicado publicado en la red social X (antes Twitter), ADEE expres\u00f3:<strong> \u201cLa Asociaci\u00f3n de Personas con Acondroplasia y Otras Displasias Esquel\u00e9ticas con Enanismo denuncia la contrataci\u00f3n de personas con enanismo como entretenimiento en la fiesta de Lamine Yamal. Actuaremos por la v\u00eda legal y social\u201d.<\/strong><\/p>\n<div>\n<figure class=\"image\"><img data-recalc-dims=\"1\" decoding=\"async\" alt=\"Yamal\" src=\"https:\/\/i0.wp.com\/fotos.perfil.com\/\/2025\/07\/14\/900\/0\/yamal-2061364.png?w=640&#038;ssl=1\" loading=\"lazy\"><figcaption>Denuncia contra Lamine Yamal<\/figcaption><\/figure>\n<\/div>\n<p class=\"destacadoNota\"><a target=\"_blank\" href=\"http:\/\/https:\/\/442.perfil.com\/noticias\/futbol\/el-padre-de-lamine-yamal-comparo-a-su-hijo-con-diego-maradona.phtml\">El padre de Lamine Yamal compar\u00f3 a su hijo con Diego Maradona<\/a><\/p>\n<p>La denuncia se apoya en el <strong>art\u00edculo 18 del Real Decreto Legislativo 1\/2013 de Espa\u00f1a<\/strong>, que proh\u00edbe expresamente los espect\u00e1culos o actividades recreativas en los que se utilice a personas con discapacidad para provocar burla o mofa, considerando estas pr\u00e1cticas contrarias a la dignidad humana.<\/p>\n<p>ADEE anunci\u00f3 que iniciar\u00e1 acciones legales y sociales \u201cpara salvaguardar la dignidad de las personas con discapacidad\u201d y remarc\u00f3 que lo ocurrido <strong>\u201cvulnera no solo la legislaci\u00f3n vigente, sino tambi\u00e9n los valores \u00e9ticos fundamentales de una sociedad igualitaria\u201d<\/strong>.<\/p>\n<h2><strong>No es la primera pol\u00e9mica de Yamal<\/strong><\/h2>\n<p>A pesar de su juventud, Yamal ya ha protagonizado varios episodios controversiales. Durante la final de la UEFA Nations League 2024\/2025, en la que Portugal venci\u00f3 a Espa\u00f1a, fue duramente criticado por<strong> abandonar el campo de juego antes de la premiaci\u00f3n<\/strong>, sin aplaudir ni esperar a sus compa\u00f1eros.<\/p>\n<p>Semanas atr\u00e1s, tambi\u00e9n fue tendencia por <strong>su supuesto v\u00ednculo con una modelo de OnlyFans 13 a\u00f1os mayor,<\/strong> lo que desat\u00f3 cr\u00edticas y comentarios en redes sociales. Como si fuera poco, en v\u00edsperas de su cumplea\u00f1os recibi\u00f3 un colgante valuado en 400 mil euros, con sus iniciales \u201cLY\u201d, gesto que tambi\u00e9n fue cuestionado por su ostentaci\u00f3n.<\/p>\n<p>BP<\/p>\n<p> <!-- tags --> <\/p>\n","protected":false},"excerpt":{"rendered":"<p>Lamine Yamal, la joven figura&nbsp;del Barcelona y la selecci\u00f3n espa\u00f1ola, volvi\u00f3 a quedar en el ojo de la tormenta, esta vez por el festejo de su cumplea\u00f1os n\u00famero 18. Lo que deb\u00eda ser un evento privado y exclusivo, con m\u00e1s de 200 invitados y la presencia de artistas como Bizarrap, Duki y Luk Ra, termin\u00f3 [&hellip;]<\/p>\n","protected":false},"author":2,"featured_media":9789,"comment_status":"closed","ping_status":"closed","sticky":false,"template":"","format":"standard","meta":{"jetpack_post_was_ever_published":false,"_jetpack_newsletter_access":"","_jetpack_dont_email_post_to_subs":false,"_jetpack_newsletter_tier_id":0,"_jetpack_memberships_contains_paywalled_content":false,"_jetpack_memberships_contains_paid_content":false,"footnotes":"","jetpack_publicize_message":"","jetpack_publicize_feature_enabled":true,"jetpack_social_post_already_shared":true,"jetpack_social_options":{"image_generator_settings":{"template":"highway","enabled":false},"version":2}},"categories":[17],"tags":[],"class_list":["post-9788","post","type-post","status-publish","format-standard","has-post-thumbnail","hentry","category-deportes"],"jetpack_publicize_connections":[],"jetpack_featured_media_url":"https:\/\/i0.wp.com\/infolanus.com\/wp-content\/uploads\/2025\/07\/polemica-por-la-fiesta-de-lamine-yamal-lo-acusan-de-contratar-personas-con-enanismo-como-entretenimiento.jpg?fit=596%2C539&ssl=1","jetpack_sharing_enabled":true,"jetpack_shortlink":"https:\/\/wp.me\/p9QtMr-2xS","_links":{"self":[{"href":"https:\/\/infolanus.com\/index.php\/wp-json\/wp\/v2\/posts\/9788","targetHints":{"allow":["GET"]}}],"collection":[{"href":"https:\/\/infolanus.com\/index.php\/wp-json\/wp\/v2\/posts"}],"about":[{"href":"https:\/\/infolanus.com\/index.php\/wp-json\/wp\/v2\/types\/post"}],"author":[{"embeddable":true,"href":"https:\/\/infolanus.com\/index.php\/wp-json\/wp\/v2\/users\/2"}],"replies":[{"embeddable":true,"href":"https:\/\/infolanus.com\/index.php\/wp-json\/wp\/v2\/comments?post=9788"}],"version-history":[{"count":0,"href":"https:\/\/infolanus.com\/index.php\/wp-json\/wp\/v2\/posts\/9788\/revisions"}],"wp:featuredmedia":[{"embeddable":true,"href":"https:\/\/infolanus.com\/index.php\/wp-json\/wp\/v2\/media\/9789"}],"wp:attachment":[{"href":"https:\/\/infolanus.com\/index.php\/wp-json\/wp\/v2\/media?parent=9788"}],"wp:term":[{"taxonomy":"category","embeddable":true,"href":"https:\/\/infolanus.com\/index.php\/wp-json\/wp\/v2\/categories?post=9788"},{"taxonomy":"post_tag","embeddable":true,"href":"https:\/\/infolanus.com\/index.php\/wp-json\/wp\/v2\/tags?post=9788"}],"curies":[{"name":"wp","href":"https:\/\/api.w.org\/{rel}","templated":true}]}}