{"id":9829,"date":"2025-07-20T00:12:52","date_gmt":"2025-07-20T03:12:52","guid":{"rendered":"https:\/\/infolanus.com\/index.php\/2025\/07\/20\/santiago-lencina-y-una-noche-magica-que-siempre-recordara\/"},"modified":"2025-07-20T00:12:52","modified_gmt":"2025-07-20T03:12:52","slug":"santiago-lencina-y-una-noche-magica-que-siempre-recordara","status":"publish","type":"post","link":"https:\/\/infolanus.com\/index.php\/2025\/07\/20\/santiago-lencina-y-una-noche-magica-que-siempre-recordara\/","title":{"rendered":"Santiago Lencina y una noche m\u00e1gica que siempre recordar\u00e1"},"content":{"rendered":"<div class=\"media_block\"><\/div>\n<p><strong>Santiago Lencina,<\/strong> una de las figuras del partido entre <a target=\"_blank\" href=\"https:\/\/442.perfil.com\/noticias\/futbol\/river-marcelo-gallardo-viaja-a-cordoba-sin-juan-fernando-quintero.phtml\"><strong>River<\/strong><\/a> e Instituto se acordar\u00e1 siempre de este 19 de julio. Los motivos se resumen en haber convertido dos goles en la victoria por 4 a 0 de su equipo y en el marco de la segunda fecha del <strong>Torneo Apertura 2025.<\/strong><\/p>\n<p class=\"destacadoNota\"><a target=\"_blank\" href=\"https:\/\/442.perfil.com\/noticias\/futbol\/juanfer-quintero-vuelve-al-river-de-gallardo-la-ilusion-y-la-realidad.phtml\">La ilusi\u00f3n y la realidad en la vuelta de Juanfer Quintero al River de Gallardo<\/a><\/p>\n<p>Y es que <em><strong>el Millonario <\/strong><\/em>en el Mario Alberto Kempes dio muestras de autoridad en un once que fue comandado por el juvenil que pudo ganarle la espalda a sus rivales para empezar a festejar.&nbsp;<\/p>\n<p>Uno de sus socios en este partido evidentemente fue <strong>Maximiliano Salas<\/strong>, quien siempre encontr\u00f3 garant\u00eda en el pibe que pudo despacharse con nuevas celebraciones, las cuales le permitieron al equipo de <strong>Gallardo <\/strong>mantenerse en la cima de su zona.&nbsp;<\/p>\n<div>\n<figure class=\"image\"><img data-recalc-dims=\"1\" decoding=\"async\" alt=\"Lencina\" src=\"https:\/\/i0.wp.com\/fotos.perfil.com\/\/2025\/07\/20\/900\/0\/lencina-2064894.jpg?w=640&#038;ssl=1\" loading=\"lazy\"><figcaption>Lencina anot\u00f3 dos goles en el partido.<\/figcaption><\/figure>\n<\/div>\n<p>El oriundo de Chaco demostr\u00f3 que puede convertirse en una alternativa en medio de un plantel en donde hay algunas caras que el Mu\u00f1eco comenz\u00f3 a descartar.&nbsp;<\/p>\n<p>Al final del encuentro, el juvenil de 19 a\u00f1os dialog\u00f3 con los cronistas encargados de la transmisi\u00f3n oficial en un mano a mano en el que le consultaron su an\u00e1lisis sobre este juego. <strong>&#8220;Fue un d\u00eda so\u00f1ado. Desde chico que empec\u00e9 a jugar a f\u00fatbol,<\/strong> uno siempre sue\u00f1a con estos momentos\u201d, dijo.<\/p>\n<p><strong>\u201cEstoy muy feliz que hoy pude cumplir un sue\u00f1o que ten\u00eda de chiquito cuando llegu\u00e9 a River. <\/strong>Un saludo a toda la gente de mi pueblo, Corzuela, en Chaco&#8221;, cerr\u00f3.<\/p>\n<p>GM<\/p>\n<p> <!-- tags --> <\/p>\n","protected":false},"excerpt":{"rendered":"<p>Santiago Lencina, una de las figuras del partido entre River e Instituto se acordar\u00e1 siempre de este 19 de julio. Los motivos se resumen en haber convertido dos goles en la victoria por 4 a 0 de su equipo y en el marco de la segunda fecha del Torneo Apertura 2025. La ilusi\u00f3n y la [&hellip;]<\/p>\n","protected":false},"author":2,"featured_media":9830,"comment_status":"closed","ping_status":"closed","sticky":false,"template":"","format":"standard","meta":{"jetpack_post_was_ever_published":false,"_jetpack_newsletter_access":"","_jetpack_dont_email_post_to_subs":false,"_jetpack_newsletter_tier_id":0,"_jetpack_memberships_contains_paywalled_content":false,"_jetpack_memberships_contains_paid_content":false,"footnotes":"","jetpack_publicize_message":"","jetpack_publicize_feature_enabled":true,"jetpack_social_post_already_shared":true,"jetpack_social_options":{"image_generator_settings":{"template":"highway","enabled":false},"version":2}},"categories":[17],"tags":[],"class_list":["post-9829","post","type-post","status-publish","format-standard","has-post-thumbnail","hentry","category-deportes"],"jetpack_publicize_connections":[],"jetpack_featured_media_url":"https:\/\/i0.wp.com\/infolanus.com\/wp-content\/uploads\/2025\/07\/santiago-lencina-y-una-noche-magica-que-siempre-recordara.jpg?fit=900%2C1310&ssl=1","jetpack_sharing_enabled":true,"jetpack_shortlink":"https:\/\/wp.me\/p9QtMr-2yx","_links":{"self":[{"href":"https:\/\/infolanus.com\/index.php\/wp-json\/wp\/v2\/posts\/9829","targetHints":{"allow":["GET"]}}],"collection":[{"href":"https:\/\/infolanus.com\/index.php\/wp-json\/wp\/v2\/posts"}],"about":[{"href":"https:\/\/infolanus.com\/index.php\/wp-json\/wp\/v2\/types\/post"}],"author":[{"embeddable":true,"href":"https:\/\/infolanus.com\/index.php\/wp-json\/wp\/v2\/users\/2"}],"replies":[{"embeddable":true,"href":"https:\/\/infolanus.com\/index.php\/wp-json\/wp\/v2\/comments?post=9829"}],"version-history":[{"count":0,"href":"https:\/\/infolanus.com\/index.php\/wp-json\/wp\/v2\/posts\/9829\/revisions"}],"wp:featuredmedia":[{"embeddable":true,"href":"https:\/\/infolanus.com\/index.php\/wp-json\/wp\/v2\/media\/9830"}],"wp:attachment":[{"href":"https:\/\/infolanus.com\/index.php\/wp-json\/wp\/v2\/media?parent=9829"}],"wp:term":[{"taxonomy":"category","embeddable":true,"href":"https:\/\/infolanus.com\/index.php\/wp-json\/wp\/v2\/categories?post=9829"},{"taxonomy":"post_tag","embeddable":true,"href":"https:\/\/infolanus.com\/index.php\/wp-json\/wp\/v2\/tags?post=9829"}],"curies":[{"name":"wp","href":"https:\/\/api.w.org\/{rel}","templated":true}]}}